{"id":98462,"date":"2013-12-21T18:36:55","date_gmt":"2013-12-21T18:36:55","guid":{"rendered":"http:\/\/diariodominicano.ddns.net\/?p=98462"},"modified":"2013-12-21T18:36:55","modified_gmt":"2013-12-21T18:36:55","slug":"experta-dominicana-pide-a-la-oea-dinamizar-mas-la-cooperacion-al-desarrollo","status":"publish","type":"post","link":"https:\/\/diariodominicano.com\/?p=98462","title":{"rendered":"Experta dominicana pide a  la OEA dinamizar m\u00e1s la cooperaci\u00f3n al desarrollo"},"content":{"rendered":"<p><body><\/p>\n<p><img decoding=\"async\" src=\"img3\/america.jpg\" \/>  <\/p>\n<p><span class=\"text1noticias\">Santo Domingo, RD, 21 de Diciembre.-La presidenta de la Agencia Interamericana para la Cooperaci\u00f3n y el Desarrollo (AICD) de la Organizaci\u00f3n de Estados Americanos, la dominicana Am\u00e9rica Bastidas Casta\u00f1edas, considera que la OEA est\u00e1 llamada a desempe\u00f1ar un rol m\u00e1s din\u00e1mico para la cooperaci\u00f3n multilateral al desarrollo.<\/span><\/p>\n<\/p>\n<p><span class=\"text1noticias\">Bastidas Casta\u00f1edas, asesora de Asuntos Multilaterales del Ministerio de Econom\u00eda, Planificaci\u00f3n y Desarrollo (MEPyD), habl\u00f3 al ser recibida en una presentaci\u00f3n ante el Consejo Interamericano para el Desarrollo Integral, en Washington, inform\u00f3 este jueves la Unidad de Comunicaciones del Ministerio.<\/span><\/p>\n<\/p>\n<p><span class=\"text1noticias\">\u00abPara la cooperaci\u00f3n regional de la OEA, los pa\u00edses de Am\u00e9rica Latina y el Caribe siguen siendo prioridad\u00bb, a diferencia de otras organizaciones, agreg\u00f3 la funcionaria.<\/span><\/p>\n<\/p>\n<p><span class=\"text1noticias\">Asumi\u00f3 el cargo hace un mes por un a\u00f1o y propuso para su mandato  impulsar el rol coordinador y facilitador del Consejo Interamericano para el Desarrollo para la gesti\u00f3n del Plan Estrat\u00e9gico de la Cooperaci\u00f3n Solidaria.<\/span><\/p>\n<\/p>\n<p><span class=\"text1noticias\">Tambi\u00e9n asumir el mandato de fortalecer tanto el Consejo como la Agencia de cooperaci\u00f3n y revisar el plan propuesto en el 2012, que incluy\u00f3 tanto el Plan de Trabajo de la Junta directiva de la Agencia como las contribuciones al Plan Estrat\u00e9gico de Cooperaci\u00f3n Solidaria. <\/span><\/p>\n<\/p>\n<p><span class=\"text1noticias\">Asimismo inst\u00f3 a hacer \u00abapuestas estrat\u00e9gicas\u00bb como definir las \u00e1reas de concentraci\u00f3n de cooperaci\u00f3n de desarrollo integral y estudiar la propuesta de modificaci\u00f3n de Fondo Especial Multilateral del Consejo.<\/span><\/p>\n<\/p>\n<p><span class=\"text1noticias\">Adem\u00e1s establecer el alcance del fortalecimiento del Consejo y una posible modificaci\u00f3n de la agencia, instituir que la contraparte nacional de la cooperaci\u00f3n para el desarrollo del Consejo y de la Agencia sean los responsables de cooperaci\u00f3n de los respectivos pa\u00edses.<\/span><\/p>\n<\/p>\n<p><span class=\"text1noticias\">Expres\u00f3 que \u00abestamos en la mejor disposici\u00f3n de atender a su mandato para coadyuvar que en este corto per\u00edodo de un a\u00f1o podamos hacer sinergia con el trabajo\u00bb del CIDI.<\/span><\/p>\n<\/p>\n<p><span class=\"text1noticias\">El Consejo escuch\u00f3 tambi\u00e9n el informe de fin de a\u00f1o de la secretaria ejecutiva para el Desarrollo Integral, Sherry Tross, y acogi\u00f3 los informes de los presidentes de las comisiones permanentes y de los grupos de trabajo del Consejo.(HG)<\/span>.<\/p>\n<h6> 2013-12-21 18:36:55 <\/h6>\n<p><!--\n<link rel=\"stylesheet\" href=\"css\/bootstrap.min.css\">\n\n\n<ul class=\"pagination\">\n\t    \n\t\n\n<li >\n\t<a href='?page_no=14016'>Previous<\/a>\n\t<\/li>\n\n\n       \n    \n\n<li><a href='?page_no=1'>1<\/a><\/li>\n\n\n\n<li><a href='?page_no=2'>2<\/a><\/li>\n\n\n\n<li><a>...<\/a><\/li>\n\n\n\n<li><a href='?page_no=14015'>14015<\/a><\/li>\n\n\n\n<li><a href='?page_no=14016'>14016<\/a><\/li>\n\n\n\n<li class='active'><a>14017<\/a><\/li>\n\n\n\n<li><a href='?page_no=14018'>14018<\/a><\/li>\n\n\n\n<li><a href='?page_no=14019'>14019<\/a><\/li>\n\n\n\n<li><a>...<\/a><\/li>\n\n\n\n<li><a href='?page_no=30472'>30472<\/a><\/li>\n\n\n\n<li><a href='?page_no=30473'>30473<\/a><\/li>\n\n    \n\t\n\n<li >\n\t<a href='?page_no=14018'>Next<\/a>\n\t<\/li>\n\n\n    \n\n<li><a href='?page_no=30473'>Last &rsaquo;&rsaquo;<\/a><\/li>\n\n<\/ul>\n\n\n--><br \/>\n<\/body><\/p>\n","protected":false},"excerpt":{"rendered":"<p>Santo Domingo, RD, 21 de Diciembre.-La presidenta de la Agencia Interamericana para la Cooperaci\u00f3n y el Desarrollo (AICD) de la Organizaci\u00f3n de Estados Americanos, la dominicana Am\u00e9rica Bastidas Casta\u00f1edas, considera que la OEA est\u00e1 llamada a desempe\u00f1ar un rol m\u00e1s din\u00e1mico para la cooperaci\u00f3n multilateral al desarrollo. Bastidas Casta\u00f1edas, asesora de Asuntos Multilaterales del Ministerio [&hellip;]<\/p>\n","protected":false},"author":3,"featured_media":0,"comment_status":"open","ping_status":"open","sticky":false,"template":"","format":"standard","meta":{"footnotes":""},"categories":[18],"tags":[],"class_list":["post-98462","post","type-post","status-publish","format-standard","hentry","category-economia"],"_links":{"self":[{"href":"https:\/\/diariodominicano.com\/index.php?rest_route=\/wp\/v2\/posts\/98462","targetHints":{"allow":["GET"]}}],"collection":[{"href":"https:\/\/diariodominicano.com\/index.php?rest_route=\/wp\/v2\/posts"}],"about":[{"href":"https:\/\/diariodominicano.com\/index.php?rest_route=\/wp\/v2\/types\/post"}],"author":[{"embeddable":true,"href":"https:\/\/diariodominicano.com\/index.php?rest_route=\/wp\/v2\/users\/3"}],"replies":[{"embeddable":true,"href":"https:\/\/diariodominicano.com\/index.php?rest_route=%2Fwp%2Fv2%2Fcomments&post=98462"}],"version-history":[{"count":0,"href":"https:\/\/diariodominicano.com\/index.php?rest_route=\/wp\/v2\/posts\/98462\/revisions"}],"wp:attachment":[{"href":"https:\/\/diariodominicano.com\/index.php?rest_route=%2Fwp%2Fv2%2Fmedia&parent=98462"}],"wp:term":[{"taxonomy":"category","embeddable":true,"href":"https:\/\/diariodominicano.com\/index.php?rest_route=%2Fwp%2Fv2%2Fcategories&post=98462"},{"taxonomy":"post_tag","embeddable":true,"href":"https:\/\/diariodominicano.com\/index.php?rest_route=%2Fwp%2Fv2%2Ftags&post=98462"}],"curies":[{"name":"wp","href":"https:\/\/api.w.org\/{rel}","templated":true}]}}