{"id":98460,"date":"2013-12-21T19:28:38","date_gmt":"2013-12-21T19:28:38","guid":{"rendered":"http:\/\/diariodominicano.ddns.net\/?p=98460"},"modified":"2013-12-21T19:28:38","modified_gmt":"2013-12-21T19:28:38","slug":"medina-inaugura-westin-puntacana-resort-club-generara-cientos-de-empleos","status":"publish","type":"post","link":"https:\/\/diariodominicano.com\/?p=98460","title":{"rendered":"Medina inaugura Westin Puntacana Resort &amp; Club; generar\u00e1 cientos de empleos"},"content":{"rendered":"<p><body><\/p>\n<p><img decoding=\"async\" src=\"img3\/danilo.jpg\" \/>  <\/p>\n<p><span class=\"text1noticias\">PUNTA CANA, La Altagracia, RD, 21 de diciembre.-El presidente Danilo Medina inaugur\u00f3 hoy aqu\u00ed el hotel The Westin Puntacana Resort &amp; Club del Grupo Puntacana, construido a un costo de 2 mil 500 millones de pesos, el  cual generar\u00e1 cientos empleos.<\/span><\/p>\n<\/p>\n<p><span class=\"text1noticias\">El complejo hotelero cuenta con 200 habitaciones de lujo y suites que lo convierten, seg\u00fan sus propietarios, en el principal hotel no todo incluido m\u00e1s importante de la zona.<\/span><\/p>\n<\/p>\n<p><span class=\"text1noticias\">Junto al presidente Medina compartieron espacio en la mesa principal los ministros Administrativo de la Presidencia, Turismo y de Obras P\u00fablicas, Jos\u00e9 Ram\u00f3n Peralta, Francisco Javier Garc\u00eda y Gonzalo Castillo, respectivamente, as\u00ed como la presidenta del Consejo de Administraci\u00f3n del Grupo Punta Cana, Haid\u00e9e Kuret de Rainieri, el empreario Frank Rainieri y la se\u00f1ora Alison Reid.<\/span><\/p>\n<\/p>\n<p><span class=\"text1noticias\">Asimismo, monse\u00f1or Gregorio Nicanor Pe\u00f1a Rodr\u00edguez, obispo de La Altagracia, quien bendijo la obra; el senador Amable Aristy Castro; ArnoldJacobs, el dise\u00f1ador Oscar de la Renta, presidente del Consejo de Administraci\u00f3n del Grupo Puntacana; Robert Kheel; el gobernador de la provincia, Ram\u00f3n G\u00fcilamo y Dave Marr.<\/span><\/p>\n<\/p>\n<p><span class=\"text1noticias\">Las palabras centrales estuvieron a cargo de la se\u00f1ora Hayd\u00e9e de Rainieri,  del ministro de Turismo y Alberto Abreu, director ejecutivo de hospitalidad de Puntacana Resort &amp; Club.<\/span><\/p>\n<\/p>\n<p><strong><span class=\"text1noticias\">Grupo Puntacana <\/span><\/strong><\/p>\n<\/p>\n<p><span class=\"text1noticias\">La presidenta del Consejo de Administraci\u00f3n del Grupo Puntacana, agradeci\u00f3 la presencia del mandatario y dijo que el hotel fue construido en menos de doce meses, con el compromiso de que contara con los est\u00e1ndares de calidad de esa empresa.<\/span><\/p>\n<\/p>\n<p><span class=\"text1noticias\">Afirm\u00f3 que The Westin Puntacana Resort &amp; Club, generar\u00e1 cientos de empleos directos e indirectos.<\/span><\/p>\n<\/p>\n<p><span class=\"text1noticias\">En ese orden, pidi\u00f3 mayor agilidad en la tramitaci\u00f3n y expedici\u00f3n de los permisos para poder competir tur\u00edsticamente con otras naciones y as\u00ed alcanzar la competitividad que ese sector requiere.<\/span><\/p>\n<\/p>\n<p><span class=\"text1noticias\">Kuret de Rainieri anunci\u00f3 que otras empresas est\u00e1n buscando nuevas inversiones en el \u00e1rea tur\u00edstica. Resalt\u00f3 que en el caso del Grupo Puntacana, ya est\u00e1 en dise\u00f1o otro proyecto.<\/span><\/p>\n<\/p>\n<p><strong> <\/strong><\/p>\n<p><strong><span class=\"text1noticias\">Turismo crece 11% en la zona<\/span><\/strong><\/p>\n<\/p>\n<p><span class=\"text1noticias\">La presidenta del Grupo Puntacana dijo que el turismo en la zona aument\u00f3 este a\u00f1o un once por ciento, cifra que se incrementar\u00e1 con la reciente inauguraci\u00f3n por parte del presidente Danilo Medina del Bulevar Tur\u00edstico, compuesto por la Avenida del Coral y las v\u00edas de interconexi\u00f3n, que coloca a los turistas en la capital en menos de dos horas.<\/span><\/p>\n<\/p>\n<p><span class=\"text1noticias\">Ministro de Turismo: Danilo Medina cumpli\u00f3 todo lo que prometi\u00f3 en 2013<\/span><\/p>\n<p><span class=\"text1noticias\">De su lado, el ministro de Turismo manifest\u00f3 que en t\u00e9rmino tur\u00edstico, el 2013 ha sido un a\u00f1o excepcional, a pesar de las turbulencias que sacuden al mundo.<\/span><\/p>\n<\/p>\n<p><span class=\"text1noticias\">Indic\u00f3 que en el orden tur\u00edstico, el presidente Medina ha cumplido todo lo que prometi\u00f3 y valor\u00f3 como positivas las iniciativas para incentivar el turismo dominicano.<\/span><\/p>\n<\/p>\n<p><span class=\"text1noticias\">Asegur\u00f3 que la regi\u00f3n Este ha experimentado la mayor inversi\u00f3n en la industria tur\u00edstica de todo el pa\u00eds como la inauguraci\u00f3n de numerosas instalaciones como la avenida del Coral, la Circunvalaci\u00f3n de San Pedro de Macor\u00eds y la ampliaci\u00f3n del Bulevar Tur\u00edstico del Este.<\/span><\/p>\n<\/p>\n<p><span class=\"text1noticias\">En ese orden, felicit\u00f3 al presidente Medina y afirm\u00f3 que en una \u00faltima encuesta que recibi\u00f3, el mandatario cuenta con una popularidad del 90 por ciento, que lo convierten en el mejor valorado y el mejor visto de toda la Am\u00e9rica Latina.<\/span><\/p>\n<\/p>\n<p><span class=\"text1noticias\">Al final del acto, el presidente Medina realiz\u00f3 un recorrido por el hotel, acompa\u00f1ado de sus propietarios, Frank Rainieri y su esposa Hayd\u00e9e, quienes le dieron explicaciones sobre las nuevas instalaciones.(HG)<\/span>.<\/p>\n<h6> 2013-12-21 19:28:38 <\/h6>\n<p><!--\n<link rel=\"stylesheet\" href=\"css\/bootstrap.min.css\">\n\n\n<ul class=\"pagination\">\n\t    \n\t\n\n<li >\n\t<a href='?page_no=14014'>Previous<\/a>\n\t<\/li>\n\n\n       \n    \n\n<li><a href='?page_no=1'>1<\/a><\/li>\n\n\n\n<li><a href='?page_no=2'>2<\/a><\/li>\n\n\n\n<li><a>...<\/a><\/li>\n\n\n\n<li><a href='?page_no=14013'>14013<\/a><\/li>\n\n\n\n<li><a href='?page_no=14014'>14014<\/a><\/li>\n\n\n\n<li class='active'><a>14015<\/a><\/li>\n\n\n\n<li><a href='?page_no=14016'>14016<\/a><\/li>\n\n\n\n<li><a href='?page_no=14017'>14017<\/a><\/li>\n\n\n\n<li><a>...<\/a><\/li>\n\n\n\n<li><a href='?page_no=30472'>30472<\/a><\/li>\n\n\n\n<li><a href='?page_no=30473'>30473<\/a><\/li>\n\n    \n\t\n\n<li >\n\t<a href='?page_no=14016'>Next<\/a>\n\t<\/li>\n\n\n    \n\n<li><a href='?page_no=30473'>Last &rsaquo;&rsaquo;<\/a><\/li>\n\n<\/ul>\n\n\n--><br \/>\n<\/body><\/p>\n","protected":false},"excerpt":{"rendered":"<p>PUNTA CANA, La Altagracia, RD, 21 de diciembre.-El presidente Danilo Medina inaugur\u00f3 hoy aqu\u00ed el hotel The Westin Puntacana Resort &amp; Club del Grupo Puntacana, construido a un costo de 2 mil 500 millones de pesos, el cual generar\u00e1 cientos empleos. El complejo hotelero cuenta con 200 habitaciones de lujo y suites que lo convierten, [&hellip;]<\/p>\n","protected":false},"author":3,"featured_media":0,"comment_status":"open","ping_status":"open","sticky":false,"template":"","format":"standard","meta":{"footnotes":""},"categories":[18],"tags":[],"class_list":["post-98460","post","type-post","status-publish","format-standard","hentry","category-economia"],"_links":{"self":[{"href":"https:\/\/diariodominicano.com\/index.php?rest_route=\/wp\/v2\/posts\/98460","targetHints":{"allow":["GET"]}}],"collection":[{"href":"https:\/\/diariodominicano.com\/index.php?rest_route=\/wp\/v2\/posts"}],"about":[{"href":"https:\/\/diariodominicano.com\/index.php?rest_route=\/wp\/v2\/types\/post"}],"author":[{"embeddable":true,"href":"https:\/\/diariodominicano.com\/index.php?rest_route=\/wp\/v2\/users\/3"}],"replies":[{"embeddable":true,"href":"https:\/\/diariodominicano.com\/index.php?rest_route=%2Fwp%2Fv2%2Fcomments&post=98460"}],"version-history":[{"count":0,"href":"https:\/\/diariodominicano.com\/index.php?rest_route=\/wp\/v2\/posts\/98460\/revisions"}],"wp:attachment":[{"href":"https:\/\/diariodominicano.com\/index.php?rest_route=%2Fwp%2Fv2%2Fmedia&parent=98460"}],"wp:term":[{"taxonomy":"category","embeddable":true,"href":"https:\/\/diariodominicano.com\/index.php?rest_route=%2Fwp%2Fv2%2Fcategories&post=98460"},{"taxonomy":"post_tag","embeddable":true,"href":"https:\/\/diariodominicano.com\/index.php?rest_route=%2Fwp%2Fv2%2Ftags&post=98460"}],"curies":[{"name":"wp","href":"https:\/\/api.w.org\/{rel}","templated":true}]}}