{"id":98459,"date":"2013-12-22T04:19:33","date_gmt":"2013-12-22T04:19:33","guid":{"rendered":"http:\/\/diariodominicano.ddns.net\/?p=98459"},"modified":"2013-12-22T04:19:33","modified_gmt":"2013-12-22T04:19:33","slug":"discurso-de-haydee-kuret-de-rainieri-durante-la-inauguracion-del-the-westin-puntacana-resort-club","status":"publish","type":"post","link":"https:\/\/diariodominicano.com\/?p=98459","title":{"rendered":"&#13;Discurso de Hayd\u00e9e Kuret  de Rainieri durante la inauguraci\u00f3n del The Westin Puntacana Resort &amp; Club"},"content":{"rendered":"<p><body><\/p>\n<p><img decoding=\"async\" src=\"img3\/unnamed44.jpg\" \/><br \/><img decoding=\"async\" src=\"img3\/unnamed000.jpg\" \/>  <\/p>\n<\/p>\n<p><span class=\"text1noticias\">Muy Buenos D\u00edas: <\/span><\/p>\n<p><span class=\"text1noticias\">Excelent\u00edsimo Se\u00f1or Presidente, Lic. Danilo Medina <\/span><\/p>\n<p><span class=\"text1noticias\">Se\u00f1ores Ministros de Turismo, Obras P\u00fablicas y Administrativo de la Presidencia, Francisco Javier Garcia, Gonzalo Castillo y <\/span><\/p>\n<p><span class=\"text1noticias\">Jos\u00e9 Ram\u00f3n Peralta <\/span><\/p>\n<p><span class=\"text1noticias\">Monse\u00f1or Nicanor Pe\u00f1a <\/span><\/p>\n<p><span class=\"text1noticias\">Se\u00f1ores de la Mesa de Honor <\/span><\/p>\n<p><span class=\"text1noticias\">Se\u00f1ores Miembros del Congreso <\/span><\/p>\n<p><span class=\"text1noticias\">Se\u00f1ores Embajadores <\/span><\/p>\n<p><span class=\"text1noticias\">Se\u00f1ores Vicepresidentes de Starwood <\/span><\/p>\n<p><span class=\"text1noticias\">Amigos todos <\/span><\/p>\n<\/p>\n<p><span class=\"text1noticias\">Perm\u00edtanme iniciar agradeciendo a todos y cada uno de ustedes, su presencia en esta ma\u00f1ana para acompa\u00f1arnos en esta festiva ocasi\u00f3n, y dar gracias a Dios por lo logrado y lo por lograr. Y agradecer a mis compa\u00f1eros y colaboradores, a mi familia ymuy especialmente a mi esposo Frank, por haberme soportado estos \u00faltimos 45 d\u00edas. <\/span><\/p>\n<\/p>\n<p><span class=\"text1noticias\">Aunque Dios me ha regalado el don de la palabra y gran facilidad para expresar mis pensamientos, en ocasiones importantes o especiales, acostumbro a escribir lo que voy a decir. Sin embargo, y a pesar de ser \u00e9sta una de esas ocasiones, me cost\u00f3 mucho trabajo hacerlo. Quiz\u00e1s porque el tiempo me arrop\u00f3 o quiz\u00e1s, y creo que se ajusta mejor a la realidad, porque hay mucha emotividad. <\/span><\/p>\n<p><span class=\"text1noticias\">Hace un a\u00f1o, cuando dimos el primer palazo de esta obra, sab\u00edamos que ten\u00edamos menos de doce meses para concluirla y que ser\u00eda un esfuerzo tit\u00e1nico lograrlo bajo los est\u00e1ndares de calidad del Grupo Puntacana. Sab\u00edamos que depend\u00edamos no s\u00f3lo de la profesionalidad del equipo de constructores y suplidores que escogi\u00e9ramos sino tambi\u00e9n y sobre todo, de la dedicaci\u00f3n y entrega de \u00e9stos. No nos equivocamos al escoger y hoy estamos inaugurando El WestinPuntacana Resort &amp; Club gracias al trabajo arduo, serio y responsable de un equipo que se uni\u00f3 y con mucha pasi\u00f3n dio lo mejor de s\u00ed. Diana Dalmasy y Asocs., Imbert Dominguez, Inica, AIS Electricidad, Arte M\u00e1rmol, Cima, Acuario, Garda Comercial, Trackssa, Impermeabilizadora Internacional, Casa del Acero, Casa Mobel, Crafto, SpectroLighting, Caribbean Art, Inversiones Canddec, Altron, Aurora S.A., Maria Alejandra Varela, NorioMatsunaga, junto al equipo de Ingenieria, Arquitectura, Hospitalidad, Log\u00edstica, Inform\u00e1tica, Gesti\u00f3n Humana, Comunicaciones, Relaciones P\u00fablicas y Mercadeo y Finanzas de Grupo Puntacana, conformaron el equipo so\u00f1ado que ha hecho posible esta obra. Al BHD y al Banco Popular que nos apoyaron y confiaron en nosotros. A todos, gracias. Gracias del alma por su entrega, paciencia, comprensi\u00f3n y arduo trabajo. <\/span><\/p>\n<\/p>\n<p><span class=\"text1noticias\">Pienso que ten\u00edamos una especie de velo que nos imped\u00eda ver los obst\u00e1culos. Mientras los que ven\u00edan pensaban que no ser\u00eda posible abrir en la fecha designada, nosotros, desde adentro, nunca lo dudamos. Creo que cuando hay voluntad y decisi\u00f3n, trabajo y compromiso, los seres humanos hacen posible lo imposible. <\/span><\/p>\n<\/p>\n<p><span class=\"text1noticias\">Y esa ha sido la historia de Grupo Puntacana: hacer realidad lo que para muchos s\u00f3lo eran sue\u00f1os y quimeras. <\/span><\/p>\n<\/p>\n<p><span class=\"text1noticias\">Hoy llenamos otra etapa de nuestra historia. Una historia de trabajo, responsabilidad y respeto hacia nuestro pa\u00eds, hacia nosotros mismos y hacia todos aquellos que han confiado en nosotros invirtiendo en nuestros proyectos y desarrollos. <\/span><\/p>\n<\/p>\n<p><span class=\"text1noticias\">Este nuevo proyecto de Grupo Puntacana sobrepasa los 2,600 millones de pesos de inversi\u00f3n; realizada en menos de 12 meses, gener\u00f3 m\u00e1s mil empleos directos e indirectos, y el uso de materiales locales y empresas nacionales que suplieron muchas de las necesidades de este hotel. Ya en operaci\u00f3n, el hotel seguir\u00e1 siendo fuente de generaci\u00f3n de empleos de calidad, y crear\u00e1 una importante demanda de productos y servicios que impulsar\u00e1n la industria nacional. <\/span><\/p>\n<\/p>\n<p><span class=\"text1noticias\">Con mucho orgullo hoy inauguramos TheWestinPuntacana Resort &amp; Club, nuestro segundo proyecto bajo la marca Starwood. Con 200 habitaciones que cumplen los est\u00e1ndares superiores de calidad de Starwood, todas mirando al mar, dos restaurantes, \u00e1rea para ni\u00f1os y como algo muy especial y no usual en los hoteles de Starwood, obtuvimos el permiso para el Don KekoCigar and Rum Bar donde con mucho orgullo promocionaremos nuestra industria del tabaco y del ron, ambas entre las mejores del mundo. <\/span><\/p>\n<\/p>\n<p><span class=\"text1noticias\">Una vez m\u00e1s repetimos: Grupo Puntacana cree en nuestro pa\u00eds, cree en nuestra gente y cree en la industria tur\u00edstica dominicana. <\/span><\/p>\n<\/p>\n<p><span class=\"text1noticias\">La industria tur\u00edstica es una industria de alta y r\u00e1pida inversi\u00f3n, una industria de capital intenso que requiere el apoyo y la comprensi\u00f3n de las autoridades y la poblaci\u00f3n. En nuestra industria, abrir en mayo en lugar de diciembre, no significa perder cuatro meses, significa perder la temporada alta. Es por ello que no nos cansamos de repetir que necesitamos agilidad en los permisos y eficiencia en los procesos de escritorio. <\/span><\/p>\n<\/p>\n<p><span class=\"text1noticias\">Competimos con el mundo, y lo hacemos de igual a igual con pa\u00edses desarrollados y pa\u00edses en desarrollo, con islas y continentes, con climas, idiomas y costumbres diferentes, porque somos una industria mundial y es por ello que ser\u00eda imposible continuar el desarrollo tur\u00edstico del pa\u00eds sin una ley de promoci\u00f3n y competitividad tur\u00edstica. Quiero, en nombre de nuestra industria, dar las gracias a los Miembros del Senado y de la C\u00e1mara de Diputados, por la reciente aprobaci\u00f3n de la ley de promoci\u00f3n y competitividad tur\u00edstica incluyente. Y a usted, Se\u00f1or Presidente, por promulgarla. Ya hay varias empresas en nuestra zona, comprometidas con iniciar nuevos proyectos el pr\u00f3ximo a\u00f1o y nosotros ya estamos contemplando nuestra pr\u00f3xima inversi\u00f3n. <\/span><\/p>\n<\/p>\n<p><span class=\"text1noticias\">A pesar de no haber tenido la seguridad de esta ley que promueve y refuerza nuestra competitividad, en los \u00faltimos 18 meses en la zona de Punta Cana ? B\u00e1varo, el sector privado ha invertido m\u00e1s de 17,000 millones de pesos en la remodelaci\u00f3n de hoteles. Estamos conscientes de que nuestro producto tiene que mantener su competitividad, manteniendo la calidad de las instalaciones y la calidad en el servicio. Estas inversiones se han reflejado en la llegada de turistas a la zona, cuyo n\u00famero ha crecido en un 11% en los \u00faltimos 6 meses. <\/span><\/p>\n<p><span class=\"text1noticias\">Este ha sido un a\u00f1o especial para la zona de Punta Cana &#8211; B\u00e1varo. Estamos de fiesta con la reciente inauguraci\u00f3n del Boulevard Tur\u00edstico y la Autov\u00eda del Coral. Gracias, Se\u00f1or Presidente. Con ello se demostrar\u00e1 que el supuesto aislamiento de los turistas en los enclaves hoteleros es una falacia, los turistas no sal\u00edan simplemente porque no exist\u00edan las condiciones adecuadas para ello. <\/span><\/p>\n<\/p>\n<p><span class=\"text1noticias\">\u00abPunta Cana all\u00ed mismo\u00bb es ya una realidad. A menos de dos horas de Santo Domingo, nuestros visitantes tendr\u00e1n la oportunidad de desplazarse hasta la ciudad Primada de Am\u00e9rica y con ello esperamos que haya mayor entendimiento de la industria tur\u00edstica. Que con la visita de cientos de miles de turistas a la ciudad de Santo Domingo, se aprenda a defender y proteger la industria tur\u00edstica como lo hacemos en esta zona, y entenderla como la gran generadora de empleos y motor de desarrollo de la econom\u00eda. <\/span><\/p>\n<\/p>\n<p><span class=\"text1noticias\">Aprendamos a verla como lo que es: la industria de todos. <\/span><\/p>\n<\/p>\n<p><span class=\"text1noticias\">Muchas gracias<\/span><\/p>\n<\/p>\n<\/p>\n<\/p>\n<h6> 2013-12-22 04:19:33 <\/h6>\n<p><!--\n<link rel=\"stylesheet\" href=\"css\/bootstrap.min.css\">\n\n\n<ul class=\"pagination\">\n\t    \n\t\n\n<li >\n\t<a href='?page_no=14013'>Previous<\/a>\n\t<\/li>\n\n\n       \n    \n\n<li><a href='?page_no=1'>1<\/a><\/li>\n\n\n\n<li><a href='?page_no=2'>2<\/a><\/li>\n\n\n\n<li><a>...<\/a><\/li>\n\n\n\n<li><a href='?page_no=14012'>14012<\/a><\/li>\n\n\n\n<li><a href='?page_no=14013'>14013<\/a><\/li>\n\n\n\n<li class='active'><a>14014<\/a><\/li>\n\n\n\n<li><a href='?page_no=14015'>14015<\/a><\/li>\n\n\n\n<li><a href='?page_no=14016'>14016<\/a><\/li>\n\n\n\n<li><a>...<\/a><\/li>\n\n\n\n<li><a href='?page_no=30472'>30472<\/a><\/li>\n\n\n\n<li><a href='?page_no=30473'>30473<\/a><\/li>\n\n    \n\t\n\n<li >\n\t<a href='?page_no=14015'>Next<\/a>\n\t<\/li>\n\n\n    \n\n<li><a href='?page_no=30473'>Last &rsaquo;&rsaquo;<\/a><\/li>\n\n<\/ul>\n\n\n--><br \/>\n<\/body><\/p>\n","protected":false},"excerpt":{"rendered":"<p>Muy Buenos D\u00edas: Excelent\u00edsimo Se\u00f1or Presidente, Lic. Danilo Medina Se\u00f1ores Ministros de Turismo, Obras P\u00fablicas y Administrativo de la Presidencia, Francisco Javier Garcia, Gonzalo Castillo y Jos\u00e9 Ram\u00f3n Peralta Monse\u00f1or Nicanor Pe\u00f1a Se\u00f1ores de la Mesa de Honor Se\u00f1ores Miembros del Congreso Se\u00f1ores Embajadores Se\u00f1ores Vicepresidentes de Starwood Amigos todos Perm\u00edtanme iniciar agradeciendo a todos [&hellip;]<\/p>\n","protected":false},"author":3,"featured_media":0,"comment_status":"open","ping_status":"open","sticky":false,"template":"","format":"standard","meta":{"footnotes":""},"categories":[18],"tags":[],"class_list":["post-98459","post","type-post","status-publish","format-standard","hentry","category-economia"],"_links":{"self":[{"href":"https:\/\/diariodominicano.com\/index.php?rest_route=\/wp\/v2\/posts\/98459","targetHints":{"allow":["GET"]}}],"collection":[{"href":"https:\/\/diariodominicano.com\/index.php?rest_route=\/wp\/v2\/posts"}],"about":[{"href":"https:\/\/diariodominicano.com\/index.php?rest_route=\/wp\/v2\/types\/post"}],"author":[{"embeddable":true,"href":"https:\/\/diariodominicano.com\/index.php?rest_route=\/wp\/v2\/users\/3"}],"replies":[{"embeddable":true,"href":"https:\/\/diariodominicano.com\/index.php?rest_route=%2Fwp%2Fv2%2Fcomments&post=98459"}],"version-history":[{"count":0,"href":"https:\/\/diariodominicano.com\/index.php?rest_route=\/wp\/v2\/posts\/98459\/revisions"}],"wp:attachment":[{"href":"https:\/\/diariodominicano.com\/index.php?rest_route=%2Fwp%2Fv2%2Fmedia&parent=98459"}],"wp:term":[{"taxonomy":"category","embeddable":true,"href":"https:\/\/diariodominicano.com\/index.php?rest_route=%2Fwp%2Fv2%2Fcategories&post=98459"},{"taxonomy":"post_tag","embeddable":true,"href":"https:\/\/diariodominicano.com\/index.php?rest_route=%2Fwp%2Fv2%2Ftags&post=98459"}],"curies":[{"name":"wp","href":"https:\/\/api.w.org\/{rel}","templated":true}]}}