{"id":98456,"date":"2013-12-22T15:05:02","date_gmt":"2013-12-22T15:05:02","guid":{"rendered":"http:\/\/diariodominicano.ddns.net\/?p=98456"},"modified":"2013-12-22T15:05:02","modified_gmt":"2013-12-22T15:05:02","slug":"estudiantes-de-la-jornada-extendida-recibirian-alimentos-durante-los-dias-de-vacaciones","status":"publish","type":"post","link":"https:\/\/diariodominicano.com\/?p=98456","title":{"rendered":"&#13;Estudiantes de la Jornada Extendida recibir\u00edan alimentos durante los d\u00edas de vacaciones"},"content":{"rendered":"<p><body><\/p>\n<p><img decoding=\"async\" src=\"http:\/\/localhost:8080\/economia\/img3\/llano.jpg\" \/><br \/><img decoding=\"async\" src=\"img3\/medina.jpg\" \/><br \/><img decoding=\"async\" src=\"img3\/adriano.jpg\" \/>  <\/p>\n<p><span class=\"text1noticias\">EL LLANO, ELIAS PI\u00d1A, 22 de Diciembre (DICOM).- El presidente Danilo Medina anunci\u00f3 que el gobierno est\u00e1 haciendo arreglos para que a los estudiantes que reciben desayuno y almuerzo en la Tanda Extendida, se les siga entregando esos alimentos en las escuelas durante las vacaciones.<\/span><\/p>\n<\/p>\n<p><span class=\"text1noticias\">El mandatario, quien centr\u00f3 sus palabras en la educaci\u00f3n y el programa de alfabetizaci\u00f3n durante sus encuentros con productores de El Llano y Puerto Escondido, esta \u00faltima poblaci\u00f3n perteneciente a la provincia Independencia, habl\u00f3 de los esfuerzos que realiza el gobierno para eliminar el analfabetismo mediante la programa \u00abQuisqueya Aprende Contigo\u00bb, exhort\u00e1ndolos a que se inscriban en los n\u00facleos para que se alfabeticen, porque \u00abel que no sabe leer ni escribir, tiene la mitad de su vida enterrada\u00bb.<\/span><\/p>\n<\/p>\n<p><span class=\"text1noticias\">Anunci\u00f3 que \u00abQuisqueya Aprende Contigo\u00bb ha certificado a las primeras 80 mil personas que ya saben leer y escribir. \u00abAhora vamos con una graduaci\u00f3n simb\u00f3lica el d\u00eda 7 (de enero venidero), donde podamos graduar a 150 o 200 mil m\u00e1s, y entonces terminar este proceso, que el pa\u00eds ya no tenga personas que no saben leer ni escribir\u00bb.<\/span><\/p>\n<\/p>\n<p><span class=\"text1noticias\">Llam\u00f3 a los padres a que permitan que sus hijos estudien, porque tener una profesi\u00f3n se convierte en un seguro de vida para el futuro.<\/span><\/p>\n<\/p>\n<p><span class=\"text1noticias\">Explic\u00f3 que la entrega de los alimentos a los ni\u00f1os estudiantes se debe a que \u00ablo que queremos son ni\u00f1os saludables, ni\u00f1os que puedan tener la capacidad de aprender\u00bb, e indic\u00f3 que con esta decisi\u00f3n, los padres y madres \u00abvan a disminuir sus gastos en alimentaci\u00f3n notablemente, porque a partir de agosto  del a\u00f1o que viene, s\u00f3lo van a tener que preocuparse de qu\u00e9 le van a dar de cenar a sus hijos\u00bb.<\/span><\/p>\n<\/p>\n<p><strong><span class=\"text1noticias\">Territorio libre de analfabetismo en 2014<\/span><\/strong><\/p>\n<\/p>\n<p><span class=\"text1noticias\">Precis\u00f3 que el gobierno est\u00e1 dando la oportunidad de que aprendan a leer y escribir. Resalt\u00f3 que el programa de alfabetizaci\u00f3n concluye en noviembre del a\u00f1o que viene, fecha en la Unesco declarar\u00e1 a nuestro pa\u00eds territorio libre de analfabetismo, afirm\u00f3 con seguridad el presidente de la Republica.<\/span><\/p>\n<\/p>\n<p><span class=\"text1noticias\">\u00abLos que no se hayan organizado en un n\u00facleo de alfabetizaci\u00f3n, que lo hagan; nadie tiene que tener verg\u00fcenza de aprender por no saber leer y escribir despu\u00e9s de viejo. Nunca es tarde para aprender\u00bb, recalc\u00f3 el presidente Medina.<\/span><\/p>\n<\/p>\n<p><span class=\"text1noticias\">Afirm\u00f3 que el gobierno les est\u00e1 dando a los iletrados \u00abuna oportunidad de oro\u00bb que nunca m\u00e1s se repetir\u00e1. \u00abNo queremos que volvamos a tener personas analfabetas en el pa\u00eds; por eso les estamos asegurando la educaci\u00f3n a los ni\u00f1os, para que nadie vuelva a ser analfabeto\u00bb. Dijo que a leer y a escribir se aprende en seis meses.<\/span><\/p>\n<\/p>\n<p><span class=\"text1noticias\">Llam\u00f3 a los padres a que no se preocupen porque sus hijos no puedan ayudarlos con el trabajo, y en cambio deben dejarlos estudiar, \u00abque eso es una alcanc\u00eda para despu\u00e9s; los ni\u00f1os tienen que estudiar, los que tienen que trabajar son los padres. Cuando un muchacho llega a ser profesional, ese es su seguro de vida\u00bb.<\/span><\/p>\n<\/p>\n<p><strong><span class=\"text1noticias\">Tienen que pagar<\/span><\/strong><\/p>\n<\/p>\n<p><span class=\"text1noticias\">En su encuentro con los campesinos de El Llano, el presidente Medina les dijo que de nada sirve vivir en una jaula de oro con el est\u00f3mago vac\u00edo, pero que el dinero que se les aprueba en financiamiento, deben pagarlo, porque \u00absi regalamos el dinero, no podemos seguir ayudando a los m\u00e1s pobres\u00bb.<\/span><\/p>\n<\/p>\n<p><span class=\"text1noticias\">Manifest\u00f3 que ese dinero tienen que devolverlo, porque lo reciben en condiciones sumamente blandas, con un inter\u00e9s de apenas 0.41 por ciento mensual y un a\u00f1o de gracia.<\/span><\/p>\n<\/p>\n<p><span class=\"text1noticias\">Medina se reuni\u00f3 en El Llano con la Junta de Asociaciones de El Llano, cuyo presidente, \u00c1ngel Ram\u00edrez, le manifest\u00f3 las necesidades por las que est\u00e1n atravesando.<\/span><\/p>\n<\/p>\n<p><span class=\"text1noticias\">A trav\u00e9s suyo, los productores de arroz de la Junta solicitaron financiamiento para la construcci\u00f3n de una factor\u00eda, que les permitir\u00eda aumentar sus ingresos en alrededor de un 30 por ciento y poder ofrecer un producto de mayor calidad.<\/span><\/p>\n<\/p>\n<p><span class=\"text1noticias\">A su vez, Alejandro Mateo, representante del Bloque de Productores Agr\u00edcolas del Distrito Municipal Guanito, cuyos socios producen varios renglones, entre ellos ma\u00edz, dijo que necesitan un centro de acopio para proteger sus cosechas y vender de acuerdo a la demanda.<\/span><\/p>\n<\/p>\n<p><span class=\"text1noticias\">El jefe del Estado les comunic\u00f3 que el 3 de enero venidero, una comisi\u00f3n ir\u00e1 nuevamente a El Llano para determinar el monto y la forma en que se les entregar\u00e1 el dinero solicitado.<\/span><\/p>\n<\/p>\n<p><strong><span class=\"text1noticias\">En Puerto Escondido<\/span><\/strong><\/p>\n<\/p>\n<p><span class=\"text1noticias\">De El Llano, el presidente de la Rep\u00fablica se dirigi\u00f3 a Puerto Escondido, provincia Independencia, donde fue recibido con alegr\u00eda por sus residentes. Aqu\u00ed, el mandatario escuch\u00f3 al coordinador general de la Cooperativa Agropecuaria y de Servicios M\u00faltiples de Puerto Escondido (Cooproaspe), Jos\u00e9 Alfonso Almonte, quien plante\u00f3 la necesidad de financiamiento para ejecutar un proyecto de ampliaci\u00f3n del almac\u00e9n de la entidad, para guardar la producci\u00f3n de habichuelas negras.<\/span><\/p>\n<\/p>\n<p><span class=\"text1noticias\">Almonte valor\u00f3 lo que representa la asociatividad para los productores, ya que expres\u00f3 que \u00abnosotros \u00edbamos para atr\u00e1s, hasta que nos unimos como cooperativa\u00bb.<\/span><\/p>\n<\/p>\n<p><span class=\"text1noticias\">Solicitaron un financiamiento de 2.3 millones de pesos que le fue aprobado por el presidente Medina.<\/span><\/p>\n<\/p>\n<p><strong><span class=\"text1noticias\">Tambi\u00e9n visita Boca de Cach\u00f3n<\/span><\/strong><\/p>\n<\/p>\n<p><span class=\"text1noticias\">En su recorrido de este domingo, el presidente aprovech\u00f3 para visitar el proyecto habitacional Boca de Cach\u00f3n, un complejo habitacional donde ser\u00e1n alojadas familias afectadas por la crecida del Lago Enriquillo.<\/span><\/p>\n<\/p>\n<p><span class=\"text1noticias\">El mandatario sobrevol\u00f3 el \u00e1rea en helic\u00f3ptero, para luego descender y sostener una reuni\u00f3n de trabajo con el mayor general Rafael Emilio de Luna Pichirilo, quien est\u00e1 a cargo de la obra, quien le dio explicaciones sobre la marcha de los trabajos.<\/span><\/p>\n<\/p>\n<p><span class=\"text1noticias\">En el encuentro participaron adem\u00e1s el ministro Administrativo de la Presidencia, Jos\u00e9 Ram\u00f3n Peralta,; el director del Instituto Nacional de Aguas Potables (Inapa), Alberto Holgu\u00edn, y Francisco del Valle, presidente de la Comisi\u00f3n Presidencial para el Desarrollo Provincial.<\/span><\/p>\n<\/p>\n<p><span class=\"text1noticias\">Boca de Cach\u00f3n es un proyecto habitacional compuesto por 537 viviendas, una escuela, estancia infantil, un liceo polit\u00e9cnico, \u00e1rea de mercado, centro comercial, cl\u00ednica de atenci\u00f3n primaria, un cementerio, un asilo, planta de tratamiento de aguas residuales y todo un sistema que permitir\u00e1 a los moradores producir hortalizas y bienes agr\u00edcolas en el entorno de sus propias viviendas.<\/span><\/p>\n<\/p>\n<p><span class=\"text1noticias\">Contar\u00e1 tambi\u00e9n con un bosque con especies de \u00e1rboles frutales y una avenida circunvalaci\u00f3n con el criterio de las ciudades modernas. <\/span><\/p>\n<\/p>\n<\/p>\n<p><span class=\"text1noticias\">Santo Domingo, RD, 22 de Diciembre.- El Presidente Danilo Medina visit\u00f3 la regi\u00f3n Sur del pa\u00eds para intercambiar con los productores de los municipios y conocer sus necesidades.<\/span><\/p>\n<p><span class=\"text1noticias\"> <\/span><\/p>\n<p><span class=\"text1noticias\">Durante su visita por el municipio de el Llano, provincia El\u00edas Pi\u00f1a; el presidente Medina dispuso el financiamiento por m\u00e1s de 30 millones de pesos para una factor\u00eda de arroz, una granja av\u00edcola de la Junta de Vecinos y la conclusi\u00f3n del Multiuso en el municipio de El Llano, as\u00ed como construcci\u00f3n de un Centro de Acopio de granos y la continuidad del acueducto m\u00faltiple del Distrito Municipal de Guanito.<\/span><\/p>\n<p><span class=\"text1noticias\"> <\/span><\/p>\n<p><span class=\"text1noticias\">El mandatario tambi\u00e9n anunci\u00f3 que pr\u00f3ximamente construir\u00e1 el aclamado puente sobre el rio Alonso, as\u00ed como ampliar loas colaterales de los canales de riego.<\/span><\/p>\n<p><span class=\"text1noticias\"> <\/span><\/p>\n<p><span class=\"text1noticias\">El Presidente Medina lleg\u00f3 a El Llano junto al Ministro de la Presidencia, licenciado Jos\u00e9 Ram\u00f3n Peralta, los directores del Instituto Agrario Dominicano (IAD) y Fondo Especial para el Desarrollo Agropecuario (FEDA), y fue recibido por el senador S\u00e1nchez Roa, Senador de la Provincia de El\u00eds Pi\u00f1a. Estuvieron presentes el gobernador provincial, Fernando Fortuna, el alcalde municipal, Alberto Cubilete, Andr\u00e9s Boci\u00f3, Isidro Marmolejos y Erasmo Dur\u00e1n.<\/span><\/p>\n<p><span class=\"text1noticias\"> <\/span><\/p>\n<p><span class=\"text1noticias\"> <\/span><\/p>\n<h6> 2013-12-22 15:05:02 <\/h6>\n<p><!--\n<link rel=\"stylesheet\" href=\"css\/bootstrap.min.css\">\n\n\n<ul class=\"pagination\">\n\t    \n\t\n\n<li >\n\t<a href='?page_no=14010'>Previous<\/a>\n\t<\/li>\n\n\n       \n    \n\n<li><a href='?page_no=1'>1<\/a><\/li>\n\n\n\n<li><a href='?page_no=2'>2<\/a><\/li>\n\n\n\n<li><a>...<\/a><\/li>\n\n\n\n<li><a href='?page_no=14009'>14009<\/a><\/li>\n\n\n\n<li><a href='?page_no=14010'>14010<\/a><\/li>\n\n\n\n<li class='active'><a>14011<\/a><\/li>\n\n\n\n<li><a href='?page_no=14012'>14012<\/a><\/li>\n\n\n\n<li><a href='?page_no=14013'>14013<\/a><\/li>\n\n\n\n<li><a>...<\/a><\/li>\n\n\n\n<li><a href='?page_no=30472'>30472<\/a><\/li>\n\n\n\n<li><a href='?page_no=30473'>30473<\/a><\/li>\n\n    \n\t\n\n<li >\n\t<a href='?page_no=14012'>Next<\/a>\n\t<\/li>\n\n\n    \n\n<li><a href='?page_no=30473'>Last &rsaquo;&rsaquo;<\/a><\/li>\n\n<\/ul>\n\n\n--><br \/>\n<\/body><\/p>\n","protected":false},"excerpt":{"rendered":"<p>EL LLANO, ELIAS PI\u00d1A, 22 de Diciembre (DICOM).- El presidente Danilo Medina anunci\u00f3 que el gobierno est\u00e1 haciendo arreglos para que a los estudiantes que reciben desayuno y almuerzo en la Tanda Extendida, se les siga entregando esos alimentos en las escuelas durante las vacaciones. El mandatario, quien centr\u00f3 sus palabras en la educaci\u00f3n y [&hellip;]<\/p>\n","protected":false},"author":3,"featured_media":0,"comment_status":"open","ping_status":"open","sticky":false,"template":"","format":"standard","meta":{"footnotes":""},"categories":[18],"tags":[],"class_list":["post-98456","post","type-post","status-publish","format-standard","hentry","category-economia"],"_links":{"self":[{"href":"https:\/\/diariodominicano.com\/index.php?rest_route=\/wp\/v2\/posts\/98456","targetHints":{"allow":["GET"]}}],"collection":[{"href":"https:\/\/diariodominicano.com\/index.php?rest_route=\/wp\/v2\/posts"}],"about":[{"href":"https:\/\/diariodominicano.com\/index.php?rest_route=\/wp\/v2\/types\/post"}],"author":[{"embeddable":true,"href":"https:\/\/diariodominicano.com\/index.php?rest_route=\/wp\/v2\/users\/3"}],"replies":[{"embeddable":true,"href":"https:\/\/diariodominicano.com\/index.php?rest_route=%2Fwp%2Fv2%2Fcomments&post=98456"}],"version-history":[{"count":0,"href":"https:\/\/diariodominicano.com\/index.php?rest_route=\/wp\/v2\/posts\/98456\/revisions"}],"wp:attachment":[{"href":"https:\/\/diariodominicano.com\/index.php?rest_route=%2Fwp%2Fv2%2Fmedia&parent=98456"}],"wp:term":[{"taxonomy":"category","embeddable":true,"href":"https:\/\/diariodominicano.com\/index.php?rest_route=%2Fwp%2Fv2%2Fcategories&post=98456"},{"taxonomy":"post_tag","embeddable":true,"href":"https:\/\/diariodominicano.com\/index.php?rest_route=%2Fwp%2Fv2%2Ftags&post=98456"}],"curies":[{"name":"wp","href":"https:\/\/api.w.org\/{rel}","templated":true}]}}