{"id":98447,"date":"2013-12-23T18:49:52","date_gmt":"2013-12-23T18:49:52","guid":{"rendered":"http:\/\/diariodominicano.ddns.net\/?p=98447"},"modified":"2013-12-23T18:49:52","modified_gmt":"2013-12-23T18:49:52","slug":"lider-de-anadegas-advierte-que-en-el-2014-lucharan-por-vender-gas-propano-en-las-estaciones-de-expendio","status":"publish","type":"post","link":"https:\/\/diariodominicano.com\/?p=98447","title":{"rendered":"L\u00edder de ANADEGAS advierte que en el 2014 lucharan por vender gas propano en las estaciones de expendio"},"content":{"rendered":"<p><body><\/p>\n<p><img decoding=\"async\" src=\"http:\/\/localhost:8080\/economia\/img3\/anadegas.JPG\" \/>  <\/p>\n<p><span class=\"text1noticias\">Santo Domingo, RD, 23 de Diciembre.-El principal l\u00edder de la Asociaci\u00f3n Nacional de Detallistas de Gasolinas, ANADEGAS, Juan Ignacio Espaillat advirti\u00f3 que la lucha por conseguir que las estaciones de expendidos de gasolinas puedan vender Gas Propano ser\u00e1 retomada por esa entidad, a partir del 2014.<\/span><\/p>\n<\/p>\n<p><span class=\"text1noticias\">Al participar en la entrevista central del programa Agenda Semanal que se transmite todos los s\u00e1bados a las 12 del mediod\u00eda por Santo Domingo Tv, canales 69 de UHF y 24 de los sistemas nacional de cable, Espaillat, revel\u00f3 que la decisi\u00f3n de seguir luchando por lograr que el GLP sea vendido en las estaciones de expendio de ANADEGAS, fue tomada por la m\u00e1xima direcci\u00f3n de ese gremio empresarial.<\/span><\/p>\n<\/p>\n<p><span class=\"text1noticias\">El ingeniero Juan Ignacio Espaillat, aclar\u00f3 sin embargo que de ANADEGAS conseguir que el gobierno le autorice vender el GLP en sus estaciones de venta de combustibles, el carburante solo podr\u00e1 ser ofrecido por las empresas que re\u00fanan las condiciones de espacio y almacenamiento que establece la ley.<\/span><\/p>\n<\/p>\n<p><span class=\"text1noticias\">El tambi\u00e9n presidente de  Petr\u00f3leos Nacionales,,PETRONAN, lament\u00f3 que luego de que ellos surgieran en el mercado nacional  de combustibles como \u00fanico consorcio empresarial dominicano, naciera otro emporio criollo creado por una de las principales familias de ricos del pa\u00eds  para enfrentarlos y tomar el 63 por ciento del monopolio del negocio, estableciendo grandes desigualdades en perjurio de la poblaci\u00f3n.<\/span><\/p>\n<\/p>\n<p><span class=\"text1noticias\">Juan Ignacio Espaillat, afirm\u00f3 que la incursi\u00f3n de ese grupo empresarial en el mercado de combustibles ha afectado a los peque\u00f1os empresarios tradicionales del sector, muchos de los cuales decidieron crear a PETRONAN, con el prop\u00f3sito de ofrecer un servicio acorde al pago y las exigencias de los consumidores dominicanos.<\/span><\/p>\n<\/p>\n<p><span class=\"text1noticias\">El ex presidente de ANADEGAS, pidi\u00f3 al gobierno, que ante el control que pretende asumir ese grupo empresarial en el mercado de los combustibles, no le permita que asuma el monopolio total del mercado, tal y como tambi\u00e9n ha querido hacer en el sector el\u00e9ctrico donde adem\u00e1s ha incursionado de manera agresiva.(HG)<\/span>.<\/p>\n<h6> 2013-12-23 18:49:52 <\/h6>\n<p><!--\n<link rel=\"stylesheet\" href=\"css\/bootstrap.min.css\">\n\n\n<ul class=\"pagination\">\n\t    \n\t\n\n<li >\n\t<a href='?page_no=14002'>Previous<\/a>\n\t<\/li>\n\n\n       \n    \n\n<li><a href='?page_no=1'>1<\/a><\/li>\n\n\n\n<li><a href='?page_no=2'>2<\/a><\/li>\n\n\n\n<li><a>...<\/a><\/li>\n\n\n\n<li><a href='?page_no=14001'>14001<\/a><\/li>\n\n\n\n<li><a href='?page_no=14002'>14002<\/a><\/li>\n\n\n\n<li class='active'><a>14003<\/a><\/li>\n\n\n\n<li><a href='?page_no=14004'>14004<\/a><\/li>\n\n\n\n<li><a href='?page_no=14005'>14005<\/a><\/li>\n\n\n\n<li><a>...<\/a><\/li>\n\n\n\n<li><a href='?page_no=30472'>30472<\/a><\/li>\n\n\n\n<li><a href='?page_no=30473'>30473<\/a><\/li>\n\n    \n\t\n\n<li >\n\t<a href='?page_no=14004'>Next<\/a>\n\t<\/li>\n\n\n    \n\n<li><a href='?page_no=30473'>Last &rsaquo;&rsaquo;<\/a><\/li>\n\n<\/ul>\n\n\n--><br \/>\n<\/body><\/p>\n","protected":false},"excerpt":{"rendered":"<p>Santo Domingo, RD, 23 de Diciembre.-El principal l\u00edder de la Asociaci\u00f3n Nacional de Detallistas de Gasolinas, ANADEGAS, Juan Ignacio Espaillat advirti\u00f3 que la lucha por conseguir que las estaciones de expendidos de gasolinas puedan vender Gas Propano ser\u00e1 retomada por esa entidad, a partir del 2014. Al participar en la entrevista central del programa Agenda [&hellip;]<\/p>\n","protected":false},"author":3,"featured_media":0,"comment_status":"open","ping_status":"open","sticky":false,"template":"","format":"standard","meta":{"footnotes":""},"categories":[18],"tags":[],"class_list":["post-98447","post","type-post","status-publish","format-standard","hentry","category-economia"],"_links":{"self":[{"href":"https:\/\/diariodominicano.com\/index.php?rest_route=\/wp\/v2\/posts\/98447","targetHints":{"allow":["GET"]}}],"collection":[{"href":"https:\/\/diariodominicano.com\/index.php?rest_route=\/wp\/v2\/posts"}],"about":[{"href":"https:\/\/diariodominicano.com\/index.php?rest_route=\/wp\/v2\/types\/post"}],"author":[{"embeddable":true,"href":"https:\/\/diariodominicano.com\/index.php?rest_route=\/wp\/v2\/users\/3"}],"replies":[{"embeddable":true,"href":"https:\/\/diariodominicano.com\/index.php?rest_route=%2Fwp%2Fv2%2Fcomments&post=98447"}],"version-history":[{"count":0,"href":"https:\/\/diariodominicano.com\/index.php?rest_route=\/wp\/v2\/posts\/98447\/revisions"}],"wp:attachment":[{"href":"https:\/\/diariodominicano.com\/index.php?rest_route=%2Fwp%2Fv2%2Fmedia&parent=98447"}],"wp:term":[{"taxonomy":"category","embeddable":true,"href":"https:\/\/diariodominicano.com\/index.php?rest_route=%2Fwp%2Fv2%2Fcategories&post=98447"},{"taxonomy":"post_tag","embeddable":true,"href":"https:\/\/diariodominicano.com\/index.php?rest_route=%2Fwp%2Fv2%2Ftags&post=98447"}],"curies":[{"name":"wp","href":"https:\/\/api.w.org\/{rel}","templated":true}]}}