{"id":98446,"date":"2013-12-23T19:53:45","date_gmt":"2013-12-23T19:53:45","guid":{"rendered":"http:\/\/diariodominicano.ddns.net\/?p=98446"},"modified":"2013-12-23T19:53:45","modified_gmt":"2013-12-23T19:53:45","slug":"firman-acuerdo-para-mejorar-capacidades-en-comercio-exterior","status":"publish","type":"post","link":"https:\/\/diariodominicano.com\/?p=98446","title":{"rendered":"Firman acuerdo para mejorar capacidades en comercio exterior"},"content":{"rendered":"<p><body><\/p>\n<p><img decoding=\"async\" src=\"img3\/firma.jpg\" \/>  <\/p>\n<p><span class=\"text1noticias\">Santo Domingo, RD, 23 de Diciembre.-El Ministerio de Industria y Comercio (MIC), la Fundaci\u00f3n Global Democracia y Desarrollo (FUNGLODE) y el Instituto Global de Altos Estudios en Ciencias Sociales (IGLOBAL) firmaron un acuerdo interinstitucional de colaboraci\u00f3n para la capacitaci\u00f3n de recursos humanos en materia de implementaci\u00f3n, administraci\u00f3n y aprovechamiento de los tratados comerciales suscritos por el pa\u00eds.<\/span><\/p>\n<\/p>\n<p><span class=\"text1noticias\">El acuerdo fue firmado por el licenciado Jos\u00e9 del Castillo Savi\u00f1\u00f3n, ministro de Industria y Comercio, el doctor Marco Herrera, director ejecutivo de FUNGLODE, y el doctor Marcos Villam\u00e1n, rector de IGLOBAL. La ceremonia tuvo lugar en el despacho del primero, en la sede del MIC.<\/span><\/p>\n<\/p>\n<p><span class=\"text1noticias\">El acuerdo est\u00e1 motivado en el inter\u00e9s del MIC por apoyar el desarrollo de los recursos humanos a trav\u00e9s de programas de capacitaci\u00f3n que permitan a los candidatos alcanzar un mayor conocimiento en relaci\u00f3n con las obligaciones y compromisos que asume el Estado en el marco de los acuerdos comerciales vigentes en la Rep\u00fablica Dominicana, cuya administraci\u00f3n est\u00e1 a cargo de este ministerio, a trav\u00e9s de su Direcci\u00f3n de Comercio Exterior y Administraci\u00f3n de Tratados Internacionales (DICOEX).<\/span><\/p>\n<\/p>\n<p><span class=\"text1noticias\">Las partes se comprometen a identificar y desarrollar de manera conjunta programas y proyectos que permitan fortalecer la capacidad nacional para un mejor desempe\u00f1o en los asuntos propios de los tratados comerciales, como acceso a mercados, barreras arancelarias y no arancelarias y aspectos legales, entre otros.<\/span><\/p>\n<\/p>\n<p><span class=\"text1noticias\">Adem\u00e1s, impulsar el fortalecimiento de los recursos humanos y las herramientas tecnol\u00f3gicas disponibles, con el prop\u00f3sito de mejorar las pr\u00e1cticas del sector, aprovechar los acuerdos comerciales y cumplir las normativas internacionales.<\/span><\/p>\n<\/p>\n<p><span class=\"text1noticias\">El MIC, FUNGLODE y el IGLOBAL se comprometen en este acuerdo a fomentar, en beneficio de la Rep\u00fablica Dominicana, iniciativas de apoyo que les permita proveer programas de capacitaci\u00f3n en materia de comercio, producci\u00f3n y exportaci\u00f3n, entre otros aspectos.<\/span><\/p>\n<\/p>\n<p><span class=\"text1noticias\">Y asumen como parte de las tareas vinculantes en el acuerdo, esforzarse por crear canales para el flujo de informaci\u00f3n, tipo banco de datos, para consulta en los diferentes temas relacionados con los tratados comerciales suscritos por la Rep\u00fablica Dominicana.<\/span><\/p>\n<\/p>\n<p><span class=\"text1noticias\">Adem\u00e1s de los suscribientes, en la ceremonia de firma estuvieron la doctora Katrina Naut y la licenciada Ana Franco por parte del MIC, y el licenciado Victor Villanueva y la licenciada Ana Carolina Blanco, por FUNGLODE.(HG)<\/span>.<\/p>\n<\/p>\n<h6> 2013-12-23 19:53:45 <\/h6>\n<p><!--\n<link rel=\"stylesheet\" href=\"css\/bootstrap.min.css\">\n\n\n<ul class=\"pagination\">\n\t    \n\t\n\n<li >\n\t<a href='?page_no=14001'>Previous<\/a>\n\t<\/li>\n\n\n       \n    \n\n<li><a href='?page_no=1'>1<\/a><\/li>\n\n\n\n<li><a href='?page_no=2'>2<\/a><\/li>\n\n\n\n<li><a>...<\/a><\/li>\n\n\n\n<li><a href='?page_no=14000'>14000<\/a><\/li>\n\n\n\n<li><a href='?page_no=14001'>14001<\/a><\/li>\n\n\n\n<li class='active'><a>14002<\/a><\/li>\n\n\n\n<li><a href='?page_no=14003'>14003<\/a><\/li>\n\n\n\n<li><a href='?page_no=14004'>14004<\/a><\/li>\n\n\n\n<li><a>...<\/a><\/li>\n\n\n\n<li><a href='?page_no=30472'>30472<\/a><\/li>\n\n\n\n<li><a href='?page_no=30473'>30473<\/a><\/li>\n\n    \n\t\n\n<li >\n\t<a href='?page_no=14003'>Next<\/a>\n\t<\/li>\n\n\n    \n\n<li><a href='?page_no=30473'>Last &rsaquo;&rsaquo;<\/a><\/li>\n\n<\/ul>\n\n\n--><br \/>\n<\/body><\/p>\n","protected":false},"excerpt":{"rendered":"<p>Santo Domingo, RD, 23 de Diciembre.-El Ministerio de Industria y Comercio (MIC), la Fundaci\u00f3n Global Democracia y Desarrollo (FUNGLODE) y el Instituto Global de Altos Estudios en Ciencias Sociales (IGLOBAL) firmaron un acuerdo interinstitucional de colaboraci\u00f3n para la capacitaci\u00f3n de recursos humanos en materia de implementaci\u00f3n, administraci\u00f3n y aprovechamiento de los tratados comerciales suscritos por [&hellip;]<\/p>\n","protected":false},"author":3,"featured_media":0,"comment_status":"open","ping_status":"open","sticky":false,"template":"","format":"standard","meta":{"footnotes":""},"categories":[18],"tags":[],"class_list":["post-98446","post","type-post","status-publish","format-standard","hentry","category-economia"],"_links":{"self":[{"href":"https:\/\/diariodominicano.com\/index.php?rest_route=\/wp\/v2\/posts\/98446","targetHints":{"allow":["GET"]}}],"collection":[{"href":"https:\/\/diariodominicano.com\/index.php?rest_route=\/wp\/v2\/posts"}],"about":[{"href":"https:\/\/diariodominicano.com\/index.php?rest_route=\/wp\/v2\/types\/post"}],"author":[{"embeddable":true,"href":"https:\/\/diariodominicano.com\/index.php?rest_route=\/wp\/v2\/users\/3"}],"replies":[{"embeddable":true,"href":"https:\/\/diariodominicano.com\/index.php?rest_route=%2Fwp%2Fv2%2Fcomments&post=98446"}],"version-history":[{"count":0,"href":"https:\/\/diariodominicano.com\/index.php?rest_route=\/wp\/v2\/posts\/98446\/revisions"}],"wp:attachment":[{"href":"https:\/\/diariodominicano.com\/index.php?rest_route=%2Fwp%2Fv2%2Fmedia&parent=98446"}],"wp:term":[{"taxonomy":"category","embeddable":true,"href":"https:\/\/diariodominicano.com\/index.php?rest_route=%2Fwp%2Fv2%2Fcategories&post=98446"},{"taxonomy":"post_tag","embeddable":true,"href":"https:\/\/diariodominicano.com\/index.php?rest_route=%2Fwp%2Fv2%2Ftags&post=98446"}],"curies":[{"name":"wp","href":"https:\/\/api.w.org\/{rel}","templated":true}]}}