{"id":98445,"date":"2013-12-23T21:37:29","date_gmt":"2013-12-23T21:37:29","guid":{"rendered":"http:\/\/diariodominicano.ddns.net\/?p=98445"},"modified":"2013-12-23T21:37:29","modified_gmt":"2013-12-23T21:37:29","slug":"ministerio-agricultura-firma-acuerdo-con-gremios-agropecuarios","status":"publish","type":"post","link":"https:\/\/diariodominicano.com\/?p=98445","title":{"rendered":"Ministerio Agricultura firma acuerdo con gremios agropecuarios"},"content":{"rendered":"<p><body><\/p>\n<p><img decoding=\"async\" src=\"img3\/acuerdo.jpg\" \/>  <\/p>\n<p><span class=\"text1noticias\">Santo Domingo, RD, 23 de Diciembre.- El ministro de Agricultura, Luis Ram\u00f3n Rodr\u00edguez, y los presidentes de los gremios agropecuarios del pa\u00eds, firmaron un acuerdo que garantiza un aumento salarial por categor\u00eda a t\u00e9cnicos y profesionales de este sector a partir de 2014.<\/span><\/p>\n<\/p>\n<p><span class=\"text1noticias\">Mediante el acuerdo, el Ministerio de Agricultura se compromete a establecer una estructura salarial efectiva el primero de enero que incluye 30 mil pesos para los profesionales de categor\u00eda I, y 22, 21 y 20 mil pesos para las categor\u00edas II, III y IV, respectivamente.<\/span><\/p>\n<\/p>\n<p><span class=\"text1noticias\">Tras la firma, el ministro Rodr\u00edguez inform\u00f3 que el acuerdo tambi\u00e9n incluye otros incentivos como bono para vivienda, combustible y financiamiento de medio de transporte, entre otros.<\/span><\/p>\n<\/p>\n<p><span class=\"text1noticias\">El funcionario dijo que \u00abcon este acuerdo se est\u00e1 cumpliendo con las disposiciones del presidente Danilo Medina, de garantizar un mejor salario para dignificar el trabajo de los profesionales agropecuarios\u00bb.<\/span><\/p>\n<\/p>\n<p><span class=\"text1noticias\">Mientras, los presidentes de los gremios que agrupan a los profesionales agropecuarios reconocieron el esfuerzo del presidente Medina y del ministro Rodr\u00edguez por llevar a feliz la demanda de aumento salarial del sector.<\/span><\/p>\n<\/p>\n<p><span class=\"text1noticias\">\u00abEste aumento salarial es uno de los m\u00e1s importantes logros del sector, y nos estimula a esforzarnos m\u00e1s a favor del desarrollo del campo dominicano\u00bb, expres\u00f3 Andr\u00e9s G\u00f3mez, presidente de la Asociaci\u00f3n Nacional de profesionales Agropecuarios (ANPA), hablando en representaci\u00f3n de los gremios.<\/span><\/p>\n<\/p>\n<p><span class=\"text1noticias\">El ministro Rodr\u00edguez record\u00f3 que hace alrededor de trece a\u00f1os que no se realizaba aumento a los agr\u00f3nomos, y que fruto de todas las negociaciones y la gesti\u00f3n desde el Ministerio para poner una partida dentro del presupuesto de la instituci\u00f3n, hoy se est\u00e1 realizando este convenio que honra la clase agr\u00edcola.<\/span><\/p>\n<\/p>\n<p><span class=\"text1noticias\">Asegur\u00f3 que ser\u00e1n beneficiados todos los profesionales que laboran en el Ministerio de Agricultura que est\u00e9n debidamente registrados en los gremios y que hayan puesto toda su documentaci\u00f3n al d\u00eda para ser evaluados y colocados en la escala que le corresponde.<\/span><\/p>\n<\/p>\n<p><span class=\"text1noticias\">Luego de varias reuniones del Ministro con directivos de las asociaciones que agrupan a los profesionales agropecuarios, se acord\u00f3 el pasado s\u00e1bado la firma de este convenio que garantiza mejores ingresos para los agr\u00f3nomos del pa\u00eds.<\/span><\/p>\n<\/p>\n<p><span class=\"text1noticias\">En el acto, Rodr\u00edguez estuvo acompa\u00f1ado por los viceministros Leandro Mercedes, de Extensi\u00f3n y Capacitaci\u00f3n, e Ismael Cruz, de Desarrollo, quienes participaron en todo el proceso de negociaci\u00f3n con la dirigencia gremial.<\/span><\/p>\n<\/p>\n<p><span class=\"text1noticias\">El acuerdo fue firmado, adem\u00e1s de Rodr\u00edguez y G\u00f3mez, por los presidentes  de la Asociaci\u00f3n Dominicana de Ingeniero Agr\u00f3nomo (ADIA), el Colegio de M\u00e9dicos Veterinarios (COLVET) y el N\u00facleo de Ingenieros Agr\u00f3nomos del CODIA.(HG)<\/span>.<\/p>\n<\/p>\n<p>Representando a los gremios durante la firma estuvieron los ingenieros Andr\u00e9s G\u00f3mez, del Anpa, C\u00e9sar Matos, de la ADIA, Adriana Almonte, del N\u00facleo de Ingenieros Agr\u00f3nomos del Codia,  y el doctor Teodoro V\u00e1squez, del COLVET.<\/p>\n<\/p>\n<h6> 2013-12-23 21:37:29 <\/h6>\n<p><!--\n<link rel=\"stylesheet\" href=\"css\/bootstrap.min.css\">\n\n\n<ul class=\"pagination\">\n\t    \n\t\n\n<li >\n\t<a href='?page_no=14000'>Previous<\/a>\n\t<\/li>\n\n\n       \n    \n\n<li><a href='?page_no=1'>1<\/a><\/li>\n\n\n\n<li><a href='?page_no=2'>2<\/a><\/li>\n\n\n\n<li><a>...<\/a><\/li>\n\n\n\n<li><a href='?page_no=13999'>13999<\/a><\/li>\n\n\n\n<li><a href='?page_no=14000'>14000<\/a><\/li>\n\n\n\n<li class='active'><a>14001<\/a><\/li>\n\n\n\n<li><a href='?page_no=14002'>14002<\/a><\/li>\n\n\n\n<li><a href='?page_no=14003'>14003<\/a><\/li>\n\n\n\n<li><a>...<\/a><\/li>\n\n\n\n<li><a href='?page_no=30472'>30472<\/a><\/li>\n\n\n\n<li><a href='?page_no=30473'>30473<\/a><\/li>\n\n    \n\t\n\n<li >\n\t<a href='?page_no=14002'>Next<\/a>\n\t<\/li>\n\n\n    \n\n<li><a href='?page_no=30473'>Last &rsaquo;&rsaquo;<\/a><\/li>\n\n<\/ul>\n\n\n--><br \/>\n<\/body><\/p>\n","protected":false},"excerpt":{"rendered":"<p>Santo Domingo, RD, 23 de Diciembre.- El ministro de Agricultura, Luis Ram\u00f3n Rodr\u00edguez, y los presidentes de los gremios agropecuarios del pa\u00eds, firmaron un acuerdo que garantiza un aumento salarial por categor\u00eda a t\u00e9cnicos y profesionales de este sector a partir de 2014. Mediante el acuerdo, el Ministerio de Agricultura se compromete a establecer una [&hellip;]<\/p>\n","protected":false},"author":3,"featured_media":0,"comment_status":"open","ping_status":"open","sticky":false,"template":"","format":"standard","meta":{"footnotes":""},"categories":[18],"tags":[],"class_list":["post-98445","post","type-post","status-publish","format-standard","hentry","category-economia"],"_links":{"self":[{"href":"https:\/\/diariodominicano.com\/index.php?rest_route=\/wp\/v2\/posts\/98445","targetHints":{"allow":["GET"]}}],"collection":[{"href":"https:\/\/diariodominicano.com\/index.php?rest_route=\/wp\/v2\/posts"}],"about":[{"href":"https:\/\/diariodominicano.com\/index.php?rest_route=\/wp\/v2\/types\/post"}],"author":[{"embeddable":true,"href":"https:\/\/diariodominicano.com\/index.php?rest_route=\/wp\/v2\/users\/3"}],"replies":[{"embeddable":true,"href":"https:\/\/diariodominicano.com\/index.php?rest_route=%2Fwp%2Fv2%2Fcomments&post=98445"}],"version-history":[{"count":0,"href":"https:\/\/diariodominicano.com\/index.php?rest_route=\/wp\/v2\/posts\/98445\/revisions"}],"wp:attachment":[{"href":"https:\/\/diariodominicano.com\/index.php?rest_route=%2Fwp%2Fv2%2Fmedia&parent=98445"}],"wp:term":[{"taxonomy":"category","embeddable":true,"href":"https:\/\/diariodominicano.com\/index.php?rest_route=%2Fwp%2Fv2%2Fcategories&post=98445"},{"taxonomy":"post_tag","embeddable":true,"href":"https:\/\/diariodominicano.com\/index.php?rest_route=%2Fwp%2Fv2%2Ftags&post=98445"}],"curies":[{"name":"wp","href":"https:\/\/api.w.org\/{rel}","templated":true}]}}