{"id":98438,"date":"2013-12-24T13:09:38","date_gmt":"2013-12-24T13:09:38","guid":{"rendered":"http:\/\/diariodominicano.ddns.net\/?p=98438"},"modified":"2013-12-24T13:09:38","modified_gmt":"2013-12-24T13:09:38","slug":"bancos-y-el-metro-con-horarios-especiales","status":"publish","type":"post","link":"https:\/\/diariodominicano.com\/?p=98438","title":{"rendered":"Bancos y el Metro con horarios especiales"},"content":{"rendered":"<p><body><\/p>\n<p>Santo Domingo RD 24 diciembre.- Debido a las fiestas de Nochebuena y Navidad el Metro de Santo Domingo aplicar\u00e1 horarios especiales a sus servicios.<\/p>\n<\/p>\n<p>Este martes, operar\u00e1 de 6:00 de la ma\u00f1ana a 8:00 de la noche, y el 25 de diciembre, d\u00eda de Navidad, de 9:00 de la ma\u00f1ana 10:00 de la noche.<\/p>\n<\/p>\n<p>Anunci\u00f3 que el 31 de diciembre los servicios ser\u00e1n de 6:00 de la ma\u00f1ana a 8:00 de la noche, y el 1ro de enero de 9:00 de la ma\u00f1ana a 10:00 de la noche.<\/p>\n<\/p>\n<p><strong>Banco Central<\/strong><\/p>\n<\/p>\n<p>El Banco Central, de su lado, inform\u00f3 que el 24 y 31 de diciembre operar\u00e1 s\u00f3lo hasta el mediod\u00eda.<\/p>\n<\/p>\n<p>Del mismo modo, el Banco Popular anunci\u00f3 que sus oficinas de Santiago de los Caballeros laborar\u00e1n hasta la 1:00 de la tarde.<\/p>\n<\/p>\n<p>La Asociaci\u00f3n La Nacional trabajar\u00e1 en sus sucursales, menos la de Sambil, hasta la 1:00 de la tarde, la Asociaci\u00f3n Cibao hasta las 12:30, ARS Humano hasta la 1:00 y AFP Reservas hasta el mediod\u00eda.<\/p>\n<h6> 2013-12-24 13:09:38 <\/h6>\n<p><!--\n<link rel=\"stylesheet\" href=\"css\/bootstrap.min.css\">\n\n\n<ul class=\"pagination\">\n\t    \n\t\n\n<li >\n\t<a href='?page_no=13996'>Previous<\/a>\n\t<\/li>\n\n\n       \n    \n\n<li><a href='?page_no=1'>1<\/a><\/li>\n\n\n\n<li><a href='?page_no=2'>2<\/a><\/li>\n\n\n\n<li><a>...<\/a><\/li>\n\n\n\n<li><a href='?page_no=13995'>13995<\/a><\/li>\n\n\n\n<li><a href='?page_no=13996'>13996<\/a><\/li>\n\n\n\n<li class='active'><a>13997<\/a><\/li>\n\n\n\n<li><a href='?page_no=13998'>13998<\/a><\/li>\n\n\n\n<li><a href='?page_no=13999'>13999<\/a><\/li>\n\n\n\n<li><a>...<\/a><\/li>\n\n\n\n<li><a href='?page_no=30472'>30472<\/a><\/li>\n\n\n\n<li><a href='?page_no=30473'>30473<\/a><\/li>\n\n    \n\t\n\n<li >\n\t<a href='?page_no=13998'>Next<\/a>\n\t<\/li>\n\n\n    \n\n<li><a href='?page_no=30473'>Last &rsaquo;&rsaquo;<\/a><\/li>\n\n<\/ul>\n\n\n--><br \/>\n<\/body><\/p>\n","protected":false},"excerpt":{"rendered":"<p>Santo Domingo RD 24 diciembre.- Debido a las fiestas de Nochebuena y Navidad el Metro de Santo Domingo aplicar\u00e1 horarios especiales a sus servicios. Este martes, operar\u00e1 de 6:00 de la ma\u00f1ana a 8:00 de la noche, y el 25 de diciembre, d\u00eda de Navidad, de 9:00 de la ma\u00f1ana 10:00 de la noche. Anunci\u00f3 [&hellip;]<\/p>\n","protected":false},"author":3,"featured_media":0,"comment_status":"open","ping_status":"open","sticky":false,"template":"","format":"standard","meta":{"footnotes":""},"categories":[18],"tags":[],"class_list":["post-98438","post","type-post","status-publish","format-standard","hentry","category-economia"],"_links":{"self":[{"href":"https:\/\/diariodominicano.com\/index.php?rest_route=\/wp\/v2\/posts\/98438","targetHints":{"allow":["GET"]}}],"collection":[{"href":"https:\/\/diariodominicano.com\/index.php?rest_route=\/wp\/v2\/posts"}],"about":[{"href":"https:\/\/diariodominicano.com\/index.php?rest_route=\/wp\/v2\/types\/post"}],"author":[{"embeddable":true,"href":"https:\/\/diariodominicano.com\/index.php?rest_route=\/wp\/v2\/users\/3"}],"replies":[{"embeddable":true,"href":"https:\/\/diariodominicano.com\/index.php?rest_route=%2Fwp%2Fv2%2Fcomments&post=98438"}],"version-history":[{"count":0,"href":"https:\/\/diariodominicano.com\/index.php?rest_route=\/wp\/v2\/posts\/98438\/revisions"}],"wp:attachment":[{"href":"https:\/\/diariodominicano.com\/index.php?rest_route=%2Fwp%2Fv2%2Fmedia&parent=98438"}],"wp:term":[{"taxonomy":"category","embeddable":true,"href":"https:\/\/diariodominicano.com\/index.php?rest_route=%2Fwp%2Fv2%2Fcategories&post=98438"},{"taxonomy":"post_tag","embeddable":true,"href":"https:\/\/diariodominicano.com\/index.php?rest_route=%2Fwp%2Fv2%2Ftags&post=98438"}],"curies":[{"name":"wp","href":"https:\/\/api.w.org\/{rel}","templated":true}]}}