{"id":98437,"date":"2013-12-24T13:56:31","date_gmt":"2013-12-24T13:56:31","guid":{"rendered":"http:\/\/diariodominicano.ddns.net\/?p=98437"},"modified":"2013-12-24T13:56:31","modified_gmt":"2013-12-24T13:56:31","slug":"caos-en-entrega-de-equipajes-y-vuelos-retrasados-caracterizan-manana-de-nochebuena-en-el-aila","status":"publish","type":"post","link":"https:\/\/diariodominicano.com\/?p=98437","title":{"rendered":"Caos en entrega de equipajes y vuelos retrasados caracterizan ma\u00f1ana de Nochebuena en el AILA"},"content":{"rendered":"<p><body><\/p>\n<p><img decoding=\"async\" src=\"img3\/caos 24.jpg\" \/>  <\/p>\n<p>Aeropuerto de las Am\u00e9ricas, RD 24 dciembre.- Retrasos de vuelos, entrega tard\u00eda de equipajes y protestas de los viajeros que reclaman sus pertenencias es la situaci\u00f3n que impera esta ma\u00f1ana en el Aeropuerto Internacional de Las Am\u00e9ricas Doctor Jos\u00e9 Francisco Pe\u00f1a G\u00f3mez.<\/p>\n<\/p>\n<p>Las autoridades aeroportuarias y la Polic\u00eda Nacional han intervenido  varias veces para poder controlar el \u00abcaos\u00bb  en la zona de entrega de los equipajes rezagados donde diariamente se producen tumultos de dominicanos y extranjeros que acuden a la terminal a buscar sus maletas y bultos.<\/p>\n<\/p>\n<p>Muchos de los reclamantes, quienes en su mayor\u00eda llegaron al pa\u00eds desde los Estados Unidos, Puerto Rico, Venezuela, Panam\u00e1, Aruba, Curazao y Espa\u00f1a, explican que tienen tres y cuatro d\u00edas que viajaron a Santo Domingo y que hasta la fecha no reciben sus equipajes.<\/p>\n<\/p>\n<p>Argumentan que en las maletas que no han recibido traen ropas y regalos para sus familiares y amigos en el pa\u00eds y tambi\u00e9n  las que  van a usar durante la  estad\u00eda en Rep\u00fablica Dominicana con motivo de las navidades.<\/p>\n<\/p>\n<p>Los reclamos todav\u00eda no reciben respuesta y se observa presencia de miembros de la Polic\u00eda Nacional y de otros organismos oficiales.<\/p>\n<h6> 2013-12-24 13:56:31 <\/h6>\n<p><!--\n<link rel=\"stylesheet\" href=\"css\/bootstrap.min.css\">\n\n\n<ul class=\"pagination\">\n\t    \n\t\n\n<li >\n\t<a href='?page_no=13995'>Previous<\/a>\n\t<\/li>\n\n\n       \n    \n\n<li><a href='?page_no=1'>1<\/a><\/li>\n\n\n\n<li><a href='?page_no=2'>2<\/a><\/li>\n\n\n\n<li><a>...<\/a><\/li>\n\n\n\n<li><a href='?page_no=13994'>13994<\/a><\/li>\n\n\n\n<li><a href='?page_no=13995'>13995<\/a><\/li>\n\n\n\n<li class='active'><a>13996<\/a><\/li>\n\n\n\n<li><a href='?page_no=13997'>13997<\/a><\/li>\n\n\n\n<li><a href='?page_no=13998'>13998<\/a><\/li>\n\n\n\n<li><a>...<\/a><\/li>\n\n\n\n<li><a href='?page_no=30472'>30472<\/a><\/li>\n\n\n\n<li><a href='?page_no=30473'>30473<\/a><\/li>\n\n    \n\t\n\n<li >\n\t<a href='?page_no=13997'>Next<\/a>\n\t<\/li>\n\n\n    \n\n<li><a href='?page_no=30473'>Last &rsaquo;&rsaquo;<\/a><\/li>\n\n<\/ul>\n\n\n--><br \/>\n<\/body><\/p>\n","protected":false},"excerpt":{"rendered":"<p>Aeropuerto de las Am\u00e9ricas, RD 24 dciembre.- Retrasos de vuelos, entrega tard\u00eda de equipajes y protestas de los viajeros que reclaman sus pertenencias es la situaci\u00f3n que impera esta ma\u00f1ana en el Aeropuerto Internacional de Las Am\u00e9ricas Doctor Jos\u00e9 Francisco Pe\u00f1a G\u00f3mez. Las autoridades aeroportuarias y la Polic\u00eda Nacional han intervenido varias veces para poder [&hellip;]<\/p>\n","protected":false},"author":3,"featured_media":0,"comment_status":"open","ping_status":"open","sticky":false,"template":"","format":"standard","meta":{"footnotes":""},"categories":[18],"tags":[],"class_list":["post-98437","post","type-post","status-publish","format-standard","hentry","category-economia"],"_links":{"self":[{"href":"https:\/\/diariodominicano.com\/index.php?rest_route=\/wp\/v2\/posts\/98437","targetHints":{"allow":["GET"]}}],"collection":[{"href":"https:\/\/diariodominicano.com\/index.php?rest_route=\/wp\/v2\/posts"}],"about":[{"href":"https:\/\/diariodominicano.com\/index.php?rest_route=\/wp\/v2\/types\/post"}],"author":[{"embeddable":true,"href":"https:\/\/diariodominicano.com\/index.php?rest_route=\/wp\/v2\/users\/3"}],"replies":[{"embeddable":true,"href":"https:\/\/diariodominicano.com\/index.php?rest_route=%2Fwp%2Fv2%2Fcomments&post=98437"}],"version-history":[{"count":0,"href":"https:\/\/diariodominicano.com\/index.php?rest_route=\/wp\/v2\/posts\/98437\/revisions"}],"wp:attachment":[{"href":"https:\/\/diariodominicano.com\/index.php?rest_route=%2Fwp%2Fv2%2Fmedia&parent=98437"}],"wp:term":[{"taxonomy":"category","embeddable":true,"href":"https:\/\/diariodominicano.com\/index.php?rest_route=%2Fwp%2Fv2%2Fcategories&post=98437"},{"taxonomy":"post_tag","embeddable":true,"href":"https:\/\/diariodominicano.com\/index.php?rest_route=%2Fwp%2Fv2%2Ftags&post=98437"}],"curies":[{"name":"wp","href":"https:\/\/api.w.org\/{rel}","templated":true}]}}