{"id":98435,"date":"2013-12-26T12:12:09","date_gmt":"2013-12-26T12:12:09","guid":{"rendered":"http:\/\/diariodominicano.ddns.net\/?p=98435"},"modified":"2013-12-26T12:12:09","modified_gmt":"2013-12-26T12:12:09","slug":"optimismo-para-el-proximo-ano-a-inicios-de-ano-entraran-los-recursos-del-pago-de-ganancia-de-capital-de-varias-empresas","status":"publish","type":"post","link":"https:\/\/diariodominicano.com\/?p=98435","title":{"rendered":"Optimismo para el pr\u00f3ximo a\u00f1o; a inicios de a\u00f1o entrar\u00e1n los recursos del pago de ganancia de capital de varias empresas"},"content":{"rendered":"<p><body><\/p>\n<p><img decoding=\"async\" src=\"img3\/ciudad 26.jpg\" \/>  <\/p>\n<p>Santo Domingo RD 26 diciembre.- El nuevo a\u00f1o que se avecina plantea un sinn\u00famero de se\u00f1ales prometedoras sobre el comportamiento de la actividad econ\u00f3mica ante el curso de la econom\u00eda mundial. <\/p>\n<\/p>\n<p>A juzgar por los planteamientos de sectores empresariales, del Gobierno y profesionales de la econom\u00eda, el 2014 deja atr\u00e1s el fardo pesado que implican los efectos de un importante ajuste fiscal y la implementaci\u00f3n de la mayor parte de nuevas figuras impositivas, contempladas en la reforma.   <\/p>\n<\/p>\n<p>Jacqueline Mora, economista principal de la firma de consultores Analytica, corrobora gran parte de esa premisa, al se\u00f1alar que el a\u00f1o 2014 \u00abtrae una nueva maleta, que aunque pesada parece ser m\u00e1s ligera que el a\u00f1o que termina\u00bb.   <\/p>\n<\/p>\n<p>A inicios de a\u00f1o se contar\u00eda con los recursos del pago de ganancia de capital de la minera Barrick, as\u00ed como inversi\u00f3n en el sector de telecomunicaciones, y posiblemente la emisi\u00f3n de los bonos soberanos, adujo.    <\/p>\n<\/p>\n<p>El a\u00f1o 2014 es m\u00e1s prometedor que el 2013, pero trae muchos retos, no obstante, a su juicio, para que la econom\u00eda alcance un mejor desempe\u00f1o es cr\u00edtico mejorar las expectativas del sector privado, y que el sector p\u00fablico inicie con la evaluaci\u00f3n de las reformas pendientes y el di\u00e1logo, porque \u00abde lo contrario se hace cada vez m\u00e1s dif\u00edcil sobrevivir de las fluctuaciones de corto plazo de otras econom\u00edas\u00bb.  <\/p>\n<\/p>\n<p>La c\u00fapula empresarial ha saludado los esfuerzos del Gobierno en la reducci\u00f3n del d\u00e9ficit fiscal, a la vez que mantiene sus reclamos para volver a la mesa del di\u00e1logo sobre aspectos fundamentales como el pacto por la electricidad, la promoci\u00f3n de las exportaciones, la reforma laboral para reducir la informalidad y un pacto fiscal que facilite la permanencia y la competitividad de las industrias nacionales, entre otras medidas contempladas en la Estrategia Nacional de Desarrollo.<\/p>\n<\/p>\n<p>Crecimiento<\/p>\n<p>La economista Mora estima que la primera mitad del a\u00f1o 2014 habr\u00e1 un crecimiento superior al 5%,  el cual ser\u00eda menor en la segunda mitad del a\u00f1o.  <\/p>\n<\/p>\n<p>Asimismo, las bajas tasas de inter\u00e9s y entrada de divisas puede estimular el crecimiento del producto interno bruto y el consumo. A esto se a\u00f1aden una estimaci\u00f3n de ingresos que parece ser tambi\u00e9n optimista, afirm\u00f3.<\/p>\n<\/p>\n<p>Retos<\/p>\n<p>En cuanto a la generaci\u00f3n de empleos, las actuales fusiones y adquisiciones en diferentes mercados reducen la posibilidad de menores tasas de desempleo a pesar del mayor crecimiento, dijo.<\/p>\n<\/p>\n<p>Estima que en materia monetaria al final de a\u00f1o podr\u00eda generarse una pol\u00edtica m\u00e1s restrictiva. Advierte  que en las \u00faltimas semanas se observa una fuerte ca\u00edda en los precios del oro, por debajo de US$1,300 la onza, que es la referencia en el presupuesto, situaci\u00f3n que pondr\u00eda en peligro el cumplimiento del d\u00e9ficit estimado, y provocar la necesidad de una mayor deuda interna a final de a\u00f1o, mediante un presupuesto complementario. El 2013 se enmarc\u00f3 en la nueva reforma fiscal, una reducci\u00f3n severa del gasto de capital del Gobierno, y presiones en el tipo de cambio, por un menor flujo de capitales, explic\u00f3.<\/p>\n<\/p>\n<p>((Mundial<\/p>\n<p>Las perspectivas internacionales<\/p>\n<p>De acuerdo a las perspectivas del FMI en su informe econ\u00f3mico mundial, la econom\u00eda estadounidense se proyecta que cierre el 2013 con un crecimiento de un 1.56%, increment\u00e1ndose a 2.59% para 2014, observa la economista Jacqueline Mora. Mientras, por otro lado, el desempleo se ha reducido en casi un 1% , y ya a noviembre el indicador se situ\u00f3 en el nivel m\u00e1s bajo de este a\u00f1o con un 7%. Si esta tendencia contin\u00faa es muy probable que para finales de 2014 la tasa de desempleo este muy cercana al 6%, y con ello existan mayores posibilidades de incremento de tasas de inter\u00e9s durante la segunda mitad del 2014.<\/p>\n<\/p>\n<p> En diciembre la Reserva Federal anunci\u00f3 una reducci\u00f3n en las compras de bonos. En cuanto a la zona euro, se espera que en 2014 cierre con una tasa de crecimiento positiva muy cercana al 1%. China mantiene perspectivas de desaceleraci\u00f3n, con un crecimiento ligeramente inferior al esperado en 2013, alrededor de 7.25%. En cuanto al panorama latinoamericano tambi\u00e9n las expectativas son buenas. Para el a\u00f1o 2014 se espera que la regi\u00f3n de Am\u00e9rica Latina y el Caribe crezca en 3.11%, superior al 2.68% esperado para 2013. La perspectiva anterior tiene en t\u00e9rminos generales buenas implicaciones para Rep\u00fablica Dominicana, con sus retos asociados, explic\u00f3 Mora.<\/p>\n<h6> 2013-12-26 12:12:09 <\/h6>\n<p><!--\n<link rel=\"stylesheet\" href=\"css\/bootstrap.min.css\">\n\n\n<ul class=\"pagination\">\n\t    \n\t\n\n<li >\n\t<a href='?page_no=13993'>Previous<\/a>\n\t<\/li>\n\n\n       \n    \n\n<li><a href='?page_no=1'>1<\/a><\/li>\n\n\n\n<li><a href='?page_no=2'>2<\/a><\/li>\n\n\n\n<li><a>...<\/a><\/li>\n\n\n\n<li><a href='?page_no=13992'>13992<\/a><\/li>\n\n\n\n<li><a href='?page_no=13993'>13993<\/a><\/li>\n\n\n\n<li class='active'><a>13994<\/a><\/li>\n\n\n\n<li><a href='?page_no=13995'>13995<\/a><\/li>\n\n\n\n<li><a href='?page_no=13996'>13996<\/a><\/li>\n\n\n\n<li><a>...<\/a><\/li>\n\n\n\n<li><a href='?page_no=30472'>30472<\/a><\/li>\n\n\n\n<li><a href='?page_no=30473'>30473<\/a><\/li>\n\n    \n\t\n\n<li >\n\t<a href='?page_no=13995'>Next<\/a>\n\t<\/li>\n\n\n    \n\n<li><a href='?page_no=30473'>Last &rsaquo;&rsaquo;<\/a><\/li>\n\n<\/ul>\n\n\n--><br \/>\n<\/body><\/p>\n","protected":false},"excerpt":{"rendered":"<p>Santo Domingo RD 26 diciembre.- El nuevo a\u00f1o que se avecina plantea un sinn\u00famero de se\u00f1ales prometedoras sobre el comportamiento de la actividad econ\u00f3mica ante el curso de la econom\u00eda mundial. A juzgar por los planteamientos de sectores empresariales, del Gobierno y profesionales de la econom\u00eda, el 2014 deja atr\u00e1s el fardo pesado que implican [&hellip;]<\/p>\n","protected":false},"author":3,"featured_media":0,"comment_status":"open","ping_status":"open","sticky":false,"template":"","format":"standard","meta":{"footnotes":""},"categories":[18],"tags":[],"class_list":["post-98435","post","type-post","status-publish","format-standard","hentry","category-economia"],"_links":{"self":[{"href":"https:\/\/diariodominicano.com\/index.php?rest_route=\/wp\/v2\/posts\/98435","targetHints":{"allow":["GET"]}}],"collection":[{"href":"https:\/\/diariodominicano.com\/index.php?rest_route=\/wp\/v2\/posts"}],"about":[{"href":"https:\/\/diariodominicano.com\/index.php?rest_route=\/wp\/v2\/types\/post"}],"author":[{"embeddable":true,"href":"https:\/\/diariodominicano.com\/index.php?rest_route=\/wp\/v2\/users\/3"}],"replies":[{"embeddable":true,"href":"https:\/\/diariodominicano.com\/index.php?rest_route=%2Fwp%2Fv2%2Fcomments&post=98435"}],"version-history":[{"count":0,"href":"https:\/\/diariodominicano.com\/index.php?rest_route=\/wp\/v2\/posts\/98435\/revisions"}],"wp:attachment":[{"href":"https:\/\/diariodominicano.com\/index.php?rest_route=%2Fwp%2Fv2%2Fmedia&parent=98435"}],"wp:term":[{"taxonomy":"category","embeddable":true,"href":"https:\/\/diariodominicano.com\/index.php?rest_route=%2Fwp%2Fv2%2Fcategories&post=98435"},{"taxonomy":"post_tag","embeddable":true,"href":"https:\/\/diariodominicano.com\/index.php?rest_route=%2Fwp%2Fv2%2Ftags&post=98435"}],"curies":[{"name":"wp","href":"https:\/\/api.w.org\/{rel}","templated":true}]}}