{"id":98433,"date":"2013-12-26T13:03:29","date_gmt":"2013-12-26T13:03:29","guid":{"rendered":"http:\/\/diariodominicano.ddns.net\/?p=98433"},"modified":"2013-12-26T13:03:29","modified_gmt":"2013-12-26T13:03:29","slug":"destacan-140-mil-empleos-creados-por-zonas-francas","status":"publish","type":"post","link":"https:\/\/diariodominicano.com\/?p=98433","title":{"rendered":"Destacan 140 mil empleos creados por zonas francas"},"content":{"rendered":"<p><body><\/p>\n<p><img decoding=\"async\" src=\"img3\/zona 26.jpeg\" \/>  <\/p>\n<p>Santiago RD 26 diciembre.- La Uni\u00f3n Nacional de Trabajadores de Zonas Francas (Unatrazonas) declar\u00f3 ayer que en el 2013 ese sector creci\u00f3 de manera significativa, con la generaci\u00f3n de al menos 140 mil empleos directos, y que se espera para el 2014 que esa tendencia siga igual o mejor.<\/p>\n<\/p>\n<p>El secretario general del gremio, Carlos Reyes, dijo que ese crecimiento se refleja en el aumento de los empleos, ya que el porcentaje de trabajadores ha crecido de manera significativa este a\u00f1o en esos parques industriales.<\/p>\n<\/p>\n<p>Sostuvo que actualmente en ese sector los empleos han crecido en m\u00e1s de 140 mil en unas 580 empresas, con la tendencia de continuar su crecimiento el pr\u00f3ximo a\u00f1o.<\/p>\n<\/p>\n<p>El dirigente de la entidad sindical, afiliada a la Confederaci\u00f3n Aut\u00f3noma Sindical Clasista (CASC), inform\u00f3 que para el pr\u00f3ximo a\u00f1o se inaugurar\u00e1 una empresa en el parque industrial del municipio de Tamboril, que generar\u00e1 11 mil 500 empleos directos, lo que dinamizar\u00e1 la econom\u00eda de la provincia de Santiago, principalmente de ese entorno.<\/p>\n<\/p>\n<p>Asimismo, explic\u00f3 que esa empresa tendr\u00e1 un capital chino y vendr\u00e1 a resolver parte de la problem\u00e1tica del desempleo existente en la zona, con la creaci\u00f3n de 11 mil puestos de trabajos fijos y cientos de empleos indirectos.<\/p>\n<\/p>\n<p>Reyes habl\u00f3 durante la fiesta navide\u00f1a ofrecida por Unatrazonas-CASC a sus afiliados, y en la cual fue notoria la presencia de una gran cantidad de trabajadores del sector, quienes aplaudieron el informe con voces de alegr\u00eda. Tambi\u00e9n expusieron Vicente D\u00edaz, secretario general de la CASC en esta ciudad; C\u00e9sar Savi\u00f1\u00f3n,  presidente de la Asociaci\u00f3n de Consumidores y Usuarios de la provincia de Santiago; y Carlos Gonz\u00e1lez, secretario general electo de la seccional de la Federaci\u00f3n Nacional de Trabajadores de la Salud.<\/p>\n<\/p>\n<p>(+)<\/p>\n<p>OTROS SECTORES TAMBI\u00c9N ELOGIAN AUGE DEL SECTOR<\/p>\n<p>Estas apreciaciones del presidente de Unatrazonas, tambi\u00e9n las corrobor\u00f3 hace poco d\u00edas el presidente de la Asociaci\u00f3n de Industrias de la Zona Franca de Santiago, Luis Jos\u00e9 Bonilla Bojos, quien expres\u00f3 el crecimiento que ha experimentado ese sector a partir del 2013. <\/p>\n<\/p>\n<p>Pero tambi\u00e9n algunos establecimientos comerciales del entorno de las zonas francas de Santiago que cerraron a partir del 2008 hasta el 2011, comenzaron a reabrir sus puertas y, en el 2013, la totalidad logr\u00f3 comenzar a operar de nuevo, aunque algunos con diferentes ofertas.<\/p>\n<h6> 2013-12-26 13:03:29 <\/h6>\n<p><!--\n<link rel=\"stylesheet\" href=\"css\/bootstrap.min.css\">\n\n\n<ul class=\"pagination\">\n\t    \n\t\n\n<li >\n\t<a href='?page_no=13991'>Previous<\/a>\n\t<\/li>\n\n\n       \n    \n\n<li><a href='?page_no=1'>1<\/a><\/li>\n\n\n\n<li><a href='?page_no=2'>2<\/a><\/li>\n\n\n\n<li><a>...<\/a><\/li>\n\n\n\n<li><a href='?page_no=13990'>13990<\/a><\/li>\n\n\n\n<li><a href='?page_no=13991'>13991<\/a><\/li>\n\n\n\n<li class='active'><a>13992<\/a><\/li>\n\n\n\n<li><a href='?page_no=13993'>13993<\/a><\/li>\n\n\n\n<li><a href='?page_no=13994'>13994<\/a><\/li>\n\n\n\n<li><a>...<\/a><\/li>\n\n\n\n<li><a href='?page_no=30472'>30472<\/a><\/li>\n\n\n\n<li><a href='?page_no=30473'>30473<\/a><\/li>\n\n    \n\t\n\n<li >\n\t<a href='?page_no=13993'>Next<\/a>\n\t<\/li>\n\n\n    \n\n<li><a href='?page_no=30473'>Last &rsaquo;&rsaquo;<\/a><\/li>\n\n<\/ul>\n\n\n--><br \/>\n<\/body><\/p>\n","protected":false},"excerpt":{"rendered":"<p>Santiago RD 26 diciembre.- La Uni\u00f3n Nacional de Trabajadores de Zonas Francas (Unatrazonas) declar\u00f3 ayer que en el 2013 ese sector creci\u00f3 de manera significativa, con la generaci\u00f3n de al menos 140 mil empleos directos, y que se espera para el 2014 que esa tendencia siga igual o mejor. El secretario general del gremio, Carlos [&hellip;]<\/p>\n","protected":false},"author":3,"featured_media":0,"comment_status":"open","ping_status":"open","sticky":false,"template":"","format":"standard","meta":{"footnotes":""},"categories":[18],"tags":[],"class_list":["post-98433","post","type-post","status-publish","format-standard","hentry","category-economia"],"_links":{"self":[{"href":"https:\/\/diariodominicano.com\/index.php?rest_route=\/wp\/v2\/posts\/98433","targetHints":{"allow":["GET"]}}],"collection":[{"href":"https:\/\/diariodominicano.com\/index.php?rest_route=\/wp\/v2\/posts"}],"about":[{"href":"https:\/\/diariodominicano.com\/index.php?rest_route=\/wp\/v2\/types\/post"}],"author":[{"embeddable":true,"href":"https:\/\/diariodominicano.com\/index.php?rest_route=\/wp\/v2\/users\/3"}],"replies":[{"embeddable":true,"href":"https:\/\/diariodominicano.com\/index.php?rest_route=%2Fwp%2Fv2%2Fcomments&post=98433"}],"version-history":[{"count":0,"href":"https:\/\/diariodominicano.com\/index.php?rest_route=\/wp\/v2\/posts\/98433\/revisions"}],"wp:attachment":[{"href":"https:\/\/diariodominicano.com\/index.php?rest_route=%2Fwp%2Fv2%2Fmedia&parent=98433"}],"wp:term":[{"taxonomy":"category","embeddable":true,"href":"https:\/\/diariodominicano.com\/index.php?rest_route=%2Fwp%2Fv2%2Fcategories&post=98433"},{"taxonomy":"post_tag","embeddable":true,"href":"https:\/\/diariodominicano.com\/index.php?rest_route=%2Fwp%2Fv2%2Ftags&post=98433"}],"curies":[{"name":"wp","href":"https:\/\/api.w.org\/{rel}","templated":true}]}}