{"id":98429,"date":"2013-12-26T14:15:58","date_gmt":"2013-12-26T14:15:58","guid":{"rendered":"http:\/\/diariodominicano.ddns.net\/?p=98429"},"modified":"2013-12-26T14:15:58","modified_gmt":"2013-12-26T14:15:58","slug":"lanzan-proyecto-de-produccion-sostenible-de-cacao","status":"publish","type":"post","link":"https:\/\/diariodominicano.com\/?p=98429","title":{"rendered":"Lanzan proyecto de producci\u00f3n sostenible de cacao"},"content":{"rendered":"<p><body><\/p>\n<p>Santo Domingo RD 26 diciembre.- El Ministerio de Agricultura estableci\u00f3 junto al Programa de las Naciones Unidas para el Desarrollo (PNUD) un nuevo proyecto que tiene como objeto principal asegurar la sostenibilidad econ\u00f3mica, social y ambiental de los productores de cacao en el pa\u00eds y la regi\u00f3n.<\/p>\n<\/p>\n<p>La alianza busca facilitar e identificar las acciones claves para la inter institucionalidad que posibilite la expansi\u00f3n y elaborar un plan de acci\u00f3n para lograr mejores medios de vida para los involucrados en el sector cacaotero.<\/p>\n<\/p>\n<p>Para ello  se realiz\u00f3 un taller \u00abPlataforma Producci\u00f3n Sostenible de Cacao en la Rep\u00fablica Dominicana\u00bb, que propicia un espacio de di\u00e1logo y construcci\u00f3n de agenda entre autoridades de sector p\u00fablico y privado, para la formulaci\u00f3n de un plan en la producci\u00f3n 2014-2018.<\/p>\n<\/p>\n<p>El objeto es asegurar la sostenibilidad econ\u00f3mica, social y ambiental de los productores de cacao, mediante pr\u00e1cticas que incrementen sus oportunidades, propicien su desarrollo humano y maximicen los beneficios al medio ambiente, producidos por el manejo apropiado del cultivo.<\/p>\n<\/p>\n<p>El proyecto esta  dividido en dos fases, la primera es para conocimiento de las limitaciones ambientales, coordinaci\u00f3n para mejorar los medios de vida y movilizaci\u00f3n de los recursos para su ejecuci\u00f3n.<\/p>\n<\/p>\n<p>Posteriormente, en una segunda fase, se pretende ejecutar el plan de acci\u00f3n con el fin de mejorar las oportunidades econ\u00f3micas, medioambientales y de desarrollo, incrementando la producci\u00f3n y la productividad de las fincas, al mismo tiempo que aporta a la reducci\u00f3n de la pobreza de los productores de cacao dominicanos.<\/p>\n<\/p>\n<p>Jos\u00e9 Gonz\u00e1lez, director del Departamento de Cacao del Ministerio de Agricultura inform\u00f3 que con el lanzamiento de est\u00e1 plataforma se busca proveer los recursos t\u00e9cnicos y acciones necesarias para garantizar la sostenibilidad de los productores de cacao de la Rep\u00fablica Dominicana.<\/p>\n<\/p>\n<p>A su vez, dijo que con la aplicaci\u00f3n de este proyecto se explora para conocer y mejorar las t\u00e9cnicas de producci\u00f3n cacaotera a nivel mundial, asegurando la rentabilidad del producto dominicano.<\/p>\n<\/p>\n<p>\u00abEl cacao es un cultivo que siempre se ve amenazado por factores ex\u00f3genos que se escapan de nuestro control, como es el caso de fen\u00f3menos naturales que nos golpean c\u00edclicamente y de igual manera la cotizaci\u00f3n en los precios diarios en las bolsas internacionales, donde se toma m\u00e1s en cuenta las informaciones que a los propios productores\u00a8, puntualiz\u00f3.<\/p>\n<\/p>\n<p>Gonz\u00e1lez dijo que los t\u00e9cnicos de la entidad se encargar\u00e1n de dar las informaciones que necesite el PNUD, con las conclusiones claras y precisas que indiquen las fortalezas y debilidades del subsector para hacer las inversiones puntuales.<\/p>\n<\/p>\n<p>\u00a8En la Direcci\u00f3n de Cacao tenemos dos l\u00edneas de base para la sostenibilidad de la producci\u00f3n, que son una mejor rentabilidad y perdurabilidad del cacao dominicano en los mercados internacionales\u00a8, dijo.<\/p>\n<\/p>\n<p>El foro en el que participaron  t\u00e9cnicos, profesionales, comercializadores y productores de cacao, se  celebr\u00f3  en el Sal\u00f3n Caribe del Hotel Crowne Plaza de Santo Domingo, durante los d\u00edas   12 y 15 de diciembre.<\/p>\n<\/p>\n<p>En 2007, el Programa de las Naciones Unidas para el Desarrollo estableci\u00f3 la \u00abAlianza por el Cacao\u00bb, junto a Mondel\u00e9z Internacional y otras organizaciones.<\/p>\n<\/p>\n<p>Esta alianza tiene el objeto de asegurar la sostenibilidad econ\u00f3mica, social y ambiental de productores de cacao y sus comunidades en varios pa\u00edses del mundo, como Ghana, India e Indonesia y se ha ampliado, a partir del 2013, a la Rep\u00fablica Dominicana.<\/p>\n<h6> 2013-12-26 14:15:58 <\/h6>\n<p><!--\n<link rel=\"stylesheet\" href=\"css\/bootstrap.min.css\">\n\n\n<ul class=\"pagination\">\n\t    \n\t\n\n<li >\n\t<a href='?page_no=13988'>Previous<\/a>\n\t<\/li>\n\n\n       \n    \n\n<li><a href='?page_no=1'>1<\/a><\/li>\n\n\n\n<li><a href='?page_no=2'>2<\/a><\/li>\n\n\n\n<li><a>...<\/a><\/li>\n\n\n\n<li><a href='?page_no=13987'>13987<\/a><\/li>\n\n\n\n<li><a href='?page_no=13988'>13988<\/a><\/li>\n\n\n\n<li class='active'><a>13989<\/a><\/li>\n\n\n\n<li><a href='?page_no=13990'>13990<\/a><\/li>\n\n\n\n<li><a href='?page_no=13991'>13991<\/a><\/li>\n\n\n\n<li><a>...<\/a><\/li>\n\n\n\n<li><a href='?page_no=30472'>30472<\/a><\/li>\n\n\n\n<li><a href='?page_no=30473'>30473<\/a><\/li>\n\n    \n\t\n\n<li >\n\t<a href='?page_no=13990'>Next<\/a>\n\t<\/li>\n\n\n    \n\n<li><a href='?page_no=30473'>Last &rsaquo;&rsaquo;<\/a><\/li>\n\n<\/ul>\n\n\n--><br \/>\n<\/body><\/p>\n","protected":false},"excerpt":{"rendered":"<p>Santo Domingo RD 26 diciembre.- El Ministerio de Agricultura estableci\u00f3 junto al Programa de las Naciones Unidas para el Desarrollo (PNUD) un nuevo proyecto que tiene como objeto principal asegurar la sostenibilidad econ\u00f3mica, social y ambiental de los productores de cacao en el pa\u00eds y la regi\u00f3n. La alianza busca facilitar e identificar las acciones [&hellip;]<\/p>\n","protected":false},"author":3,"featured_media":0,"comment_status":"open","ping_status":"open","sticky":false,"template":"","format":"standard","meta":{"footnotes":""},"categories":[18],"tags":[],"class_list":["post-98429","post","type-post","status-publish","format-standard","hentry","category-economia"],"_links":{"self":[{"href":"https:\/\/diariodominicano.com\/index.php?rest_route=\/wp\/v2\/posts\/98429","targetHints":{"allow":["GET"]}}],"collection":[{"href":"https:\/\/diariodominicano.com\/index.php?rest_route=\/wp\/v2\/posts"}],"about":[{"href":"https:\/\/diariodominicano.com\/index.php?rest_route=\/wp\/v2\/types\/post"}],"author":[{"embeddable":true,"href":"https:\/\/diariodominicano.com\/index.php?rest_route=\/wp\/v2\/users\/3"}],"replies":[{"embeddable":true,"href":"https:\/\/diariodominicano.com\/index.php?rest_route=%2Fwp%2Fv2%2Fcomments&post=98429"}],"version-history":[{"count":0,"href":"https:\/\/diariodominicano.com\/index.php?rest_route=\/wp\/v2\/posts\/98429\/revisions"}],"wp:attachment":[{"href":"https:\/\/diariodominicano.com\/index.php?rest_route=%2Fwp%2Fv2%2Fmedia&parent=98429"}],"wp:term":[{"taxonomy":"category","embeddable":true,"href":"https:\/\/diariodominicano.com\/index.php?rest_route=%2Fwp%2Fv2%2Fcategories&post=98429"},{"taxonomy":"post_tag","embeddable":true,"href":"https:\/\/diariodominicano.com\/index.php?rest_route=%2Fwp%2Fv2%2Ftags&post=98429"}],"curies":[{"name":"wp","href":"https:\/\/api.w.org\/{rel}","templated":true}]}}