{"id":98428,"date":"2013-12-26T14:39:27","date_gmt":"2013-12-26T14:39:27","guid":{"rendered":"http:\/\/diariodominicano.ddns.net\/?p=98428"},"modified":"2013-12-26T14:39:27","modified_gmt":"2013-12-26T14:39:27","slug":"seis-dias-para-renovar-marbetes-sin-recargo","status":"publish","type":"post","link":"https:\/\/diariodominicano.com\/?p=98428","title":{"rendered":"Seis d\u00edas para renovar marbetes sin recargo"},"content":{"rendered":"<p><body><\/p>\n<p>Santo Domingo RD 26 diciembre. S\u00f3lo faltan seis d\u00edas para que finalice el Proceso de Renovaci\u00f3n de Marbete 2013. La Autoridad Metropolitana de Transporte (Amet) reiter\u00f3 que luego de cerrado el plazo, todos los agentes de tr\u00e1nsito se incautar\u00e1n de los veh\u00edculos que transiten por las calles sin el marbete.<\/p>\n<\/p>\n<p>Las personas que despu\u00e9s del primero de enero circulen en veh\u00edculos cuyos marbetes no hayan sido renovados, ser\u00e1n multadas con la suma de RD$1,600, y adem\u00e1s, tendr\u00e1n que pagar por el proceso un recargo de RD$600 en cualquiera de los 700 puntos de renovaci\u00f3n ubicados en bancos y asociaciones del pa\u00eds.<\/p>\n<\/p>\n<p>La Direcci\u00f3n General de Impuestos Internos (DGII) ha advertido que no habr\u00e1 pr\u00f3rrogas, pero que durante todo el mes de enero se mantendr\u00e1n las facilidades de renovar los marbetes, a excepci\u00f3n de los que se solicitaran por la Internet.<\/p>\n<\/p>\n<h6> 2013-12-26 14:39:27 <\/h6>\n<p><!--\n<link rel=\"stylesheet\" href=\"css\/bootstrap.min.css\">\n\n\n<ul class=\"pagination\">\n\t    \n\t\n\n<li >\n\t<a href='?page_no=13987'>Previous<\/a>\n\t<\/li>\n\n\n       \n    \n\n<li><a href='?page_no=1'>1<\/a><\/li>\n\n\n\n<li><a href='?page_no=2'>2<\/a><\/li>\n\n\n\n<li><a>...<\/a><\/li>\n\n\n\n<li><a href='?page_no=13986'>13986<\/a><\/li>\n\n\n\n<li><a href='?page_no=13987'>13987<\/a><\/li>\n\n\n\n<li class='active'><a>13988<\/a><\/li>\n\n\n\n<li><a href='?page_no=13989'>13989<\/a><\/li>\n\n\n\n<li><a href='?page_no=13990'>13990<\/a><\/li>\n\n\n\n<li><a>...<\/a><\/li>\n\n\n\n<li><a href='?page_no=30472'>30472<\/a><\/li>\n\n\n\n<li><a href='?page_no=30473'>30473<\/a><\/li>\n\n    \n\t\n\n<li >\n\t<a href='?page_no=13989'>Next<\/a>\n\t<\/li>\n\n\n    \n\n<li><a href='?page_no=30473'>Last &rsaquo;&rsaquo;<\/a><\/li>\n\n<\/ul>\n\n\n--><br \/>\n<\/body><\/p>\n","protected":false},"excerpt":{"rendered":"<p>Santo Domingo RD 26 diciembre. S\u00f3lo faltan seis d\u00edas para que finalice el Proceso de Renovaci\u00f3n de Marbete 2013. La Autoridad Metropolitana de Transporte (Amet) reiter\u00f3 que luego de cerrado el plazo, todos los agentes de tr\u00e1nsito se incautar\u00e1n de los veh\u00edculos que transiten por las calles sin el marbete. Las personas que despu\u00e9s del [&hellip;]<\/p>\n","protected":false},"author":3,"featured_media":0,"comment_status":"open","ping_status":"open","sticky":false,"template":"","format":"standard","meta":{"footnotes":""},"categories":[18],"tags":[],"class_list":["post-98428","post","type-post","status-publish","format-standard","hentry","category-economia"],"_links":{"self":[{"href":"https:\/\/diariodominicano.com\/index.php?rest_route=\/wp\/v2\/posts\/98428","targetHints":{"allow":["GET"]}}],"collection":[{"href":"https:\/\/diariodominicano.com\/index.php?rest_route=\/wp\/v2\/posts"}],"about":[{"href":"https:\/\/diariodominicano.com\/index.php?rest_route=\/wp\/v2\/types\/post"}],"author":[{"embeddable":true,"href":"https:\/\/diariodominicano.com\/index.php?rest_route=\/wp\/v2\/users\/3"}],"replies":[{"embeddable":true,"href":"https:\/\/diariodominicano.com\/index.php?rest_route=%2Fwp%2Fv2%2Fcomments&post=98428"}],"version-history":[{"count":0,"href":"https:\/\/diariodominicano.com\/index.php?rest_route=\/wp\/v2\/posts\/98428\/revisions"}],"wp:attachment":[{"href":"https:\/\/diariodominicano.com\/index.php?rest_route=%2Fwp%2Fv2%2Fmedia&parent=98428"}],"wp:term":[{"taxonomy":"category","embeddable":true,"href":"https:\/\/diariodominicano.com\/index.php?rest_route=%2Fwp%2Fv2%2Fcategories&post=98428"},{"taxonomy":"post_tag","embeddable":true,"href":"https:\/\/diariodominicano.com\/index.php?rest_route=%2Fwp%2Fv2%2Ftags&post=98428"}],"curies":[{"name":"wp","href":"https:\/\/api.w.org\/{rel}","templated":true}]}}