{"id":98424,"date":"2013-12-27T14:52:50","date_gmt":"2013-12-27T14:52:50","guid":{"rendered":"http:\/\/diariodominicano.ddns.net\/?p=98424"},"modified":"2013-12-27T14:52:50","modified_gmt":"2013-12-27T14:52:50","slug":"danilo-medina-y-el-credito-solidario-asigno-al-feda-una-partida-de-rd125-millones-en-el-2012","status":"publish","type":"post","link":"https:\/\/diariodominicano.com\/?p=98424","title":{"rendered":"Danilo Medina y el cr\u00e9dito solidario; asign\u00f3 al FEDA una partida de RD$125 millones en el 2012"},"content":{"rendered":"<p><body><\/p>\n<p><img decoding=\"async\" src=\"img3\/medina 27.jpeg\" \/>  <\/p>\n<p>Santo Domingo RD 27 diciembre.- Para entender a fondo las \u00abvisitas sorpresas\u00bb del Presidente de la Rep\u00fablica  en su cruzada por los campos pobres de nuestro pa\u00eds, es recomendable conocer la visi\u00f3n de \u00e9ste sobre la necesidad del desarrollo agropecuario,  como prioridad,  para disminuir considerablemente la pobreza absoluta en nuestro pa\u00eds. <\/p>\n<\/p>\n<p>Una lectura pol\u00edtica de sus  tres comparecencias oficiales ante el pa\u00eds (16 de agosto del 2012, discurso por sus 100 d\u00edas de gobierno, y discurso de rendici\u00f3n de cuentas el 27 de febrero del 2013) evidencia que detr\u00e1s de las ejecutorias del Presidente actual hay una coherencia que obedece, primero a su convicci\u00f3n sobre las v\u00edas de desarrollo del campo, y segundo, el cumplimiento riguroso de sus promesas de campa\u00f1a electoral  reci\u00e9n pasadas. <\/p>\n<\/p>\n<p>En su primera referencia  oficial al papel del cr\u00e9dito como detonante para impulsar la locomotora del desarrollo agropecuario, el Presidente dijo: \u00abNuestro sector agropecuario vivir\u00e1 un renacer, porque estamos decididos a resolver problemas estructurales que les afectan, como el financiamiento, los seguros agr\u00edcolas y la propiedad de la tierra\u00bb. De ah\u00ed, la decisi\u00f3n de reforzar el Fondo Especial para el Desarrollo Agropecuario (FEDA) \u00abcon el fin de canalizar cr\u00e9dito solidario blando para las peque\u00f1as y medianas empresas familiares\u00bb&#8230;<\/p>\n<\/p>\n<p>Durante d\u00e9cadas, nuestros productores del campo, organizados en asociaciones de campesinos  y cooperativas, han demandado  cr\u00e9dito a los diferentes gobiernos; peticiones \u00e9stas que han  clamado en el desierto, dado que el sector agropecuario hist\u00f3ricamente ha  sido ubicado dentro de la \u00abfranja de alto riesgo\u00bb  por las agencias calificadoras locales e internacionales, que clasifican el cr\u00e9dito a los peque\u00f1os y medianos productores dentro de la categor\u00eda \u00abTriple C\u00bb; esto es, \u00abprobabilidad de impago\u00bb o \u00abinversi\u00f3n poco segura\u00bb. <\/p>\n<\/p>\n<p>El Presidente Danilo Medina, rompiendo ese paradigma fatal que ha marginado a un segmento que tiene asignado un papel estelar en la estrategia por la seguridad alimentaria de nuestro pa\u00eds, al cumplir sus cien d\u00edas de gobierno, expres\u00f3: \u00ab&#8230;vamos a apoyar todas las cooperativas de producci\u00f3n solidarias en todo lo largo y ancho del pa\u00eds, para elevar las condiciones de vida de nuestra gente del campo\u00bb. <\/p>\n<\/p>\n<p>Asignaci\u00f3n de fondos<\/p>\n<p>En su alocuci\u00f3n ante la Asamblea Nacional  el 27 de febrero del presente a\u00f1o, el Presidente anunci\u00f3 al pa\u00eds la concreci\u00f3n de su visi\u00f3n sobre el cr\u00e9dito solidario: \u00abAl Fondo Especial para el Desarrollo Agropecuario (FEDA) se le asign\u00f3 una partida extraordinaria de 125 millones de pesos para el \u00faltimo cuatrimestre del 2012, y en este a\u00f1o cuenta con mil millones de pesos\u00bb\u00d6. Recursos que\u00d6\u00bbservir\u00e1n para la producci\u00f3n de alimentos y construcci\u00f3n de peque\u00f1as obras de infraestructura productiva, como invernaderos, apiarios, granjas de aves, estanques pisc\u00edcolas, etc\u00bb.<\/p>\n<\/p>\n<p>Previo a ese anuncio del Presidente, y por su propio mandato, el FEDA hab\u00eda iniciado un plan de evaluaci\u00f3n de cientos de solicitudes de cr\u00e9ditos de asociaciones y cooperativas de peque\u00f1os y medianos productores, acogi\u00e9ndose a la noci\u00f3n de \u00abcr\u00e9dito solidario\u00bb del Presidente de la Rep\u00fablica; un cr\u00e9dito que toma como elementos b\u00e1sicos, variables como: solidez y grado de fortaleza e institucionalidad de la organizaci\u00f3n, seriedad de los solicitantes, tiempo en la comunidad, sus experiencias como productores agropecuarios, referencias de los l\u00edderes de su entorno geogr\u00e1fico, entre otros aspectos, y no su \u00abhistorial crediticio\u00bb ya que los peque\u00f1os productores del campo no tienen \u00abhistorial crediticio\u00bb, ni bueno ni malo, porque nunca han calificado para un cr\u00e9dito agr\u00edcola; ni siquiera para la adquisici\u00f3n de un simple electrodom\u00e9stico. <\/p>\n<\/p>\n<p>Cooperativas y asociaciones<\/p>\n<p>El resultado de todo lo anterior es que el FEDA ha financiado m\u00e1s de 90 proyectos exitosos, invirtiendo m\u00e1s de 900 millones de pesos en financiamientos a peque\u00f1os y medianos productores a una  tasa de apenas un 5% anual, y  18 mil familias incorporadas a una variedad de actividades productivas<\/p>\n<\/p>\n<p>No es casual entonces, que decenas de integrantes de cooperativas y  asociaciones de productores agropecuarios de toda la geograf\u00eda nacional, acudan diariamente al FEDA con sus propuestas y solicitudes de financiamientos, obligando  su  Director Ejecutivo a una jornada de 8:00 a.m., a 8:00 p.m., y citando al Presidente Danilo Medina, expresan: \u00ab\u00d6 estamos aqu\u00ed porque el Presidente de la Rep\u00fablica est\u00e1 enfocado en resolver la pobreza en el medio rural\u00bb.  Danilo cambi\u00f3 el paradigma de la categor\u00eda \u00abTriple C\u00bb, probabilidad de \u00abimpago, a la probabilidad \u00abTriple A\u00bb,  equivalente a la  \u00abinversi\u00f3n fuerte y segura\u00bb, donde la seriedad es el principal aval crediticio del peque\u00f1o y mediano productor dominicano. Ah\u00ed est\u00e1 la esencia del cr\u00e9dito solidario.<\/p>\n<h6> 2013-12-27 14:52:50 <\/h6>\n<p><!--\n<link rel=\"stylesheet\" href=\"css\/bootstrap.min.css\">\n\n\n<ul class=\"pagination\">\n\t    \n\t\n\n<li >\n\t<a href='?page_no=13983'>Previous<\/a>\n\t<\/li>\n\n\n       \n    \n\n<li><a href='?page_no=1'>1<\/a><\/li>\n\n\n\n<li><a href='?page_no=2'>2<\/a><\/li>\n\n\n\n<li><a>...<\/a><\/li>\n\n\n\n<li><a href='?page_no=13982'>13982<\/a><\/li>\n\n\n\n<li><a href='?page_no=13983'>13983<\/a><\/li>\n\n\n\n<li class='active'><a>13984<\/a><\/li>\n\n\n\n<li><a href='?page_no=13985'>13985<\/a><\/li>\n\n\n\n<li><a href='?page_no=13986'>13986<\/a><\/li>\n\n\n\n<li><a>...<\/a><\/li>\n\n\n\n<li><a href='?page_no=30472'>30472<\/a><\/li>\n\n\n\n<li><a href='?page_no=30473'>30473<\/a><\/li>\n\n    \n\t\n\n<li >\n\t<a href='?page_no=13985'>Next<\/a>\n\t<\/li>\n\n\n    \n\n<li><a href='?page_no=30473'>Last &rsaquo;&rsaquo;<\/a><\/li>\n\n<\/ul>\n\n\n--><br \/>\n<\/body><\/p>\n","protected":false},"excerpt":{"rendered":"<p>Santo Domingo RD 27 diciembre.- Para entender a fondo las \u00abvisitas sorpresas\u00bb del Presidente de la Rep\u00fablica en su cruzada por los campos pobres de nuestro pa\u00eds, es recomendable conocer la visi\u00f3n de \u00e9ste sobre la necesidad del desarrollo agropecuario, como prioridad, para disminuir considerablemente la pobreza absoluta en nuestro pa\u00eds. Una lectura pol\u00edtica de [&hellip;]<\/p>\n","protected":false},"author":3,"featured_media":0,"comment_status":"open","ping_status":"open","sticky":false,"template":"","format":"standard","meta":{"footnotes":""},"categories":[18],"tags":[],"class_list":["post-98424","post","type-post","status-publish","format-standard","hentry","category-economia"],"_links":{"self":[{"href":"https:\/\/diariodominicano.com\/index.php?rest_route=\/wp\/v2\/posts\/98424","targetHints":{"allow":["GET"]}}],"collection":[{"href":"https:\/\/diariodominicano.com\/index.php?rest_route=\/wp\/v2\/posts"}],"about":[{"href":"https:\/\/diariodominicano.com\/index.php?rest_route=\/wp\/v2\/types\/post"}],"author":[{"embeddable":true,"href":"https:\/\/diariodominicano.com\/index.php?rest_route=\/wp\/v2\/users\/3"}],"replies":[{"embeddable":true,"href":"https:\/\/diariodominicano.com\/index.php?rest_route=%2Fwp%2Fv2%2Fcomments&post=98424"}],"version-history":[{"count":0,"href":"https:\/\/diariodominicano.com\/index.php?rest_route=\/wp\/v2\/posts\/98424\/revisions"}],"wp:attachment":[{"href":"https:\/\/diariodominicano.com\/index.php?rest_route=%2Fwp%2Fv2%2Fmedia&parent=98424"}],"wp:term":[{"taxonomy":"category","embeddable":true,"href":"https:\/\/diariodominicano.com\/index.php?rest_route=%2Fwp%2Fv2%2Fcategories&post=98424"},{"taxonomy":"post_tag","embeddable":true,"href":"https:\/\/diariodominicano.com\/index.php?rest_route=%2Fwp%2Fv2%2Ftags&post=98424"}],"curies":[{"name":"wp","href":"https:\/\/api.w.org\/{rel}","templated":true}]}}