{"id":98422,"date":"2013-12-27T15:21:31","date_gmt":"2013-12-27T15:21:31","guid":{"rendered":"http:\/\/diariodominicano.ddns.net\/?p=98422"},"modified":"2013-12-27T15:21:31","modified_gmt":"2013-12-27T15:21:31","slug":"el-comercio-vuelve-a-dinamizarse-tras-asueto-por-dia-de-navidad","status":"publish","type":"post","link":"https:\/\/diariodominicano.com\/?p=98422","title":{"rendered":"El comercio vuelve a dinamizarse, tras asueto por d\u00eda de Navidad"},"content":{"rendered":"<p><body><\/p>\n<p><img decoding=\"async\" src=\"img3\/calor 27.jpg\" \/>  <\/p>\n<p>Santo Domingo RD 27 diciembre.- El comercio volvi\u00f3 a dinamizarse ayer en la capital, luego del asueto comercial de un d\u00eda, tras la celebraci\u00f3n de la Nochebuena, que gener\u00f3 una gran actividad econ\u00f3mica y largos entaponamientos en el Distrito Nacional.<\/p>\n<\/p>\n<p>Aunque se redujo en gran medida la venta de pan telera, pavo, cerdo, pollo, manzanas y uvas, principales alimentos para celebrar la Nochebuena, muchas personas se encontraban ayer comprando ropa, zapatos y juguetes, prepar\u00e1ndose para estrenar prendas de vestir en A\u00f1o Nuevo, y para hacer regalos a los ni\u00f1os el D\u00eda de Reyes.<\/p>\n<\/p>\n<p>\u00abYo soy profesora en el interior del pa\u00eds, y vine a cobrar a la capital para comprar las ropas y los juguetes que van a estrenar mis hijas en A\u00f1o Nuevo y el D\u00eda de Reyes\u00bb, expres\u00f3 Rawall Keila Santana, quien se encontraba en una tienda de la avenida Duarte.<\/p>\n<\/p>\n<p>Santana, quien vive en San Pedro de Macor\u00eds, manifest\u00f3 que sali\u00f3 para la capital, b\u00e1sicamente, porque quer\u00eda comprar los regalos de sus dos hijas, una de 4 y otra de 11 a\u00f1os.<\/p>\n<\/p>\n<p>En tanto que la joven Arlin N\u00fa\u00f1ez, quien se encontraba en otra tienda del centro de la ciudad, al hablar para Diario Libre, expres\u00f3 que sali\u00f3 a comprar un tinte de pelo para esperar el a\u00f1o nuevo con una imagen renovada.<\/p>\n<\/p>\n<p>\u00abYa yo compr\u00e9 la pinta nueva que me voy a estrenar, y me faltaba el color de pelo y vine a comprarlo\u00bb, indic\u00f3 N\u00fa\u00f1ez, quien tiene la cabellera rubia, y expres\u00f3 que se va a retocar para que aclararla un poco m\u00e1s.<\/p>\n<\/p>\n<p>Las principales arterias comerciales de la capital, como la calle El Conde, la avenida Mella, la Duarte y la Jos\u00e9 Mart\u00ed, aunque permit\u00edan transitar sin inconvenientes, se percib\u00eda una gran cantidad de personas circulando por esas zonas.<\/p>\n<\/p>\n<p>Ramona Flores, quien tambi\u00e9n labora en una tienda, dijo que solicit\u00f3 un permiso en su trabajo, para poder comprar las ropas y juguetes de sus hijos, porque cuando termina su jornada laboral, siempre se le hace tarde para comprar para ella y su familia.<\/p>\n<\/p>\n<p>Tras un desempe\u00f1o negativo, que se extendi\u00f3 desde el primero hasta el tercer trimestre de este a\u00f1o, el comercio dominicano ha estado presentando una mejor\u00eda en sus ventas desde los primeros d\u00edas de diciembre, lo que se percibe por el gran dinamismo que se ha visto desde entonces en las principales plazas comerciales del pa\u00eds.<\/p>\n<\/p>\n<p>Este dinamismo se empez\u00f3 a registrar luego del viernes negro celebrado en RD, cuando una cantidad de tiendas colocaron grandes ofertas. Sin embargo, despu\u00e9s que el Gobierno y el sector privado pagaron la regal\u00eda pascual fue cuando m\u00e1s se dinamiz\u00f3 el comercio en el pa\u00eds.<\/p>\n<\/p>\n<p><strong>El comercio cayo 3.2% en 9 meses <\/strong><\/p>\n<\/p>\n<p>En el per\u00edodo enero-septiembre 2013, la actividad del comercio experiment\u00f3 una ca\u00edda acumulada de 3.2%, la cual, seg\u00fan el Banco Central (BC), contrasta con el crecimiento de 6.1% logrado durante el mismo per\u00edodo de 2012. Este comportamiento, de acuerdo con el BC, se explica fundamentalmente por la disminuci\u00f3n de 7.0% experimentada por las importaciones comercializables, unido a un menor volumen de producci\u00f3n de la manufactura local, destinada principalmente a la demanda externa.<\/p>\n<h6> 2013-12-27 15:21:31 <\/h6>\n<p><!--\n<link rel=\"stylesheet\" href=\"css\/bootstrap.min.css\">\n\n\n<ul class=\"pagination\">\n\t    \n\t\n\n<li >\n\t<a href='?page_no=13981'>Previous<\/a>\n\t<\/li>\n\n\n       \n    \n\n<li><a href='?page_no=1'>1<\/a><\/li>\n\n\n\n<li><a href='?page_no=2'>2<\/a><\/li>\n\n\n\n<li><a>...<\/a><\/li>\n\n\n\n<li><a href='?page_no=13980'>13980<\/a><\/li>\n\n\n\n<li><a href='?page_no=13981'>13981<\/a><\/li>\n\n\n\n<li class='active'><a>13982<\/a><\/li>\n\n\n\n<li><a href='?page_no=13983'>13983<\/a><\/li>\n\n\n\n<li><a href='?page_no=13984'>13984<\/a><\/li>\n\n\n\n<li><a>...<\/a><\/li>\n\n\n\n<li><a href='?page_no=30472'>30472<\/a><\/li>\n\n\n\n<li><a href='?page_no=30473'>30473<\/a><\/li>\n\n    \n\t\n\n<li >\n\t<a href='?page_no=13983'>Next<\/a>\n\t<\/li>\n\n\n    \n\n<li><a href='?page_no=30473'>Last &rsaquo;&rsaquo;<\/a><\/li>\n\n<\/ul>\n\n\n--><br \/>\n<\/body><\/p>\n","protected":false},"excerpt":{"rendered":"<p>Santo Domingo RD 27 diciembre.- El comercio volvi\u00f3 a dinamizarse ayer en la capital, luego del asueto comercial de un d\u00eda, tras la celebraci\u00f3n de la Nochebuena, que gener\u00f3 una gran actividad econ\u00f3mica y largos entaponamientos en el Distrito Nacional. Aunque se redujo en gran medida la venta de pan telera, pavo, cerdo, pollo, manzanas [&hellip;]<\/p>\n","protected":false},"author":3,"featured_media":0,"comment_status":"open","ping_status":"open","sticky":false,"template":"","format":"standard","meta":{"footnotes":""},"categories":[18],"tags":[],"class_list":["post-98422","post","type-post","status-publish","format-standard","hentry","category-economia"],"_links":{"self":[{"href":"https:\/\/diariodominicano.com\/index.php?rest_route=\/wp\/v2\/posts\/98422","targetHints":{"allow":["GET"]}}],"collection":[{"href":"https:\/\/diariodominicano.com\/index.php?rest_route=\/wp\/v2\/posts"}],"about":[{"href":"https:\/\/diariodominicano.com\/index.php?rest_route=\/wp\/v2\/types\/post"}],"author":[{"embeddable":true,"href":"https:\/\/diariodominicano.com\/index.php?rest_route=\/wp\/v2\/users\/3"}],"replies":[{"embeddable":true,"href":"https:\/\/diariodominicano.com\/index.php?rest_route=%2Fwp%2Fv2%2Fcomments&post=98422"}],"version-history":[{"count":0,"href":"https:\/\/diariodominicano.com\/index.php?rest_route=\/wp\/v2\/posts\/98422\/revisions"}],"wp:attachment":[{"href":"https:\/\/diariodominicano.com\/index.php?rest_route=%2Fwp%2Fv2%2Fmedia&parent=98422"}],"wp:term":[{"taxonomy":"category","embeddable":true,"href":"https:\/\/diariodominicano.com\/index.php?rest_route=%2Fwp%2Fv2%2Fcategories&post=98422"},{"taxonomy":"post_tag","embeddable":true,"href":"https:\/\/diariodominicano.com\/index.php?rest_route=%2Fwp%2Fv2%2Ftags&post=98422"}],"curies":[{"name":"wp","href":"https:\/\/api.w.org\/{rel}","templated":true}]}}