{"id":98417,"date":"2013-12-28T14:03:49","date_gmt":"2013-12-28T14:03:49","guid":{"rendered":"http:\/\/diariodominicano.ddns.net\/?p=98417"},"modified":"2013-12-28T14:03:49","modified_gmt":"2013-12-28T14:03:49","slug":"supermercados-asumiran-el-incremento-del-itbis-en-enero","status":"publish","type":"post","link":"https:\/\/diariodominicano.com\/?p=98417","title":{"rendered":"Supermercados asumir\u00e1n el incremento del Itbis en enero"},"content":{"rendered":"<p><body><\/p>\n<p>Santo Domingo RD 28 diciembre.- Los principales supermercados del pa\u00eds han estado anunciando de manera separada que asumir\u00e1n, durante el pr\u00f3ximo mes de enero, el incremento del Impuesto sobre la Transferencia de Bienes Industrializados y Servicios (Itbis), que est\u00e1 pautado subir de 8% a un 11 en el 2014 para los productos b\u00e1sicos gravados con este tributo.<\/p>\n<\/p>\n<p>El viernes, los supermercados Nacional y Bravo anunciaron que asumir\u00edan este incremento, pero m\u00e1s tarde se dio conocer que tambi\u00e9n La Sirena, el S\u00faper Pola y Jumbo dejar\u00e1n sin efecto para sus clientes el incremento tributario durante el mes de enero.<\/p>\n<\/p>\n<p>\u00abGrupo Ramos, con sus marcas La Sirena, Super Pola y Aprezio, absorber\u00e1 el aumento del ITBIS durante todo el mes de enero de 2014, con la finalidad de disminuir el impacto de \u00e9ste en la econom\u00eda de sus clientes\u00bb, expres\u00f3 esta empresa en su cuenta de Facebook.<\/p>\n<\/p>\n<p>La decisi\u00f3n de no aplicar el incremento del Itbis a los productos b\u00e1sicos fue tomada de forma individual por cada establecimiento.<\/p>\n<\/p>\n<p>La Organizaci\u00f3n Nacional de Empresas Comerciales dijo que investigar\u00e1 con sus miembros para saber si otros supermercados tambi\u00e9n asumir\u00edan el aumento.<\/p>\n<h6> 2013-12-28 14:03:49 <\/h6>\n<p><!--\n<link rel=\"stylesheet\" href=\"css\/bootstrap.min.css\">\n\n\n<ul class=\"pagination\">\n\t    \n\t\n\n<li >\n\t<a href='?page_no=13977'>Previous<\/a>\n\t<\/li>\n\n\n       \n    \n\n<li><a href='?page_no=1'>1<\/a><\/li>\n\n\n\n<li><a href='?page_no=2'>2<\/a><\/li>\n\n\n\n<li><a>...<\/a><\/li>\n\n\n\n<li><a href='?page_no=13976'>13976<\/a><\/li>\n\n\n\n<li><a href='?page_no=13977'>13977<\/a><\/li>\n\n\n\n<li class='active'><a>13978<\/a><\/li>\n\n\n\n<li><a href='?page_no=13979'>13979<\/a><\/li>\n\n\n\n<li><a href='?page_no=13980'>13980<\/a><\/li>\n\n\n\n<li><a>...<\/a><\/li>\n\n\n\n<li><a href='?page_no=30472'>30472<\/a><\/li>\n\n\n\n<li><a href='?page_no=30473'>30473<\/a><\/li>\n\n    \n\t\n\n<li >\n\t<a href='?page_no=13979'>Next<\/a>\n\t<\/li>\n\n\n    \n\n<li><a href='?page_no=30473'>Last &rsaquo;&rsaquo;<\/a><\/li>\n\n<\/ul>\n\n\n--><br \/>\n<\/body><\/p>\n","protected":false},"excerpt":{"rendered":"<p>Santo Domingo RD 28 diciembre.- Los principales supermercados del pa\u00eds han estado anunciando de manera separada que asumir\u00e1n, durante el pr\u00f3ximo mes de enero, el incremento del Impuesto sobre la Transferencia de Bienes Industrializados y Servicios (Itbis), que est\u00e1 pautado subir de 8% a un 11 en el 2014 para los productos b\u00e1sicos gravados con [&hellip;]<\/p>\n","protected":false},"author":3,"featured_media":0,"comment_status":"open","ping_status":"open","sticky":false,"template":"","format":"standard","meta":{"footnotes":""},"categories":[18],"tags":[],"class_list":["post-98417","post","type-post","status-publish","format-standard","hentry","category-economia"],"_links":{"self":[{"href":"https:\/\/diariodominicano.com\/index.php?rest_route=\/wp\/v2\/posts\/98417","targetHints":{"allow":["GET"]}}],"collection":[{"href":"https:\/\/diariodominicano.com\/index.php?rest_route=\/wp\/v2\/posts"}],"about":[{"href":"https:\/\/diariodominicano.com\/index.php?rest_route=\/wp\/v2\/types\/post"}],"author":[{"embeddable":true,"href":"https:\/\/diariodominicano.com\/index.php?rest_route=\/wp\/v2\/users\/3"}],"replies":[{"embeddable":true,"href":"https:\/\/diariodominicano.com\/index.php?rest_route=%2Fwp%2Fv2%2Fcomments&post=98417"}],"version-history":[{"count":0,"href":"https:\/\/diariodominicano.com\/index.php?rest_route=\/wp\/v2\/posts\/98417\/revisions"}],"wp:attachment":[{"href":"https:\/\/diariodominicano.com\/index.php?rest_route=%2Fwp%2Fv2%2Fmedia&parent=98417"}],"wp:term":[{"taxonomy":"category","embeddable":true,"href":"https:\/\/diariodominicano.com\/index.php?rest_route=%2Fwp%2Fv2%2Fcategories&post=98417"},{"taxonomy":"post_tag","embeddable":true,"href":"https:\/\/diariodominicano.com\/index.php?rest_route=%2Fwp%2Fv2%2Ftags&post=98417"}],"curies":[{"name":"wp","href":"https:\/\/api.w.org\/{rel}","templated":true}]}}