{"id":98415,"date":"2013-12-28T15:57:11","date_gmt":"2013-12-28T15:57:11","guid":{"rendered":"http:\/\/diariodominicano.ddns.net\/?p=98415"},"modified":"2013-12-28T15:57:11","modified_gmt":"2013-12-28T15:57:11","slug":"prorrogan-hasta-el-7-de-enero-para-expedicion-revista-de-los-vehiculos","status":"publish","type":"post","link":"https:\/\/diariodominicano.com\/?p=98415","title":{"rendered":"Prorrogan hasta el 7 de enero para  expedici\u00f3n revista de los veh\u00edculos"},"content":{"rendered":"<p><body><\/p>\n<p>Santo Domingo RD 28 diciembre.- Las autoridades decidieron prorrogar hasta el 7 de enero el plazo dado para renovar las revistas de los veh\u00edculos de motor.<\/p>\n<\/p>\n<p>Inicialmente el plazo deb\u00eda vencer este pr\u00f3ximo 31 de diciembre, y seg\u00fan advert\u00eda la Direcci\u00f3n General de Tr\u00e1nsito Terrestre (DGTT), no se otorgar\u00edan plazos.<\/p>\n<\/p>\n<p>Sin embargo, este s\u00e1bado el ministro de Obras P\u00fablicas y Comunicaciones, Gonzalo Castillo, anunci\u00f3 oficialmente prolongar el plazo hasta el d\u00eda 7 de enero, a fin de permitir que todos los conductores o due\u00f1os de veh\u00edculos puedan expedir el documento.<\/p>\n<\/p>\n<p>La medida fue adoptada debido a una gran cantidad de personas aun no han podido obtener la revista para sus veh\u00edculos cuando apenas faltaban dos d\u00edas h\u00e1biles para obtener la misma.<\/p>\n<\/p>\n<p>En las \u00faltimas horas cientos de personas se han estado agolpando en las oficinas de la Direcci\u00f3n General de Tr\u00e1nsito Terrestre (DGTT) y en las diferentes estafetas de instituciones bancarias donde tambi\u00e9n  se puede expedir la revista, documento que se supone es garant\u00eda de que el veh\u00edculo est\u00e1 en condiciones para transitar en las v\u00edas p\u00fablicas.<\/p>\n<h6> 2013-12-28 15:57:11 <\/h6>\n<p><!--\n<link rel=\"stylesheet\" href=\"css\/bootstrap.min.css\">\n\n\n<ul class=\"pagination\">\n\t    \n\t\n\n<li >\n\t<a href='?page_no=13975'>Previous<\/a>\n\t<\/li>\n\n\n       \n    \n\n<li><a href='?page_no=1'>1<\/a><\/li>\n\n\n\n<li><a href='?page_no=2'>2<\/a><\/li>\n\n\n\n<li><a>...<\/a><\/li>\n\n\n\n<li><a href='?page_no=13974'>13974<\/a><\/li>\n\n\n\n<li><a href='?page_no=13975'>13975<\/a><\/li>\n\n\n\n<li class='active'><a>13976<\/a><\/li>\n\n\n\n<li><a href='?page_no=13977'>13977<\/a><\/li>\n\n\n\n<li><a href='?page_no=13978'>13978<\/a><\/li>\n\n\n\n<li><a>...<\/a><\/li>\n\n\n\n<li><a href='?page_no=30472'>30472<\/a><\/li>\n\n\n\n<li><a href='?page_no=30473'>30473<\/a><\/li>\n\n    \n\t\n\n<li >\n\t<a href='?page_no=13977'>Next<\/a>\n\t<\/li>\n\n\n    \n\n<li><a href='?page_no=30473'>Last &rsaquo;&rsaquo;<\/a><\/li>\n\n<\/ul>\n\n\n--><br \/>\n<\/body><\/p>\n","protected":false},"excerpt":{"rendered":"<p>Santo Domingo RD 28 diciembre.- Las autoridades decidieron prorrogar hasta el 7 de enero el plazo dado para renovar las revistas de los veh\u00edculos de motor. Inicialmente el plazo deb\u00eda vencer este pr\u00f3ximo 31 de diciembre, y seg\u00fan advert\u00eda la Direcci\u00f3n General de Tr\u00e1nsito Terrestre (DGTT), no se otorgar\u00edan plazos. Sin embargo, este s\u00e1bado el [&hellip;]<\/p>\n","protected":false},"author":3,"featured_media":0,"comment_status":"open","ping_status":"open","sticky":false,"template":"","format":"standard","meta":{"footnotes":""},"categories":[18],"tags":[],"class_list":["post-98415","post","type-post","status-publish","format-standard","hentry","category-economia"],"_links":{"self":[{"href":"https:\/\/diariodominicano.com\/index.php?rest_route=\/wp\/v2\/posts\/98415","targetHints":{"allow":["GET"]}}],"collection":[{"href":"https:\/\/diariodominicano.com\/index.php?rest_route=\/wp\/v2\/posts"}],"about":[{"href":"https:\/\/diariodominicano.com\/index.php?rest_route=\/wp\/v2\/types\/post"}],"author":[{"embeddable":true,"href":"https:\/\/diariodominicano.com\/index.php?rest_route=\/wp\/v2\/users\/3"}],"replies":[{"embeddable":true,"href":"https:\/\/diariodominicano.com\/index.php?rest_route=%2Fwp%2Fv2%2Fcomments&post=98415"}],"version-history":[{"count":0,"href":"https:\/\/diariodominicano.com\/index.php?rest_route=\/wp\/v2\/posts\/98415\/revisions"}],"wp:attachment":[{"href":"https:\/\/diariodominicano.com\/index.php?rest_route=%2Fwp%2Fv2%2Fmedia&parent=98415"}],"wp:term":[{"taxonomy":"category","embeddable":true,"href":"https:\/\/diariodominicano.com\/index.php?rest_route=%2Fwp%2Fv2%2Fcategories&post=98415"},{"taxonomy":"post_tag","embeddable":true,"href":"https:\/\/diariodominicano.com\/index.php?rest_route=%2Fwp%2Fv2%2Ftags&post=98415"}],"curies":[{"name":"wp","href":"https:\/\/api.w.org\/{rel}","templated":true}]}}