{"id":98414,"date":"2013-12-28T17:12:07","date_gmt":"2013-12-28T17:12:07","guid":{"rendered":"http:\/\/diariodominicano.ddns.net\/?p=98414"},"modified":"2013-12-28T17:12:07","modified_gmt":"2013-12-28T17:12:07","slug":"comerciantes-piden-posponer-fecha-impresoras-fiscales","status":"publish","type":"post","link":"https:\/\/diariodominicano.com\/?p=98414","title":{"rendered":"Comerciantes piden  posponer  fecha impresoras fiscales"},"content":{"rendered":"<p><body><\/p>\n<p><span class=\"text1noticias\"> Nagua, Mar\u00eda Trinidad S\u00e1nchez, RD, 28 de Diciembre.- Comerciantes  de la provincia  Maria  Trinidad Sanchez solicitaron al presidente Danilo  Medina   derogar  el decreto  que  exigen  la  instalacion  de  impresoras  fiscales   en  los negocios, al tiempo  que  pidieron posponer   para  el  2015 la  puesta  en  vigencia  de  dichos  instrumentos.<\/span><\/p>\n<\/p>\n<p><span class=\"text1noticias\">Ernestina Espinal, abogada y contable,  en  representaci\u00f3n de  decenas  de  comerciantes  del  municipio  de Nagua encareci\u00f3  del  primer mandatario  dar  un espacio  m\u00e1s  de tiempo  a los  hombres del  comercio,  dado  que  a la fecha  el noventa  por ciento  de los  negocios  no tiene  los  equipos,  a sabiendas  que  el  plazo  vence  este  31  de  diciembre.<\/span><\/p>\n<\/p>\n<p><span class=\"text1noticias\">Espinal,  propietaria  de  Bodega  Flowicar, ponder\u00f3  del primer  mandatario  ecuanimidad  ante  la  presi\u00f3n  de la Direcci\u00f3n  General  de  Impuestos  Internos para  con los  comerciantes,  dado  que el  presente a\u00f1o  fue  de  grav\u00e1menes   e incremento  de gastos  en el sector.<\/span><\/p>\n<\/p>\n<p><span class=\"text1noticias\">Expres\u00f3  que  los  comerciantes  agrupados  en  diferentes  asociaciones  har\u00e1n el pedido  al  presidente  compelidos     a la  sin raz\u00f3n  de las  autoridades  de la  DGII.<\/span><\/p>\n<\/p>\n<p><span class=\"text1noticias\"> Ernestina  Espinal   llam\u00f3  del  primer mandatario   escuchar  los comerciantes manifestando  que lo  m\u00e1s  razonable  es posponer  la entrada  en vigencia  de  la  instalaci\u00f3n d e las  impresoras  fiscales para  el pr\u00f3ximo  a\u00f1o.(HG)<\/span>.<\/p>\n<h6> 2013-12-28 17:12:07 <\/h6>\n<p><!--\n<link rel=\"stylesheet\" href=\"css\/bootstrap.min.css\">\n\n\n<ul class=\"pagination\">\n\t    \n\t\n\n<li >\n\t<a href='?page_no=13974'>Previous<\/a>\n\t<\/li>\n\n\n       \n    \n\n<li><a href='?page_no=1'>1<\/a><\/li>\n\n\n\n<li><a href='?page_no=2'>2<\/a><\/li>\n\n\n\n<li><a>...<\/a><\/li>\n\n\n\n<li><a href='?page_no=13973'>13973<\/a><\/li>\n\n\n\n<li><a href='?page_no=13974'>13974<\/a><\/li>\n\n\n\n<li class='active'><a>13975<\/a><\/li>\n\n\n\n<li><a href='?page_no=13976'>13976<\/a><\/li>\n\n\n\n<li><a href='?page_no=13977'>13977<\/a><\/li>\n\n\n\n<li><a>...<\/a><\/li>\n\n\n\n<li><a href='?page_no=30472'>30472<\/a><\/li>\n\n\n\n<li><a href='?page_no=30473'>30473<\/a><\/li>\n\n    \n\t\n\n<li >\n\t<a href='?page_no=13976'>Next<\/a>\n\t<\/li>\n\n\n    \n\n<li><a href='?page_no=30473'>Last &rsaquo;&rsaquo;<\/a><\/li>\n\n<\/ul>\n\n\n--><br \/>\n<\/body><\/p>\n","protected":false},"excerpt":{"rendered":"<p>Nagua, Mar\u00eda Trinidad S\u00e1nchez, RD, 28 de Diciembre.- Comerciantes de la provincia Maria Trinidad Sanchez solicitaron al presidente Danilo Medina derogar el decreto que exigen la instalacion de impresoras fiscales en los negocios, al tiempo que pidieron posponer para el 2015 la puesta en vigencia de dichos instrumentos. Ernestina Espinal, abogada y contable, en representaci\u00f3n [&hellip;]<\/p>\n","protected":false},"author":3,"featured_media":0,"comment_status":"open","ping_status":"open","sticky":false,"template":"","format":"standard","meta":{"footnotes":""},"categories":[18],"tags":[],"class_list":["post-98414","post","type-post","status-publish","format-standard","hentry","category-economia"],"_links":{"self":[{"href":"https:\/\/diariodominicano.com\/index.php?rest_route=\/wp\/v2\/posts\/98414","targetHints":{"allow":["GET"]}}],"collection":[{"href":"https:\/\/diariodominicano.com\/index.php?rest_route=\/wp\/v2\/posts"}],"about":[{"href":"https:\/\/diariodominicano.com\/index.php?rest_route=\/wp\/v2\/types\/post"}],"author":[{"embeddable":true,"href":"https:\/\/diariodominicano.com\/index.php?rest_route=\/wp\/v2\/users\/3"}],"replies":[{"embeddable":true,"href":"https:\/\/diariodominicano.com\/index.php?rest_route=%2Fwp%2Fv2%2Fcomments&post=98414"}],"version-history":[{"count":0,"href":"https:\/\/diariodominicano.com\/index.php?rest_route=\/wp\/v2\/posts\/98414\/revisions"}],"wp:attachment":[{"href":"https:\/\/diariodominicano.com\/index.php?rest_route=%2Fwp%2Fv2%2Fmedia&parent=98414"}],"wp:term":[{"taxonomy":"category","embeddable":true,"href":"https:\/\/diariodominicano.com\/index.php?rest_route=%2Fwp%2Fv2%2Fcategories&post=98414"},{"taxonomy":"post_tag","embeddable":true,"href":"https:\/\/diariodominicano.com\/index.php?rest_route=%2Fwp%2Fv2%2Ftags&post=98414"}],"curies":[{"name":"wp","href":"https:\/\/api.w.org\/{rel}","templated":true}]}}