{"id":98412,"date":"2013-12-29T14:29:00","date_gmt":"2013-12-29T14:29:00","guid":{"rendered":"http:\/\/diariodominicano.ddns.net\/?p=98412"},"modified":"2013-12-29T14:29:00","modified_gmt":"2013-12-29T14:29:00","slug":"la-agricultura-recupera-rentabilidad-de-los-productos-sensibles","status":"publish","type":"post","link":"https:\/\/diariodominicano.com\/?p=98412","title":{"rendered":"&#13;La Agricultura recupera rentabilidad de los productos sensibles"},"content":{"rendered":"<p><body><\/p>\n<p><img decoding=\"async\" src=\"img3\/agricultura.jpg\" \/>  <\/p>\n<p><span class=\"text1noticias\">Santo Domingo, RD, 29 de Diciembre.-El ministro de Agricultura, Luis Ram\u00f3n Rodr\u00edguez,  consider\u00f3 que la recuperaci\u00f3n de la rentabilidad en los principales productos sensibles fue uno de los logros m\u00e1s notables de la agropecuaria dominicana durante el 2013.<\/span><\/p>\n<\/p>\n<p><span class=\"text1noticias\">El funcionario dijo que en otros cultivos, como es el rengl\u00f3n de los invernaderos, la producci\u00f3n sobrepas\u00f3 las 106 millones de libras generando exportaciones por un valor superior a los 100 millones de d\u00f3lares.<\/span><\/p>\n<\/p>\n<p><span class=\"text1noticias\">Adem\u00e1s, que en el \u00e1rea de la mus\u00e1cea, se puso en ejecuci\u00f3n un programa fitosanitaria de control de la Sigatoka Negra, que permiti\u00f3 una producci\u00f3n record de banano de exportaci\u00f3n alcanzando unos 250 millones de d\u00f3lares.  \u00abConvirti\u00e9ndose el banano en nuestro primer producto agropecuario de exportaci\u00f3n\u00bb, expres\u00f3.<\/span><\/p>\n<\/p>\n<p><span class=\"text1noticias\">Igualmente, que en el pecuario se lograron importantes objetivos, como es el caso de la ganader\u00eda de leche donde se otorgaron cr\u00e9ditos por m\u00e1s de 200 millones de pesos a trav\u00e9s del Conaleche, a una tasa preferencial de un 6 por ciento, lo que dijo permitir\u00e1 mejorar el pie de cr\u00eda y los pastizales, as\u00ed como mejorar las infraestructura productivas.<\/span><\/p>\n<\/p>\n<p><span class=\"text1noticias\">\u00abEn el arroz podemos decir que este a\u00f1o redise\u00f1amos el programa de pignoraci\u00f3n y por primera vez el Ministerio, a trav\u00e9s del UEPI, ha pagado directamente a los bancos\u00bb, dijo el funcionario seg\u00fan una nota despachada por el Departamento de Informaci\u00f3n y Relaciones P\u00fablicas.<\/span><\/p>\n<\/p>\n<p><span class=\"text1noticias\">Sostuvo que con la modificaci\u00f3n que se le hizo al programa que m\u00e1s contribuye con a la estabilidad productiva del cereal se le ha ahorrado a los contribuyentes 600 millones de pesos con relaci\u00f3n a como se manejaba anteriormente la pignoraci\u00f3n.<\/span><\/p>\n<\/p>\n<p><span class=\"text1noticias\">Destac\u00f3 que los logros en el sector durante el 2013 son resultados de las directrices trazadas por el presidente Danilo Medina, dentro del plan de desarrollo agropecuario sostenido en cuatro ejes que incluyen programas para el fortalecimiento de la seguridad alimentaria; el fomento y la expansi\u00f3n de las agroexportaciones;  mitigaci\u00f3n de la pobreza rural y el compromiso de reformar y modernizar las instituciones p\u00fablicas.<\/span><\/p>\n<\/p>\n<p><span class=\"text1noticias\">\u00abComo resultado de estas pol\u00edticas, ha sido notable el din\u00e1mico desempe\u00f1o dela agropecuaria frente al flujo de nuevos  capitales frescos para  financiamiento; la puesta en ejecuci\u00f3n del sistema de seguro agropecuario y el fortalecimiento de los programas fitozoosanitarios\u00bb, expres\u00f3.<\/span><\/p>\n<\/p>\n<p><span class=\"text1noticias\">Indic\u00f3 que estas y otras medidas permitieron el sostenido crecimiento experimentado por la agropecuaria durante el primer a\u00f1o de esta gesti\u00f3n gubernamental, como ocurri\u00f3 durante el trimestre Julio-Septiembre que alcanz\u00f3 la cifra de 8.3%, un extraordinario desempe\u00f1o a pesar de la sequ\u00eda que afect\u00f3 la producci\u00f3n de importantes rubros de exportaci\u00f3n como el az\u00facar y el caf\u00e9.<\/span><\/p>\n<\/p>\n<p><span class=\"text1noticias\">Dijo que otro resultado importante ha sido la generaci\u00f3n de 14 mil nuevos puestos de trabajo, lo cual es c\u00f3nsono con la pol\u00edtica de empleos que lleva a cabo el Gobierno.<\/span><\/p>\n<p><span class=\"text1noticias\">Dinamismo<\/span><\/p>\n<p><span class=\"text1noticias\">Analiz\u00f3 que para devolver la esperanza y el dinamismo del sector fue necesario restablecer, primeramente, la rentabilidad de la producci\u00f3n, y que para responder a esa expectativa el Presidente dise\u00f1\u00f3 un programa de financiamiento dual, el que por un lado incluy\u00f3 la inyecci\u00f3n de 3 mil 500 millones de pesos al Banco Agr\u00edcola y la adici\u00f3n de una l\u00ednea de cr\u00e9dito del Banco de Reservas por otros 2 mil millones para alcanzar 5 mil 500 millones de pesos en recursos frescos.<\/span><\/p>\n<\/p>\n<p><span class=\"text1noticias\">Adem\u00e1s, dijo, se adicionaron 4 mil millones de pesos  a trav\u00e9s de  liberaci\u00f3n de encaje legal a la banca comercial privada; y  por el otro lado, se especializ\u00f3 fondos por mil millones de pesos para ser utilizados en el otorgamiento de cr\u00e9ditos asociativos a organizaciones rurales que carecen de garant\u00edas para ser servidos por la banca formal.<\/span><\/p>\n<\/p>\n<p><span class=\"text1noticias\">Asegur\u00f3 que estos peque\u00f1os productores y productoras, a quienes nadie nunca escuchaba, son  la raz\u00f3n de ser de las visitas sorpresas de cada domingo a las distintas localidades del pa\u00eds que realiza el presidente Medina.<\/span><\/p>\n<\/p>\n<p><span class=\"text1noticias\">Otras de las medidas implementadas para promover el  crecimiento sectorial ha sido la de eliminar el otorgamiento discriminatorio de los permisos para la importaci\u00f3n de los contingentes arancelarios de la Rectificaci\u00f3n T\u00e9cnica de la OMC, transform\u00e1ndolo en un sistema transparente de venta p\u00fablica  en la Bolsa Agroempresarial Dominicana.<\/span><\/p>\n<\/p>\n<p><span class=\"text1noticias\">Consider\u00f3 que con esa medida se termin\u00f3 la angustia permanente de los productores de ajo, arroz, cebolla, papa y leche ya que las importaciones desmedidas de estos bienes deprim\u00edan los precios internos ocasionando cuantiosas p\u00e9rdidas a los productores. \u00abEsto es hacer lo que nunca se hab\u00eda hecho en la agropecuaria\u00bb, sentenci\u00f3.<\/span><\/p>\n<\/p>\n<p><span class=\"text1noticias\">Otra aspecto que el ministro de Agricultura estim\u00f3 de suma importancia fue la inversi\u00f3n del gobierno como apoyo directo a la producci\u00f3n durante el a\u00f1o que termina, la cual dijo alcanz\u00f3 el monto de 3 mil 506 millones de pesos, destac\u00e1ndose de manera muy puntual la inversi\u00f3n de 188 millones en la construcci\u00f3n y reconstrucci\u00f3n de unos 3 mil kil\u00f3metros de caminos productivos en 27 provincias del pa\u00eds. <\/span><\/p>\n<\/p>\n<p><span class=\"text1noticias\">\u00abComo se puede observar, el excelente desempe\u00f1o sectorial, fruto  de las atinadas pol\u00edticas p\u00fablicas puestas en ejecuci\u00f3n por el Se\u00f1or Presidente, se ha traducido en un crecimiento de 15% en la oferta de productos agroalimentarios a la poblaci\u00f3n, lo que se  refleja en el abastecimiento adecuado y oportuno de los principales productos de la canasta familiar y una expansi\u00f3n de nuestros principales rubros de  exportaci\u00f3n\u00bb, finaliz\u00f3 el ministro Rodr\u00edguez.(HG)<\/span>.<\/p>\n<h6> 2013-12-29 14:29:00 <\/h6>\n<p><!--\n<link rel=\"stylesheet\" href=\"css\/bootstrap.min.css\">\n\n\n<ul class=\"pagination\">\n\t    \n\t\n\n<li >\n\t<a href='?page_no=13972'>Previous<\/a>\n\t<\/li>\n\n\n       \n    \n\n<li><a href='?page_no=1'>1<\/a><\/li>\n\n\n\n<li><a href='?page_no=2'>2<\/a><\/li>\n\n\n\n<li><a>...<\/a><\/li>\n\n\n\n<li><a href='?page_no=13971'>13971<\/a><\/li>\n\n\n\n<li><a href='?page_no=13972'>13972<\/a><\/li>\n\n\n\n<li class='active'><a>13973<\/a><\/li>\n\n\n\n<li><a href='?page_no=13974'>13974<\/a><\/li>\n\n\n\n<li><a href='?page_no=13975'>13975<\/a><\/li>\n\n\n\n<li><a>...<\/a><\/li>\n\n\n\n<li><a href='?page_no=30472'>30472<\/a><\/li>\n\n\n\n<li><a href='?page_no=30473'>30473<\/a><\/li>\n\n    \n\t\n\n<li >\n\t<a href='?page_no=13974'>Next<\/a>\n\t<\/li>\n\n\n    \n\n<li><a href='?page_no=30473'>Last &rsaquo;&rsaquo;<\/a><\/li>\n\n<\/ul>\n\n\n--><br \/>\n<\/body><\/p>\n","protected":false},"excerpt":{"rendered":"<p>Santo Domingo, RD, 29 de Diciembre.-El ministro de Agricultura, Luis Ram\u00f3n Rodr\u00edguez, consider\u00f3 que la recuperaci\u00f3n de la rentabilidad en los principales productos sensibles fue uno de los logros m\u00e1s notables de la agropecuaria dominicana durante el 2013. El funcionario dijo que en otros cultivos, como es el rengl\u00f3n de los invernaderos, la producci\u00f3n sobrepas\u00f3 [&hellip;]<\/p>\n","protected":false},"author":3,"featured_media":0,"comment_status":"open","ping_status":"open","sticky":false,"template":"","format":"standard","meta":{"footnotes":""},"categories":[18],"tags":[],"class_list":["post-98412","post","type-post","status-publish","format-standard","hentry","category-economia"],"_links":{"self":[{"href":"https:\/\/diariodominicano.com\/index.php?rest_route=\/wp\/v2\/posts\/98412","targetHints":{"allow":["GET"]}}],"collection":[{"href":"https:\/\/diariodominicano.com\/index.php?rest_route=\/wp\/v2\/posts"}],"about":[{"href":"https:\/\/diariodominicano.com\/index.php?rest_route=\/wp\/v2\/types\/post"}],"author":[{"embeddable":true,"href":"https:\/\/diariodominicano.com\/index.php?rest_route=\/wp\/v2\/users\/3"}],"replies":[{"embeddable":true,"href":"https:\/\/diariodominicano.com\/index.php?rest_route=%2Fwp%2Fv2%2Fcomments&post=98412"}],"version-history":[{"count":0,"href":"https:\/\/diariodominicano.com\/index.php?rest_route=\/wp\/v2\/posts\/98412\/revisions"}],"wp:attachment":[{"href":"https:\/\/diariodominicano.com\/index.php?rest_route=%2Fwp%2Fv2%2Fmedia&parent=98412"}],"wp:term":[{"taxonomy":"category","embeddable":true,"href":"https:\/\/diariodominicano.com\/index.php?rest_route=%2Fwp%2Fv2%2Fcategories&post=98412"},{"taxonomy":"post_tag","embeddable":true,"href":"https:\/\/diariodominicano.com\/index.php?rest_route=%2Fwp%2Fv2%2Ftags&post=98412"}],"curies":[{"name":"wp","href":"https:\/\/api.w.org\/{rel}","templated":true}]}}