{"id":98409,"date":"2013-12-30T14:16:33","date_gmt":"2013-12-30T14:16:33","guid":{"rendered":"http:\/\/diariodominicano.ddns.net\/?p=98409"},"modified":"2013-12-30T14:16:33","modified_gmt":"2013-12-30T14:16:33","slug":"el-boeing-787-800-dreamliner-inicia-operaciones-en-el-aila","status":"publish","type":"post","link":"https:\/\/diariodominicano.com\/?p=98409","title":{"rendered":"El Boeing 787- 800 Dreamliner inicia operaciones en el AILA"},"content":{"rendered":"<p><body><\/p>\n<p><img decoding=\"async\" src=\"img3\/boeing 30.jpg\" \/>  <\/p>\n<p>Santo Domingo, R.D 30 diciembre.- Aterriz\u00f3 por primera vez este domingo en el Aeropuerto Internacional de Las Am\u00e9ricas, Jos\u00e9 Francisco Pe\u00f1a G\u00f3mez (AILA) la popular aeronave Boeing 787-800 Dreamliner de Jetairfly.<\/p>\n<\/p>\n<p>El personal de Aeropuertos Dominicanos Siglo XXI (Aerodom), de Swissport Dominicana y de las dem\u00e1s agencias del AILA, recibieron con entusiasmo el vuelo 703 procedente del Aeropuerto Internacional de Bruselas con 208 pasajeros a bordo.<\/p>\n<\/p>\n<p>La moderna aeronave, cubrir\u00e1 cada domingo, hasta el 23 de marzo del 2014,  la ruta entre B\u00e9lgica y la Rep\u00fablica Dominicana.<\/p>\n<\/p>\n<p>Desde su entrada en servicio en junio del 2013, el Boeing 787-800, mejor conocido como Dreamliner, ha revolucionado la experiencia de viaje de los pasajeros al combinar de una manera extraordinaria el respeto medioambiental, puees utiliza hasta un 20% menos de combustible que las aeronaves de tama\u00f1o similar, y la comodidad del pasajero, ya que cuenta con un interior m\u00e1s confortable que reduce los efectos del jet-lag y la turbulencia, permitiendo un vuelo m\u00e1s relajado.<\/p>\n<\/p>\n<h6> 2013-12-30 14:16:33 <\/h6>\n<p><!--\n<link rel=\"stylesheet\" href=\"css\/bootstrap.min.css\">\n\n\n<ul class=\"pagination\">\n\t    \n\t\n\n<li >\n\t<a href='?page_no=13969'>Previous<\/a>\n\t<\/li>\n\n\n       \n    \n\n<li><a href='?page_no=1'>1<\/a><\/li>\n\n\n\n<li><a href='?page_no=2'>2<\/a><\/li>\n\n\n\n<li><a>...<\/a><\/li>\n\n\n\n<li><a href='?page_no=13968'>13968<\/a><\/li>\n\n\n\n<li><a href='?page_no=13969'>13969<\/a><\/li>\n\n\n\n<li class='active'><a>13970<\/a><\/li>\n\n\n\n<li><a href='?page_no=13971'>13971<\/a><\/li>\n\n\n\n<li><a href='?page_no=13972'>13972<\/a><\/li>\n\n\n\n<li><a>...<\/a><\/li>\n\n\n\n<li><a href='?page_no=30472'>30472<\/a><\/li>\n\n\n\n<li><a href='?page_no=30473'>30473<\/a><\/li>\n\n    \n\t\n\n<li >\n\t<a href='?page_no=13971'>Next<\/a>\n\t<\/li>\n\n\n    \n\n<li><a href='?page_no=30473'>Last &rsaquo;&rsaquo;<\/a><\/li>\n\n<\/ul>\n\n\n--><br \/>\n<\/body><\/p>\n","protected":false},"excerpt":{"rendered":"<p>Santo Domingo, R.D 30 diciembre.- Aterriz\u00f3 por primera vez este domingo en el Aeropuerto Internacional de Las Am\u00e9ricas, Jos\u00e9 Francisco Pe\u00f1a G\u00f3mez (AILA) la popular aeronave Boeing 787-800 Dreamliner de Jetairfly. El personal de Aeropuertos Dominicanos Siglo XXI (Aerodom), de Swissport Dominicana y de las dem\u00e1s agencias del AILA, recibieron con entusiasmo el vuelo 703 [&hellip;]<\/p>\n","protected":false},"author":3,"featured_media":0,"comment_status":"open","ping_status":"open","sticky":false,"template":"","format":"standard","meta":{"footnotes":""},"categories":[18],"tags":[],"class_list":["post-98409","post","type-post","status-publish","format-standard","hentry","category-economia"],"_links":{"self":[{"href":"https:\/\/diariodominicano.com\/index.php?rest_route=\/wp\/v2\/posts\/98409","targetHints":{"allow":["GET"]}}],"collection":[{"href":"https:\/\/diariodominicano.com\/index.php?rest_route=\/wp\/v2\/posts"}],"about":[{"href":"https:\/\/diariodominicano.com\/index.php?rest_route=\/wp\/v2\/types\/post"}],"author":[{"embeddable":true,"href":"https:\/\/diariodominicano.com\/index.php?rest_route=\/wp\/v2\/users\/3"}],"replies":[{"embeddable":true,"href":"https:\/\/diariodominicano.com\/index.php?rest_route=%2Fwp%2Fv2%2Fcomments&post=98409"}],"version-history":[{"count":0,"href":"https:\/\/diariodominicano.com\/index.php?rest_route=\/wp\/v2\/posts\/98409\/revisions"}],"wp:attachment":[{"href":"https:\/\/diariodominicano.com\/index.php?rest_route=%2Fwp%2Fv2%2Fmedia&parent=98409"}],"wp:term":[{"taxonomy":"category","embeddable":true,"href":"https:\/\/diariodominicano.com\/index.php?rest_route=%2Fwp%2Fv2%2Fcategories&post=98409"},{"taxonomy":"post_tag","embeddable":true,"href":"https:\/\/diariodominicano.com\/index.php?rest_route=%2Fwp%2Fv2%2Ftags&post=98409"}],"curies":[{"name":"wp","href":"https:\/\/api.w.org\/{rel}","templated":true}]}}