{"id":98407,"date":"2013-12-30T18:24:28","date_gmt":"2013-12-30T18:24:28","guid":{"rendered":"http:\/\/diariodominicano.ddns.net\/?p=98407"},"modified":"2013-12-30T18:24:28","modified_gmt":"2013-12-30T18:24:28","slug":"linea-aerea-inicio-este-mes-de-diciembre-sus-vuelos-a-saint-marteen-y-curazao-con-varias-frecuencias-a-la-semana","status":"publish","type":"post","link":"https:\/\/diariodominicano.com\/?p=98407","title":{"rendered":"&#13;&#13;&#13;&#13;L\u00ednea a\u00e9rea inici\u00f3 este mes de diciembre sus vuelos a Saint Marteen y Curazao con varias frecuencias a la semana"},"content":{"rendered":"<p><body><\/p>\n<\/p>\n<\/p>\n<p>Santo Domingo, RD, 30 de diciembre.- La l\u00ednea a\u00e9rea Winair llev\u00f3 a cabo su vuelo inaugural de Santo Domingo a Saint Marteen y Curazao, ruta que en lo adelante cubrir\u00e1 con un moderno Jet ATR 42 de \u00faltima generaci\u00f3n.<\/p>\n<\/p>\n<p>Para tal ocasi\u00f3n estuvieron presentes los ejecutivos de la l\u00ednea Claudio Buncamper, Elvis Queeley y Yolanda Mayer, quienes compartieron con los pasajeros un momento de regocijo y confraternidad.<\/p>\n<\/p>\n<p>Por la empresa El Dorado Travel, que regentea en el pa\u00eds a Winair, fue representada en esta ocasi\u00f3n por Rosa Mar\u00eda Mateo, Dinorah Niva, Magdalena D\u00edaz, Yafreisy Calder\u00f3n y Jatna Leonardo.<\/p>\n<\/p>\n<p>Cabe destacar que la empresa inici\u00f3 sus vuelos con ofertas de hasta un 35 por ciento menos que sus competidores, ofreciendo paquetes de vuelos muy competitivos y atractivos para los pasajeros.<\/p>\n<\/p>\n<p>\u00abWinair, se distingue de sus competidores en los precios, conexiones a muchos destinos que nuestros competidores no realizan, lo que nos convierte en la mejor opci\u00f3n del cliente en precio y conectividad\u00bb, Expres\u00f3 Rosa Mateo, directora comercial del Dorado Travel.<\/p>\n<\/p>\n<p>Los horarios de los vuelos:<\/p>\n<\/p>\n<p>Santo Domingo (SDQ) &#8211; Curazao (CUR) &#8211; Santo Domingo (SDQ) Todos los domingo y mi\u00e9rcoles, desde SDQ-CUR a las 12:00 M y desde CUR-SDQ a las 2:30 PM.<\/p>\n<\/p>\n<p>Santo Domingo (SDQ) ? St. Maarten (SXM) &#8211; Santo Domingo (SDQ)<\/p>\n<p>Todos los lunes, jueves y s\u00e1bado, desde SDQ-SXM a las 12:00M y desde SXM-SDQ a las 2:30pm<\/p>\n<h6> 2013-12-30 18:24:28 <\/h6>\n<p><!--\n<link rel=\"stylesheet\" href=\"css\/bootstrap.min.css\">\n\n\n<ul class=\"pagination\">\n\t    \n\t\n\n<li >\n\t<a href='?page_no=13968'>Previous<\/a>\n\t<\/li>\n\n\n       \n    \n\n<li><a href='?page_no=1'>1<\/a><\/li>\n\n\n\n<li><a href='?page_no=2'>2<\/a><\/li>\n\n\n\n<li><a>...<\/a><\/li>\n\n\n\n<li><a href='?page_no=13967'>13967<\/a><\/li>\n\n\n\n<li><a href='?page_no=13968'>13968<\/a><\/li>\n\n\n\n<li class='active'><a>13969<\/a><\/li>\n\n\n\n<li><a href='?page_no=13970'>13970<\/a><\/li>\n\n\n\n<li><a href='?page_no=13971'>13971<\/a><\/li>\n\n\n\n<li><a>...<\/a><\/li>\n\n\n\n<li><a href='?page_no=30472'>30472<\/a><\/li>\n\n\n\n<li><a href='?page_no=30473'>30473<\/a><\/li>\n\n    \n\t\n\n<li >\n\t<a href='?page_no=13970'>Next<\/a>\n\t<\/li>\n\n\n    \n\n<li><a href='?page_no=30473'>Last &rsaquo;&rsaquo;<\/a><\/li>\n\n<\/ul>\n\n\n--><br \/>\n<\/body><\/p>\n","protected":false},"excerpt":{"rendered":"<p>Santo Domingo, RD, 30 de diciembre.- La l\u00ednea a\u00e9rea Winair llev\u00f3 a cabo su vuelo inaugural de Santo Domingo a Saint Marteen y Curazao, ruta que en lo adelante cubrir\u00e1 con un moderno Jet ATR 42 de \u00faltima generaci\u00f3n. Para tal ocasi\u00f3n estuvieron presentes los ejecutivos de la l\u00ednea Claudio Buncamper, Elvis Queeley y Yolanda [&hellip;]<\/p>\n","protected":false},"author":3,"featured_media":0,"comment_status":"open","ping_status":"open","sticky":false,"template":"","format":"standard","meta":{"footnotes":""},"categories":[18],"tags":[],"class_list":["post-98407","post","type-post","status-publish","format-standard","hentry","category-economia"],"_links":{"self":[{"href":"https:\/\/diariodominicano.com\/index.php?rest_route=\/wp\/v2\/posts\/98407","targetHints":{"allow":["GET"]}}],"collection":[{"href":"https:\/\/diariodominicano.com\/index.php?rest_route=\/wp\/v2\/posts"}],"about":[{"href":"https:\/\/diariodominicano.com\/index.php?rest_route=\/wp\/v2\/types\/post"}],"author":[{"embeddable":true,"href":"https:\/\/diariodominicano.com\/index.php?rest_route=\/wp\/v2\/users\/3"}],"replies":[{"embeddable":true,"href":"https:\/\/diariodominicano.com\/index.php?rest_route=%2Fwp%2Fv2%2Fcomments&post=98407"}],"version-history":[{"count":0,"href":"https:\/\/diariodominicano.com\/index.php?rest_route=\/wp\/v2\/posts\/98407\/revisions"}],"wp:attachment":[{"href":"https:\/\/diariodominicano.com\/index.php?rest_route=%2Fwp%2Fv2%2Fmedia&parent=98407"}],"wp:term":[{"taxonomy":"category","embeddable":true,"href":"https:\/\/diariodominicano.com\/index.php?rest_route=%2Fwp%2Fv2%2Fcategories&post=98407"},{"taxonomy":"post_tag","embeddable":true,"href":"https:\/\/diariodominicano.com\/index.php?rest_route=%2Fwp%2Fv2%2Ftags&post=98407"}],"curies":[{"name":"wp","href":"https:\/\/api.w.org\/{rel}","templated":true}]}}