{"id":98401,"date":"2014-01-01T21:15:20","date_gmt":"2014-01-01T21:15:20","guid":{"rendered":"http:\/\/diariodominicano.ddns.net\/?p=98401"},"modified":"2014-01-01T21:15:20","modified_gmt":"2014-01-01T21:15:20","slug":"productores-nacionales-esperan-el-2014-sea-de-grandes-conquistas","status":"publish","type":"post","link":"https:\/\/diariodominicano.com\/?p=98401","title":{"rendered":"Productores nacionales esperan el 2014 sea de grandes conquistas"},"content":{"rendered":"<p><body><\/p>\n<p><img decoding=\"async\" src=\"img3\/eric00.jpg\" \/>  <\/p>\n<p><span class=\"text1noticias\"> <\/span><\/p>\n<p><span class=\"text1noticias\">SANTO DOMINGO, DN, RD, 01 de Diciembre de 2014.- El presidente de la Confederaci\u00f3n Nacional de Productores Agropecuarios (CONFENAGRO), Eric Rivero, consider\u00f3 que el a\u00f1o 2013, con sus altas y sus bajas, fue positivo para el sector agropecuario, debido a que se mantuvo la estabilidad y se iniciaron acciones importantes, por lo que espera que en el 2014 se puedan consolidar pol\u00edticas p\u00fablicas permanentes en beneficio del campo dominicano.<\/span><\/p>\n<p><span class=\"text1noticias\"> <\/span><\/p>\n<p><span class=\"text1noticias\">\u00abEst\u00e1n dadas las condiciones para que en el 2014 se contin\u00fae con la trayectoria de 2013, ya que las cosas han ido caminando de manera sostenida, debido a que est\u00e1 el inter\u00e9s de los productores de los distintos renglones\u00bb.<\/span><\/p>\n<p><span class=\"text1noticias\"> <\/span><\/p>\n<p><span class=\"text1noticias\">Dijo  que los productores tienen pendiente a\u00fan el tema de  las exportaciones de productos agropecuarios y soluci\u00f3n al etiquetado de todos los productos de gran consumo entre la poblaci\u00f3n.<\/span><\/p>\n<p><span class=\"text1noticias\"> <\/span><\/p>\n<p><span class=\"text1noticias\">Refiri\u00f3 que el tema de la regulaci\u00f3n de los permisos de importaci\u00f3n registr\u00f3 avances significativos durante el a\u00f1o que concluye.<\/span><\/p>\n<p><span class=\"text1noticias\"> <\/span><\/p>\n<p><span class=\"text1noticias\">El dirigente agropecuario salud\u00f3 las visitas que cada fin de semana realiza el Presidente Danilo Medina a los campos. \u00abEsa iniciativa ha llevado esperanza a sectores productivos que nunca eran tomados en cuenta\u00bb, dijo Rivero, tambi\u00e9n presidente de la Asociaci\u00f3n Dominicana de Productores de Leche (APROLECHE).<\/span><\/p>\n<p><span class=\"text1noticias\"> <\/span><\/p>\n<p><span class=\"text1noticias\">Consider\u00f3 asimismo que un gran logro del a\u00f1o 2013 fue la conclusi\u00f3n y entrega del Merca Santo Domingo, llamado a ser el mayor centro de acopio de productos agropecuarios en Rep\u00fablica Dominicana, y que servir\u00e1 para abastecer a comerciantes y consumidores del Distrito Nacional, el Gran Santo Domingo y zonas aleda\u00f1as, pero que a la vez sirva para disminuir el intermediarismo en el sector.<\/span><\/p>\n<p><span class=\"text1noticias\"> <\/span><\/p>\n<p><span class=\"text1noticias\">Asimismo reconoci\u00f3 que en 2013 hubo avances significativos en lo que respecta al cuatrerismo en fincas ganaderas, y puso de ejemplo la creaci\u00f3n de la unidad anti-cuatreros por parte de la Polic\u00eda Nacional, con apoyo de la Jefatura del Ej\u00e9rcito Nacional y el inter\u00e9s mostrado en el tema por el Ministerio P\u00fablico.<\/span><\/p>\n<\/p>\n<\/p>\n<\/p>\n<h6> 2014-01-01 21:15:20 <\/h6>\n<p><!--\n<link rel=\"stylesheet\" href=\"css\/bootstrap.min.css\">\n\n\n<ul class=\"pagination\">\n\t    \n\t\n\n<li >\n\t<a href='?page_no=13962'>Previous<\/a>\n\t<\/li>\n\n\n       \n    \n\n<li><a href='?page_no=1'>1<\/a><\/li>\n\n\n\n<li><a href='?page_no=2'>2<\/a><\/li>\n\n\n\n<li><a>...<\/a><\/li>\n\n\n\n<li><a href='?page_no=13961'>13961<\/a><\/li>\n\n\n\n<li><a href='?page_no=13962'>13962<\/a><\/li>\n\n\n\n<li class='active'><a>13963<\/a><\/li>\n\n\n\n<li><a href='?page_no=13964'>13964<\/a><\/li>\n\n\n\n<li><a href='?page_no=13965'>13965<\/a><\/li>\n\n\n\n<li><a>...<\/a><\/li>\n\n\n\n<li><a href='?page_no=30472'>30472<\/a><\/li>\n\n\n\n<li><a href='?page_no=30473'>30473<\/a><\/li>\n\n    \n\t\n\n<li >\n\t<a href='?page_no=13964'>Next<\/a>\n\t<\/li>\n\n\n    \n\n<li><a href='?page_no=30473'>Last &rsaquo;&rsaquo;<\/a><\/li>\n\n<\/ul>\n\n\n--><br \/>\n<\/body><\/p>\n","protected":false},"excerpt":{"rendered":"<p>SANTO DOMINGO, DN, RD, 01 de Diciembre de 2014.- El presidente de la Confederaci\u00f3n Nacional de Productores Agropecuarios (CONFENAGRO), Eric Rivero, consider\u00f3 que el a\u00f1o 2013, con sus altas y sus bajas, fue positivo para el sector agropecuario, debido a que se mantuvo la estabilidad y se iniciaron acciones importantes, por lo que espera que [&hellip;]<\/p>\n","protected":false},"author":3,"featured_media":0,"comment_status":"open","ping_status":"open","sticky":false,"template":"","format":"standard","meta":{"footnotes":""},"categories":[18],"tags":[],"class_list":["post-98401","post","type-post","status-publish","format-standard","hentry","category-economia"],"_links":{"self":[{"href":"https:\/\/diariodominicano.com\/index.php?rest_route=\/wp\/v2\/posts\/98401","targetHints":{"allow":["GET"]}}],"collection":[{"href":"https:\/\/diariodominicano.com\/index.php?rest_route=\/wp\/v2\/posts"}],"about":[{"href":"https:\/\/diariodominicano.com\/index.php?rest_route=\/wp\/v2\/types\/post"}],"author":[{"embeddable":true,"href":"https:\/\/diariodominicano.com\/index.php?rest_route=\/wp\/v2\/users\/3"}],"replies":[{"embeddable":true,"href":"https:\/\/diariodominicano.com\/index.php?rest_route=%2Fwp%2Fv2%2Fcomments&post=98401"}],"version-history":[{"count":0,"href":"https:\/\/diariodominicano.com\/index.php?rest_route=\/wp\/v2\/posts\/98401\/revisions"}],"wp:attachment":[{"href":"https:\/\/diariodominicano.com\/index.php?rest_route=%2Fwp%2Fv2%2Fmedia&parent=98401"}],"wp:term":[{"taxonomy":"category","embeddable":true,"href":"https:\/\/diariodominicano.com\/index.php?rest_route=%2Fwp%2Fv2%2Fcategories&post=98401"},{"taxonomy":"post_tag","embeddable":true,"href":"https:\/\/diariodominicano.com\/index.php?rest_route=%2Fwp%2Fv2%2Ftags&post=98401"}],"curies":[{"name":"wp","href":"https:\/\/api.w.org\/{rel}","templated":true}]}}