{"id":98400,"date":"2014-01-01T23:06:55","date_gmt":"2014-01-01T23:06:55","guid":{"rendered":"http:\/\/diariodominicano.ddns.net\/?p=98400"},"modified":"2014-01-01T23:06:55","modified_gmt":"2014-01-01T23:06:55","slug":"ministro-de-agricultura-dice-2014-es-el-ano-de-la-transformacion-de-la-agropecuaria","status":"publish","type":"post","link":"https:\/\/diariodominicano.com\/?p=98400","title":{"rendered":"Ministro de Agricultura dice 2014 es el a\u00f1o de la transformaci\u00f3n de la agropecuaria"},"content":{"rendered":"<p><body><\/p>\n<p><img decoding=\"async\" src=\"img3\/agro2014.jpg\" \/>  <\/p>\n<p><span class=\"text1noticias\">SANTO DOMINGO, DN. RD, 01 de Enero de 2014.- El ministro de Agricultura, Luis Ram\u00f3n Rodr\u00edguez, proclam\u00f3 que el 2014 ser\u00e1  el a\u00f1o de la transformaci\u00f3n de la  agropecuaria nacional, durante el cual se ejecutar\u00e1n una serie de proyectos que revolucionar\u00e1n las exportaciones agr\u00edcolas y pecuarias de la Rep\u00fablica  Dominicana.<\/span><\/p>\n<\/p>\n<p><span class=\"text1noticias\">Inform\u00f3 que el plan se inicia con un programa de acompa\u00f1amiento del DR- Cafta que incluir\u00e1 seis mesas de trabajo: tres para bienes sensibles, como arroz, habichuelas y leche, y tres donde el pa\u00eds tiene ventajas competitivas, invernaderos, vegetales a campo abierto y frutales, con miras a fortalecerla oferta  exportable dadas las facilidades que otorgan los acuerdos de libre comercio.<\/span><\/p>\n<p><span class=\"text1noticias\">\u00abContinuaremos fortaleciendo nuestra inocuidad y seguridad agroalimentaria a los fines de seguir construyendo una marca pa\u00eds en los mercados metas. Igualmente continuaremos trabajando con las autoridades sanitarias de Estados Unidos a los fines de lograr la acreditaci\u00f3n y homologaci\u00f3n de nuestros sistemas sanitario\u00bb, expres\u00f3 el ministro de Agricultura.<\/span><\/p>\n<p><span class=\"text1noticias\">Otro programa que dijo que se ejecutar\u00e1 es el de la reconversi\u00f3n de la Agricultura del Valle de San Juan, el cual ser\u00e1 financiado por el Banco Interamericano de Desarrollo (BID) y con el cual se habr\u00e1 de modificar y mejorar las condiciones de vida de unos 30 mil productores de la zona.<\/span><\/p>\n<p><span class=\"text1noticias\">Indic\u00f3 que el proyecto incluye la instalaci\u00f3n de 500 mil metros cuadrados de invernaderos, inversiones importantes en sistemas de riego presurizado, mejoramiento de la infraestructura vial y capacitaci\u00f3n y entrenamiento de los productores.<\/span><\/p>\n<p><span class=\"text1noticias\">En el subsector pecuario, revel\u00f3 que con la colaboraci\u00f3n y asistencia de instituciones y organizaciones locales e internacionales, se continuar\u00e1n con los programas  orientados al saneamiento de los ganados y las aves nacionales, con miras erradicar las principales enfermedades de notificaci\u00f3n obligatoria de modo que el pa\u00eds pueda ser declarado libre de las mismas y  podamos iniciar exportaciones c\u00e1rnicas hacia el exterior.<\/span><\/p>\n<p><span class=\"text1noticias\">Anunci\u00f3 la continuaci\u00f3n de los trabajos con el sector privado y el Departamento de Agricultura de los Estados Unidos a los fines de lograr la acreditaci\u00f3n de mataderos privados y el sistema de producci\u00f3n de carne vacuna de modo que en el menor tiempo posible podamos ser incluidos dentro del grupo de pa\u00edses suplidores  de carne vacuna a ese  mercado.<\/span><\/p>\n<p><span class=\"text1noticias\">Igualmente, que se seguir\u00e1 el Programa Nacional de Control y Erradicaci\u00f3n de la Fiebre Porcina Cl\u00e1sica, que cuenta con el apoyo de la industria y los productores c\u00e1rnicos as\u00ed como de la agencia APHIS del Departamento de Agricultura de los Estados Unidos; la FAO, el IICA y la Organizaci\u00f3n Internacional Regional de Sanidad Agropecuaria.<\/span><\/p>\n<p><span class=\"text1noticias\">\u00abEl \u00e9xito de este programa permitir\u00e1 que nuestro pa\u00eds pueda ser declarado libre de esta enfermedad y podamos iniciar exportaciones de embutidos y cortes  de cerdo, expandiendo el mercado internacional a la producci\u00f3n local\u00bb, manifest\u00f3.<\/span><\/p>\n<\/p>\n<p><strong><span class=\"text1noticias\">COMPETITIVIDAD <\/span><\/strong><\/p>\n<\/p>\n<p><span class=\"text1noticias\">Asegur\u00f3 que la ejecuci\u00f3n de estos planes ser\u00e1 posibleporque desde el inicio de su gesti\u00f3n, el Presidente Danilo Medina sent\u00f3 las bases que hacen posible la transformaci\u00f3n del sector agropecuario, poni\u00e9ndolo en mejores condiciones de poder enfrentar los desaf\u00edos que representa el competir en un mercado abierto frente a otros productores, muchos de los cuales son altamente subsidiados.<\/span><\/p>\n<p><span class=\"text1noticias\">Dijo que el accionar del mandatario a favor del sector  ha puesto de manifiesto su profundo compromiso con la agropecuaria y con los pobres del campo, creando credibilidad y confianza entre todos los subsectores mediante la concertaci\u00f3n, las relaciones armoniosas y el respeto mutuo entre los actores p\u00fablico y privado.<\/span><\/p>\n<p><span class=\"text1noticias\">En cuento a los productos tradicionales de exportaci\u00f3n, dijo que en el caso del cacao en este 2014 se iniciar\u00e1 un programa para intervenir unas 200 mil tareas con el uso de clones de alta productividad mediante injert\u00eda, el cual alcanzar\u00e1 unos 20 mil productores cada a\u00f1o. \u00abEste programa nos permitir\u00e1 duplicar nuestras exportaciones en un per\u00edodo de 10 a\u00f1os\u00bb, expres\u00f3.<\/span><\/p>\n<p><span class=\"text1noticias\">En cuento al cultivo de caf\u00e9, dijo que ser\u00e1n reforzadaslas acciones del gobierno frente a la nueva raza de la roya, como la distribuci\u00f3n de las plantas de las variedades resistentes a la enfermedad, como Lempira de Honduras, Castillo de Colombia, CR 95 de Costa Rica y Obat\u00e1 de Brasil.<\/span><\/p>\n<p><span class=\"text1noticias\">Rodr\u00edguez dijo que el gobierno apuesta al desarrollo de la agropecuaria y de todo los sectores productivos que potencialicen las oportunidades que tiene la Rep\u00fablica Dominicana.<\/span><\/p>\n<p><span class=\"text1noticias\">\u00abNuestro pa\u00eds goza de una posici\u00f3n geogr\u00e1fica privilegiada,  excelentes puertos y aeropuertos; alto potencial h\u00eddrico y adecuada estructura de riego; telecomunicaciones de primer orden y una gran capacidad para la producci\u00f3n de frutales de todo tipo, plantas  ornamentales y vegetales de invierno\u00bb, manifest\u00f3.<\/span><\/p>\n<p><span class=\"text1noticias\">Indic\u00f3 que  varios estudios  conducidos por organismos internacionales y el Ministerio de Agricultura revelan que el pa\u00eds tiene excelentes ventajas competitivas en m\u00e1s de 15 productos de origen agropecuario.<\/span><\/p>\n<\/p>\n<\/p>\n<\/p>\n<\/p>\n<h6> 2014-01-01 23:06:55 <\/h6>\n<p><!--\n<link rel=\"stylesheet\" href=\"css\/bootstrap.min.css\">\n\n\n<ul class=\"pagination\">\n\t    \n\t\n\n<li >\n\t<a href='?page_no=13961'>Previous<\/a>\n\t<\/li>\n\n\n       \n    \n\n<li><a href='?page_no=1'>1<\/a><\/li>\n\n\n\n<li><a href='?page_no=2'>2<\/a><\/li>\n\n\n\n<li><a>...<\/a><\/li>\n\n\n\n<li><a href='?page_no=13960'>13960<\/a><\/li>\n\n\n\n<li><a href='?page_no=13961'>13961<\/a><\/li>\n\n\n\n<li class='active'><a>13962<\/a><\/li>\n\n\n\n<li><a href='?page_no=13963'>13963<\/a><\/li>\n\n\n\n<li><a href='?page_no=13964'>13964<\/a><\/li>\n\n\n\n<li><a>...<\/a><\/li>\n\n\n\n<li><a href='?page_no=30472'>30472<\/a><\/li>\n\n\n\n<li><a href='?page_no=30473'>30473<\/a><\/li>\n\n    \n\t\n\n<li >\n\t<a href='?page_no=13963'>Next<\/a>\n\t<\/li>\n\n\n    \n\n<li><a href='?page_no=30473'>Last &rsaquo;&rsaquo;<\/a><\/li>\n\n<\/ul>\n\n\n--><br \/>\n<\/body><\/p>\n","protected":false},"excerpt":{"rendered":"<p>SANTO DOMINGO, DN. RD, 01 de Enero de 2014.- El ministro de Agricultura, Luis Ram\u00f3n Rodr\u00edguez, proclam\u00f3 que el 2014 ser\u00e1 el a\u00f1o de la transformaci\u00f3n de la agropecuaria nacional, durante el cual se ejecutar\u00e1n una serie de proyectos que revolucionar\u00e1n las exportaciones agr\u00edcolas y pecuarias de la Rep\u00fablica Dominicana. Inform\u00f3 que el plan se [&hellip;]<\/p>\n","protected":false},"author":3,"featured_media":0,"comment_status":"open","ping_status":"open","sticky":false,"template":"","format":"standard","meta":{"footnotes":""},"categories":[18],"tags":[],"class_list":["post-98400","post","type-post","status-publish","format-standard","hentry","category-economia"],"_links":{"self":[{"href":"https:\/\/diariodominicano.com\/index.php?rest_route=\/wp\/v2\/posts\/98400","targetHints":{"allow":["GET"]}}],"collection":[{"href":"https:\/\/diariodominicano.com\/index.php?rest_route=\/wp\/v2\/posts"}],"about":[{"href":"https:\/\/diariodominicano.com\/index.php?rest_route=\/wp\/v2\/types\/post"}],"author":[{"embeddable":true,"href":"https:\/\/diariodominicano.com\/index.php?rest_route=\/wp\/v2\/users\/3"}],"replies":[{"embeddable":true,"href":"https:\/\/diariodominicano.com\/index.php?rest_route=%2Fwp%2Fv2%2Fcomments&post=98400"}],"version-history":[{"count":0,"href":"https:\/\/diariodominicano.com\/index.php?rest_route=\/wp\/v2\/posts\/98400\/revisions"}],"wp:attachment":[{"href":"https:\/\/diariodominicano.com\/index.php?rest_route=%2Fwp%2Fv2%2Fmedia&parent=98400"}],"wp:term":[{"taxonomy":"category","embeddable":true,"href":"https:\/\/diariodominicano.com\/index.php?rest_route=%2Fwp%2Fv2%2Fcategories&post=98400"},{"taxonomy":"post_tag","embeddable":true,"href":"https:\/\/diariodominicano.com\/index.php?rest_route=%2Fwp%2Fv2%2Ftags&post=98400"}],"curies":[{"name":"wp","href":"https:\/\/api.w.org\/{rel}","templated":true}]}}