{"id":98388,"date":"2014-01-03T15:38:35","date_gmt":"2014-01-03T15:38:35","guid":{"rendered":"http:\/\/diariodominicano.ddns.net\/?p=98388"},"modified":"2014-01-03T15:38:35","modified_gmt":"2014-01-03T15:38:35","slug":"sector-turismo-concluyo-el-2013-con-un-crecimiento-de-un-3-mas-en-comparacion-al-pasado-ano","status":"publish","type":"post","link":"https:\/\/diariodominicano.com\/?p=98388","title":{"rendered":"Sector turismo concluy\u00f3 el 2013 con un crecimiento de un 3% m\u00e1s en comparaci\u00f3n al pasado a\u00f1o"},"content":{"rendered":"<p><body><\/p>\n<p><img decoding=\"async\" src=\"img3\/turismo 3.jpg\" \/>  <\/p>\n<p>Santo Domingo RD 3 enero.- Despu\u00e9s de ver que el reci\u00e9n finalizado a\u00f1o concluy\u00f3  con un crecimiento de un 3% m\u00e1s, en relaci\u00f3n a la llegada de turistas del a\u00f1o 2012, Francisco  Javier Garc\u00eda, ministro de Turismo, vaticin\u00f3 este jueves  que el 2014 ser\u00e1 un a\u00f1o con resultados sin precedentes para este sector.<\/p>\n<\/p>\n<p>El funcionario destac\u00f3 que es el quinto a\u00f1o consecutivo que la Rep\u00fablica Dominicana mantiene un crecimiento sostenido, inclusive con n\u00fameros superiores al crecimiento global y  regional en los \u00faltimos dos a\u00f1os.<\/p>\n<\/p>\n<p> Indic\u00f3 que ese 3%  m\u00e1s que las cifras alcanzadas en el  2012, es un gran logro para la Rep\u00fablica Dominicana, debido a que hubo cierta dificultad con las tormentas de nieves que afectaron nuestro principal destino emisor, como lo es Estados Unidos.<\/p>\n<\/p>\n<p>Record\u00f3 que debido a esas tormentas se suspendieron   un gran n\u00famero de vuelos, pero afirm\u00f3 que el a\u00f1o que acaba de iniciar,  alcanzar\u00e1  cifras r\u00e9cords , para el turismo dominicano, en especial para Puerto Plata.<\/p>\n<\/p>\n<p>Garc\u00eda Javier dijo al referirse al destino tur\u00edstico de Puerto Plata, que  ya fue  inaugurada la terminal de cruceros de Maim\u00f3n, por donde se espera el desembarque de alrededor de 600 mil visitantes el primer a\u00f1o de operaciones.<\/p>\n<\/p>\n<p>\u00abEste a\u00f1o resultar\u00e1 hist\u00f3rico para el sector turismo en  el  pa\u00eds, donde la provincia de Puerto Plata espera la inauguraci\u00f3n de la terminal de cruceros Amber Cove, en Maim\u00f3n, esto significar\u00e1 el despertar definitivo de esta regi\u00f3n, con los beneficios  de miles de empleos que generar\u00e1 esta terminal\u00bb, dijo Garc\u00eda<\/p>\n<\/p>\n<p>Asimismo, se\u00f1al\u00f3 que otros aspectos que favorecer\u00e1n el turismo criollo son las obras que se inauguraron en los \u00faltimos dos meses del 2013, la cual acerca la ciudad de Santo Domingo a menos de dos horas de Punta Cana, por donde llegan m\u00e1s del 60 por ciento de los turistas.<\/p>\n<\/p>\n<p>Destac\u00f3 que ese conjunto de obras, que se unen a otras inauguradas en el gobierno anterior, facilitan el traslado de miles y miles de turistas que llegan a Punta Cana, B\u00e1varo y La Romana, lo que le permite a los agentes y tour operadores hacer una oferta m\u00e1s amplia y atractiva, que incluya Santo Domingo.<\/p>\n<\/p>\n<p>Admiti\u00f3 que en este a\u00f1o el gobierno dominicano realiz\u00f3, en la regi\u00f3n este,  la mayor inversi\u00f3n concentrada que ha tenido una regi\u00f3n en un solo a\u00f1o,  con la inauguraci\u00f3n de la circunvalaci\u00f3n de San Pedro de Macor\u00eds, la ampliaci\u00f3n a cuatro carriles de la autopista La Romana San Pedro, la Circunvalaci\u00f3n de La Romana y el Boulevard de Punta Cana, dando cumplimiento al compromiso del presidente Danilo Medina con el sector.<\/p>\n<\/p>\n<p>Autor: JACQUELINE MORROBEL<\/p>\n<h6> 2014-01-03 15:38:35 <\/h6>\n<p><!--\n<link rel=\"stylesheet\" href=\"css\/bootstrap.min.css\">\n\n\n<ul class=\"pagination\">\n\t    \n\t\n\n<li >\n\t<a href='?page_no=13950'>Previous<\/a>\n\t<\/li>\n\n\n       \n    \n\n<li><a href='?page_no=1'>1<\/a><\/li>\n\n\n\n<li><a href='?page_no=2'>2<\/a><\/li>\n\n\n\n<li><a>...<\/a><\/li>\n\n\n\n<li><a href='?page_no=13949'>13949<\/a><\/li>\n\n\n\n<li><a href='?page_no=13950'>13950<\/a><\/li>\n\n\n\n<li class='active'><a>13951<\/a><\/li>\n\n\n\n<li><a href='?page_no=13952'>13952<\/a><\/li>\n\n\n\n<li><a href='?page_no=13953'>13953<\/a><\/li>\n\n\n\n<li><a>...<\/a><\/li>\n\n\n\n<li><a href='?page_no=30472'>30472<\/a><\/li>\n\n\n\n<li><a href='?page_no=30473'>30473<\/a><\/li>\n\n    \n\t\n\n<li >\n\t<a href='?page_no=13952'>Next<\/a>\n\t<\/li>\n\n\n    \n\n<li><a href='?page_no=30473'>Last &rsaquo;&rsaquo;<\/a><\/li>\n\n<\/ul>\n\n\n--><br \/>\n<\/body><\/p>\n","protected":false},"excerpt":{"rendered":"<p>Santo Domingo RD 3 enero.- Despu\u00e9s de ver que el reci\u00e9n finalizado a\u00f1o concluy\u00f3 con un crecimiento de un 3% m\u00e1s, en relaci\u00f3n a la llegada de turistas del a\u00f1o 2012, Francisco Javier Garc\u00eda, ministro de Turismo, vaticin\u00f3 este jueves que el 2014 ser\u00e1 un a\u00f1o con resultados sin precedentes para este sector. El funcionario [&hellip;]<\/p>\n","protected":false},"author":3,"featured_media":0,"comment_status":"open","ping_status":"open","sticky":false,"template":"","format":"standard","meta":{"footnotes":""},"categories":[18],"tags":[],"class_list":["post-98388","post","type-post","status-publish","format-standard","hentry","category-economia"],"_links":{"self":[{"href":"https:\/\/diariodominicano.com\/index.php?rest_route=\/wp\/v2\/posts\/98388","targetHints":{"allow":["GET"]}}],"collection":[{"href":"https:\/\/diariodominicano.com\/index.php?rest_route=\/wp\/v2\/posts"}],"about":[{"href":"https:\/\/diariodominicano.com\/index.php?rest_route=\/wp\/v2\/types\/post"}],"author":[{"embeddable":true,"href":"https:\/\/diariodominicano.com\/index.php?rest_route=\/wp\/v2\/users\/3"}],"replies":[{"embeddable":true,"href":"https:\/\/diariodominicano.com\/index.php?rest_route=%2Fwp%2Fv2%2Fcomments&post=98388"}],"version-history":[{"count":0,"href":"https:\/\/diariodominicano.com\/index.php?rest_route=\/wp\/v2\/posts\/98388\/revisions"}],"wp:attachment":[{"href":"https:\/\/diariodominicano.com\/index.php?rest_route=%2Fwp%2Fv2%2Fmedia&parent=98388"}],"wp:term":[{"taxonomy":"category","embeddable":true,"href":"https:\/\/diariodominicano.com\/index.php?rest_route=%2Fwp%2Fv2%2Fcategories&post=98388"},{"taxonomy":"post_tag","embeddable":true,"href":"https:\/\/diariodominicano.com\/index.php?rest_route=%2Fwp%2Fv2%2Ftags&post=98388"}],"curies":[{"name":"wp","href":"https:\/\/api.w.org\/{rel}","templated":true}]}}