{"id":98387,"date":"2014-01-03T15:42:49","date_gmt":"2014-01-03T15:42:49","guid":{"rendered":"http:\/\/diariodominicano.ddns.net\/?p=98387"},"modified":"2014-01-03T15:42:49","modified_gmt":"2014-01-03T15:42:49","slug":"fenacerd-redondeo-del-itbis-tendra-un-impacto-funesto-para-los-consumidores","status":"publish","type":"post","link":"https:\/\/diariodominicano.com\/?p=98387","title":{"rendered":"Fenacerd: Redondeo del ITBIS tendr\u00e1 un impacto funesto para los consumidores"},"content":{"rendered":"<p><body><\/p>\n<p><img decoding=\"async\" src=\"img3\/fea 3.jpg\" \/>  <\/p>\n<p>Santo Domingo RD 3 enero.- La Federaci\u00f3n Nacional de comerciantes y empresarios de la Rep\u00fablica Dominicana (FENACERD), afirm\u00f3 este jueves que el aumento del  ITBIS de un 8% a un 11%, podr\u00eda tener un impacto funesto para los consumidores porque el redondeo o fraccionamiento provocar\u00e1 que productos que deben subir 0.30 o 0.40 centavos terminen aumentando un pesos, mientras que otros que ser\u00edan afectado con 2.00 y 3.00 pesos llegar\u00edan hasta 5.00 en perjuicio del consumidor final.<\/p>\n<\/p>\n<p>Rosa Dinorah Pe\u00f1a Acosta, hizo un llamado a las autoridades, a la industria y al comercio, para buscar f\u00f3rmulas viables que impidan una aplicaci\u00f3n indebida de la Ley 253-12 para el Fortalecimiento de la Capacidad recaudadora del Estado para la Sostenibilidad Fiscal y desarrollo, mejor conocida como la Reforma Tributaria del 2012.<\/p>\n<\/p>\n<p>Dijo que mediante esta ley los  productos como el aceite comestible en todos sus envases, az\u00facar y sus derivados, yogourt, mantequilla, chocolate y caf\u00e9, son afectados por el aumento de la tasa del ITBIS de un 8 a un 11%.<\/p>\n<\/p>\n<p>Pe\u00f1a Acosta se\u00f1al\u00f3 que una libra de az\u00facar  crema que se vende en 20 pesos, con el impuesto incluido, corre el riesgo de ser afectada por el redondeo y vendida a 25.00 la libra, lo mismo ocurre con la tabla de chocolate, el caf\u00e9, entre otros.<\/p>\n<\/p>\n<p>\u00abEste  tema es muy delicado y hacemos el llamado a la conciencia del comercio y la industria para que no apliquen el alza al ojo por ciento y que en algunos casos que estos aumentos sean asumidos una parte el comercio y otra parte la industria\u00bb, apunt\u00f3.<\/p>\n<\/p>\n<h6> 2014-01-03 15:42:49 <\/h6>\n<p><!--\n<link rel=\"stylesheet\" href=\"css\/bootstrap.min.css\">\n\n\n<ul class=\"pagination\">\n\t    \n\t\n\n<li >\n\t<a href='?page_no=13949'>Previous<\/a>\n\t<\/li>\n\n\n       \n    \n\n<li><a href='?page_no=1'>1<\/a><\/li>\n\n\n\n<li><a href='?page_no=2'>2<\/a><\/li>\n\n\n\n<li><a>...<\/a><\/li>\n\n\n\n<li><a href='?page_no=13948'>13948<\/a><\/li>\n\n\n\n<li><a href='?page_no=13949'>13949<\/a><\/li>\n\n\n\n<li class='active'><a>13950<\/a><\/li>\n\n\n\n<li><a href='?page_no=13951'>13951<\/a><\/li>\n\n\n\n<li><a href='?page_no=13952'>13952<\/a><\/li>\n\n\n\n<li><a>...<\/a><\/li>\n\n\n\n<li><a href='?page_no=30472'>30472<\/a><\/li>\n\n\n\n<li><a href='?page_no=30473'>30473<\/a><\/li>\n\n    \n\t\n\n<li >\n\t<a href='?page_no=13951'>Next<\/a>\n\t<\/li>\n\n\n    \n\n<li><a href='?page_no=30473'>Last &rsaquo;&rsaquo;<\/a><\/li>\n\n<\/ul>\n\n\n--><br \/>\n<\/body><\/p>\n","protected":false},"excerpt":{"rendered":"<p>Santo Domingo RD 3 enero.- La Federaci\u00f3n Nacional de comerciantes y empresarios de la Rep\u00fablica Dominicana (FENACERD), afirm\u00f3 este jueves que el aumento del ITBIS de un 8% a un 11%, podr\u00eda tener un impacto funesto para los consumidores porque el redondeo o fraccionamiento provocar\u00e1 que productos que deben subir 0.30 o 0.40 centavos terminen [&hellip;]<\/p>\n","protected":false},"author":3,"featured_media":0,"comment_status":"open","ping_status":"open","sticky":false,"template":"","format":"standard","meta":{"footnotes":""},"categories":[18],"tags":[],"class_list":["post-98387","post","type-post","status-publish","format-standard","hentry","category-economia"],"_links":{"self":[{"href":"https:\/\/diariodominicano.com\/index.php?rest_route=\/wp\/v2\/posts\/98387","targetHints":{"allow":["GET"]}}],"collection":[{"href":"https:\/\/diariodominicano.com\/index.php?rest_route=\/wp\/v2\/posts"}],"about":[{"href":"https:\/\/diariodominicano.com\/index.php?rest_route=\/wp\/v2\/types\/post"}],"author":[{"embeddable":true,"href":"https:\/\/diariodominicano.com\/index.php?rest_route=\/wp\/v2\/users\/3"}],"replies":[{"embeddable":true,"href":"https:\/\/diariodominicano.com\/index.php?rest_route=%2Fwp%2Fv2%2Fcomments&post=98387"}],"version-history":[{"count":0,"href":"https:\/\/diariodominicano.com\/index.php?rest_route=\/wp\/v2\/posts\/98387\/revisions"}],"wp:attachment":[{"href":"https:\/\/diariodominicano.com\/index.php?rest_route=%2Fwp%2Fv2%2Fmedia&parent=98387"}],"wp:term":[{"taxonomy":"category","embeddable":true,"href":"https:\/\/diariodominicano.com\/index.php?rest_route=%2Fwp%2Fv2%2Fcategories&post=98387"},{"taxonomy":"post_tag","embeddable":true,"href":"https:\/\/diariodominicano.com\/index.php?rest_route=%2Fwp%2Fv2%2Ftags&post=98387"}],"curies":[{"name":"wp","href":"https:\/\/api.w.org\/{rel}","templated":true}]}}