{"id":98262,"date":"2014-01-23T21:31:57","date_gmt":"2014-01-23T21:31:57","guid":{"rendered":"http:\/\/diariodominicano.ddns.net\/?p=98262"},"modified":"2014-01-23T21:31:57","modified_gmt":"2014-01-23T21:31:57","slug":"deficit-fiscal-2013-fue-de-2-77-del-pib-por-debajo-de-la-meta-prevista","status":"publish","type":"post","link":"https:\/\/diariodominicano.com\/?p=98262","title":{"rendered":"D\u00e9ficit fiscal 2013 fue de 2.77% del PIB, por debajo de la meta prevista"},"content":{"rendered":"<p><body><\/p>\n<p><img decoding=\"async\" src=\"img3\/simon.jpg\" \/>  <\/p>\n<p><span class=\"text1noticias\">Santo Domingo, RD, 23 de enero (DICOM).- El ministro de Hacienda, licenciado Sim\u00f3n Lizardo M\u00e9zquita, inform\u00f3 hoy que al finalizar el 2013 se registraron avances significativos en el cumplimiento de los objetivos de consolidaci\u00f3n fiscal planteados desde inicio de la administraci\u00f3n de este Gobierno. <\/span><\/p>\n<p><span class=\"text1noticias\"> <\/span><\/p>\n<p><span class=\"text1noticias\">En ese orden, dijo que el resultado preliminar de las cuentas fiscales del Gobierno Central correspondiente al 2013, mostr\u00f3 un d\u00e9ficit equivalente a 2.77% del PIB, por debajo de la meta prevista de 2.8%.<\/span><\/p>\n<p><span class=\"text1noticias\"> <\/span><\/p>\n<p><span class=\"text1noticias\">Comunic\u00f3 que al cierre del 2013, el balance de las cuentas del Gobierno reflej\u00f3 un saldo negativo de s\u00f3lo RD$70,025.2 millones, por debajo del nivel de d\u00e9ficit autorizado de RD$70,302.0 millones, seg\u00fan lo dispuesto en la Ley de Presupuesto General del Estado.<\/span><\/p>\n<p><span class=\"text1noticias\"> <\/span><\/p>\n<p><span class=\"text1noticias\">El licenciado Lizardo M\u00e9zquita sostuvo que el monto total de gasto en el 2013 alcanz\u00f3 RD$442,193.9 millones, y \u00aben cambio los ingresos m\u00e1s donaciones totalizaron RD$372,168.7 millones\u00bb.<\/span><\/p>\n<p><span class=\"text1noticias\"> <\/span><\/p>\n<p><span class=\"text1noticias\">La contrataci\u00f3n de financiamiento por parte del Estado fue de RD$145,117.1  millones, por debajo de los RD$146,421.0 millones autorizados a contratar por el Congreso Nacional, dijo el licenciado Lizardo M\u00e9zquita. <\/span><\/p>\n<p><span class=\"text1noticias\"><strong> <\/strong><\/span><\/p>\n<p><span class=\"text1noticias\"><strong>Racionalizaci\u00f3n del gasto p\u00fablico<\/strong><\/span><\/p>\n<\/p>\n<p><span class=\"text1noticias\">Se\u00f1al\u00f3 que para lograr contener el gasto y cumplir con la meta de d\u00e9ficit, a las diferentes instituciones p\u00fablicas se le aplicaron recortes superiores a los RD$19,100 millones, lo que reflej\u00f3 la fuerte voluntad de las autoridades para apegarse al cumplimiento de la Ley de Gasto.<\/span><\/p>\n<\/p>\n<p><strong><span class=\"text1noticias\"> <\/span><\/strong><\/p>\n<p><strong><span class=\"text1noticias\"> A pesar de la ca\u00edda en las recaudaciones<\/span><\/strong><\/p>\n<\/p>\n<p><span class=\"text1noticias\">\u00abEl resultado antes se\u00f1alado se obtuvo en un contexto desfavorable por la ca\u00edda en las recaudaciones en unos RD$10,780 millones por debajo de lo previsto, despu\u00e9s de incorporar los ingresos extraordinarios que se recibieron por concepto de explotaci\u00f3n de la mina de oro de Pueblo Viejo, ascendentes a RD$12,394 millones; as\u00ed como por la dificultad que represent\u00f3 la expansi\u00f3n del gasto en m\u00e1s de RD$25,000 millones en los meses de mayo, junio y julio, respecto a lo ejecutado en enero-marzo, para contrarrestar el debilitamiento del crecimiento econ\u00f3mico que se evidenci\u00f3 durante los primeros meses del a\u00f1o\u00bb, se\u00f1al\u00f3 el licenciado Lizardo M\u00e9zquita.  <\/span><\/p>\n<\/p>\n<p><strong><span class=\"text1noticias\"> <\/span><\/strong><\/p>\n<p><strong><span class=\"text1noticias\">El 2014 ser\u00e1 much\u00edsimo mejor<\/span><\/strong><\/p>\n<\/p>\n<p><span class=\"text1noticias\">\u00abLas expectativas de un mayor crecimiento econ\u00f3mico y los ingresos por concepto de ganancias de capital por la venta de empresas del sector privado, junto al compromiso de las autoridades para continuar fortaleciendo la disciplina fiscal, refuerzan las perspectivas favorables para que este 2014 contin\u00faen los avances en los resultados esperados de las cuentas fiscales\u00bb, dijo.<\/span><\/p>\n<\/p>\n<\/p>\n<h6> 2014-01-23 21:31:57 <\/h6>\n<p><!--\n<link rel=\"stylesheet\" href=\"css\/bootstrap.min.css\">\n\n\n<ul class=\"pagination\">\n\t    \n\t\n\n<li >\n\t<a href='?page_no=13837'>Previous<\/a>\n\t<\/li>\n\n\n       \n    \n\n<li><a href='?page_no=1'>1<\/a><\/li>\n\n\n\n<li><a href='?page_no=2'>2<\/a><\/li>\n\n\n\n<li><a>...<\/a><\/li>\n\n\n\n<li><a href='?page_no=13836'>13836<\/a><\/li>\n\n\n\n<li><a href='?page_no=13837'>13837<\/a><\/li>\n\n\n\n<li class='active'><a>13838<\/a><\/li>\n\n\n\n<li><a href='?page_no=13839'>13839<\/a><\/li>\n\n\n\n<li><a href='?page_no=13840'>13840<\/a><\/li>\n\n\n\n<li><a>...<\/a><\/li>\n\n\n\n<li><a href='?page_no=30472'>30472<\/a><\/li>\n\n\n\n<li><a href='?page_no=30473'>30473<\/a><\/li>\n\n    \n\t\n\n<li >\n\t<a href='?page_no=13839'>Next<\/a>\n\t<\/li>\n\n\n    \n\n<li><a href='?page_no=30473'>Last &rsaquo;&rsaquo;<\/a><\/li>\n\n<\/ul>\n\n\n--><br \/>\n<\/body><\/p>\n","protected":false},"excerpt":{"rendered":"<p>Santo Domingo, RD, 23 de enero (DICOM).- El ministro de Hacienda, licenciado Sim\u00f3n Lizardo M\u00e9zquita, inform\u00f3 hoy que al finalizar el 2013 se registraron avances significativos en el cumplimiento de los objetivos de consolidaci\u00f3n fiscal planteados desde inicio de la administraci\u00f3n de este Gobierno. En ese orden, dijo que el resultado preliminar de las cuentas [&hellip;]<\/p>\n","protected":false},"author":3,"featured_media":0,"comment_status":"open","ping_status":"open","sticky":false,"template":"","format":"standard","meta":{"footnotes":""},"categories":[18],"tags":[],"class_list":["post-98262","post","type-post","status-publish","format-standard","hentry","category-economia"],"_links":{"self":[{"href":"https:\/\/diariodominicano.com\/index.php?rest_route=\/wp\/v2\/posts\/98262","targetHints":{"allow":["GET"]}}],"collection":[{"href":"https:\/\/diariodominicano.com\/index.php?rest_route=\/wp\/v2\/posts"}],"about":[{"href":"https:\/\/diariodominicano.com\/index.php?rest_route=\/wp\/v2\/types\/post"}],"author":[{"embeddable":true,"href":"https:\/\/diariodominicano.com\/index.php?rest_route=\/wp\/v2\/users\/3"}],"replies":[{"embeddable":true,"href":"https:\/\/diariodominicano.com\/index.php?rest_route=%2Fwp%2Fv2%2Fcomments&post=98262"}],"version-history":[{"count":0,"href":"https:\/\/diariodominicano.com\/index.php?rest_route=\/wp\/v2\/posts\/98262\/revisions"}],"wp:attachment":[{"href":"https:\/\/diariodominicano.com\/index.php?rest_route=%2Fwp%2Fv2%2Fmedia&parent=98262"}],"wp:term":[{"taxonomy":"category","embeddable":true,"href":"https:\/\/diariodominicano.com\/index.php?rest_route=%2Fwp%2Fv2%2Fcategories&post=98262"},{"taxonomy":"post_tag","embeddable":true,"href":"https:\/\/diariodominicano.com\/index.php?rest_route=%2Fwp%2Fv2%2Ftags&post=98262"}],"curies":[{"name":"wp","href":"https:\/\/api.w.org\/{rel}","templated":true}]}}