{"id":97330,"date":"2020-11-24T16:39:41","date_gmt":"2020-11-24T16:39:41","guid":{"rendered":"http:\/\/diariodominicano.ddns.net\/?p=97330"},"modified":"2020-11-24T16:39:41","modified_gmt":"2020-11-24T16:39:41","slug":"tesoreria-nacional-y-contraloria-trabajan-para-abreviar-procesos","status":"publish","type":"post","link":"https:\/\/diariodominicano.com\/?p=97330","title":{"rendered":"&#13;Tesorer\u00eda Nacional y Contralor\u00eda trabajan para abreviar procesos"},"content":{"rendered":"<p><body><\/p>\n<p><img decoding=\"async\" src=\"img3\/Tesorero Catalino24-11-20.jpg\" \/>  <\/p>\n<p><span class=\"text1noticias\"> diariodominicano.com<\/span><\/p>\n<\/p>\n<p><span class=\"text1noticias\">Santo Domingo, R. D., 24 de noviembre, 2020.- La Tesorer\u00eda Nacional y la Contralor\u00eda General de la Rep\u00fablica acordaron trabajar horas extras a fin de agilizar al m\u00e1ximo la tramitaci\u00f3n de los archivos de n\u00f3mina para  el pago a los servidores p\u00fablico, a fin de que puedan recibir el primero de diciembre su salario n\u00famero 13 como lo dispuso el presidente Luis Abinader.<\/span><\/p>\n<\/p>\n<p><span class=\"text1noticias\">El tesorero nacional, Catalino Correa y el Contralor, Luis Rafael Delgado S\u00e1nchez,  se reunieron  en sus oficinas de la Tesorer\u00eda Nacional  y pasaron revista a las tareas pendientes de ambas instituciones.<\/span><\/p>\n<p><span class=\"text1noticias\"> <\/span><\/p>\n<p><span class=\"text1noticias\">Ambos funcionarios reiteraron el llamado a todas las instituciones del gobierno central y las entidades  descentralizadas y aut\u00f3nomas no financieras a que contin\u00faen enviando cuanto antes los archivos y que completen lo m\u00e1s r\u00e1pido posible sus libramientos de n\u00f3minas  a fin de que los servidores p\u00fablicos puedan disponer de sus recursos en la fecha que se anunci\u00f3.<\/span><\/p>\n<\/p>\n<p><span class=\"text1noticias\">Insistieron en que forma parte del inter\u00e9s del gobierno que los servidores del Estado cuenten con esos  recursos para que puedan planificar su navidad a tiempo.<\/span><\/p>\n<\/p>\n<p><span class=\"text1noticias\">Correa y Delgado reiteraron que no escatimar\u00e1n esfuerzos a fin de darle salida r\u00e1pida a todos los libramientos de pagos. <\/span><\/p>\n<\/p>\n<p><span class=\"text1noticias\">Expresaron sus deseos de que sean tranquilas y felices estas navidades y sobre todo en uni\u00f3n familiar<\/span>. <\/p>\n<\/p>\n<p> Fuente: Candida Ortega<\/p>\n<p><span class=\"text1noticias\">Tesorer\u00eda Nacional<\/span><\/p>\n<h6> 2020-11-24 16:39:41 <\/h6>\n<p><!--\n<link rel=\"stylesheet\" href=\"css\/bootstrap.min.css\">\n\n\n<ul class=\"pagination\">\n\t    \n\t\n\n<li >\n\t<a href='?page_no=12'>Previous<\/a>\n\t<\/li>\n\n\n       \n    \n\n<li><a href='?page_no=1'>1<\/a><\/li>\n\n\n\n<li><a href='?page_no=2'>2<\/a><\/li>\n\n\n\n<li><a>...<\/a><\/li>\n\n\n\n<li><a href='?page_no=11'>11<\/a><\/li>\n\n\n\n<li><a href='?page_no=12'>12<\/a><\/li>\n\n\n\n<li class='active'><a>13<\/a><\/li>\n\n\n\n<li><a href='?page_no=14'>14<\/a><\/li>\n\n\n\n<li><a href='?page_no=15'>15<\/a><\/li>\n\n\n\n<li><a>...<\/a><\/li>\n\n\n\n<li><a href='?page_no=30472'>30472<\/a><\/li>\n\n\n\n<li><a href='?page_no=30473'>30473<\/a><\/li>\n\n    \n\t\n\n<li >\n\t<a href='?page_no=14'>Next<\/a>\n\t<\/li>\n\n\n    \n\n<li><a href='?page_no=30473'>Last &rsaquo;&rsaquo;<\/a><\/li>\n\n<\/ul>\n\n\n--><br \/>\n<\/body><\/p>\n","protected":false},"excerpt":{"rendered":"<p>diariodominicano.com Santo Domingo, R. D., 24 de noviembre, 2020.- La Tesorer\u00eda Nacional y la Contralor\u00eda General de la Rep\u00fablica acordaron trabajar horas extras a fin de agilizar al m\u00e1ximo la tramitaci\u00f3n de los archivos de n\u00f3mina para el pago a los servidores p\u00fablico, a fin de que puedan recibir el primero de diciembre su salario [&hellip;]<\/p>\n","protected":false},"author":3,"featured_media":0,"comment_status":"open","ping_status":"open","sticky":false,"template":"","format":"standard","meta":{"footnotes":""},"categories":[18],"tags":[],"class_list":["post-97330","post","type-post","status-publish","format-standard","hentry","category-economia"],"_links":{"self":[{"href":"https:\/\/diariodominicano.com\/index.php?rest_route=\/wp\/v2\/posts\/97330","targetHints":{"allow":["GET"]}}],"collection":[{"href":"https:\/\/diariodominicano.com\/index.php?rest_route=\/wp\/v2\/posts"}],"about":[{"href":"https:\/\/diariodominicano.com\/index.php?rest_route=\/wp\/v2\/types\/post"}],"author":[{"embeddable":true,"href":"https:\/\/diariodominicano.com\/index.php?rest_route=\/wp\/v2\/users\/3"}],"replies":[{"embeddable":true,"href":"https:\/\/diariodominicano.com\/index.php?rest_route=%2Fwp%2Fv2%2Fcomments&post=97330"}],"version-history":[{"count":0,"href":"https:\/\/diariodominicano.com\/index.php?rest_route=\/wp\/v2\/posts\/97330\/revisions"}],"wp:attachment":[{"href":"https:\/\/diariodominicano.com\/index.php?rest_route=%2Fwp%2Fv2%2Fmedia&parent=97330"}],"wp:term":[{"taxonomy":"category","embeddable":true,"href":"https:\/\/diariodominicano.com\/index.php?rest_route=%2Fwp%2Fv2%2Fcategories&post=97330"},{"taxonomy":"post_tag","embeddable":true,"href":"https:\/\/diariodominicano.com\/index.php?rest_route=%2Fwp%2Fv2%2Ftags&post=97330"}],"curies":[{"name":"wp","href":"https:\/\/api.w.org\/{rel}","templated":true}]}}