{"id":97290,"date":"2014-05-28T14:47:57","date_gmt":"2014-05-28T14:47:57","guid":{"rendered":"http:\/\/diariodominicano.ddns.net\/?p=97290"},"modified":"2014-05-28T14:47:57","modified_gmt":"2014-05-28T14:47:57","slug":"gobierno-estima-perderia-en-ingresos-rd2000-mm-importadores-rechazan-argumentos-del-ejecutivo","status":"publish","type":"post","link":"https:\/\/diariodominicano.com\/?p=97290","title":{"rendered":"Gobierno estima perder\u00eda en ingresos RD$2,000 MM; importadores rechazan argumentos del ejecutivo"},"content":{"rendered":"<p><body><\/p>\n<p><img decoding=\"async\" src=\"img3\/rueda 28.jpeg\" \/>  <\/p>\n<p>Santo Domingo RD 28 mayo.- El Gobierno estima que perder\u00eda ingresos por el orden de RD$2,000 millones solo en el primer a\u00f1o con el aumento de 5 a 7 a\u00f1os en la importaci\u00f3n de veh\u00edculos usados hacia Rep\u00fablica Dominicana, adem\u00e1s de que si aprueban la medida se generar\u00eda un impacto negativo sobre la balanza de pagos y se anular\u00eda los efectos positivos que se comenz\u00f3 a generar con el impuesto a la emisi\u00f3n de CO2 (carbono).<\/p>\n<\/p>\n<p>En un espacio pagado que se publica en este medio, el Ministerio de Hacienda y las direcciones de Aduanas y de Impuestos Internos (DGII) explican que el Gobierno se opone a la ampliaci\u00f3n del l\u00edmite hasta siete a\u00f1os para la importaci\u00f3n de veh\u00edculos usados por los efectos negativos sobre las recaudaciones, la balanza de pagos, el medio ambiente y la salud p\u00fablica del pa\u00eds. <\/p>\n<\/p>\n<p><strong>Dealers <\/strong><\/p>\n<p>Las asociaciones de importadores de veh\u00edculos usados rechazaron hoy de manera categ\u00f3rica los argumentos utilizados por el Poder Ejecutivo para rechazar el proyecto de ley que extender\u00eda de 5 a 7 a\u00f1os los permisos de importaci\u00f3n. Indica que se afectar\u00eda directamente la base imponible, reduciendo las recaudaciones por arancel, los impuestos por ITBIS, a la emisi\u00f3n de la primera placa, a la transferencia de veh\u00edculos y a la circulaci\u00f3n vehicular.<\/p>\n<\/p>\n<p>Argumenta que el parque vehicular es obsoleto y que seis de cada diez veh\u00edculos que circulan tienen m\u00e1s de siete a\u00f1os de fabricados. Dice que en el anexo 3.2 del DR-Cafta se reserv\u00f3 la prohibici\u00f3n de importaci\u00f3n de veh\u00edculos de m\u00e1s de cinco a\u00f1os.<\/p>\n<\/p>\n<p><strong>Importadores de veh\u00edculos rechazan argumentos del PE <\/strong><\/p>\n<p>Las asociaciones Nacional de Agencias Distribuidoras de Veh\u00edculos (Anadive), de Importadores de Veh\u00edculos Usados (Asocivu) y Dealers del Cibao (Adeci) explicaron que la mayor\u00eda de los veh\u00edculos que importan provienen de mercados con regulaciones de preservaci\u00f3n del medio ambiente. \u00abLos autom\u00f3viles est\u00e1n equipados con catalizadores para control de la emisi\u00f3n de gases y otros dispositivos de seguridad.<\/p>\n<\/p>\n<p>\u00abNo existe ning\u00fan estudio de impacto ambiental que demuestre los argumentos referidos por lo que deploramos que se le mienta al pa\u00eds y a las autoridades con el \u00fanico prop\u00f3sito de mantener un privilegio que atenta contra el derecho de la mayor\u00eda, para quienes la adquisici\u00f3n de un veh\u00edculo le significa la generaci\u00f3n de recursos con los que puede cambiar y mejorar las condiciones de vida para s\u00ed y para los suyos\u00bb. Pidieron al Presidente considerar la medida adoptada en torno a informaciones suministradas por un sector, que solo conciernen al inter\u00e9s individual, por lo que le solicitaron recibir al sector.<\/p>\n<\/p>\n<p>Abogan para que se ampl\u00ede a siete a\u00f1os el plazo porque democratiza la adquisici\u00f3n de unidades para la poblaci\u00f3n y se aumentan los ingresos del Estado.<\/p>\n<\/p>\n<p>Consideraron que la medida permitir\u00e1 la subsistencia de las 1,100 empresas, y a los miles de empleos directos e indirectos que generan.<\/p>\n<\/p>\n<p>Otra raz\u00f3n que se expuso fue que los veh\u00edculos usados adquiridos, casi en su totalidad, son comprados en subastas federales y cuestan 50% menos del costo de una unidad nueva, por lo que el pa\u00eds ahorra divisas que contribuyen al equilibrio de la balanza comercial y la estabilidad macroecon\u00f3mica. <\/p>\n<p><strong> <\/strong><\/p>\n<p><strong>ARGUMENTOS DEL GOBIERNO<\/strong> <\/p>\n<p>En el documento publicado hoy como espacio pagado, el Gobierno dice que con el aumento del l\u00edmite de 5 a 7 a\u00f1os de fabricaci\u00f3n de veh\u00edculos usados se podr\u00edan importar carros del 2007 en adelante y eso implicar\u00eda un aumento en las importaciones de piezas de repuestos y el aumento del consumo de combustibles, lo que impactar\u00e1 la balanza de pagos con un aumento de salida de divisas y una presi\u00f3n en el tipo de cambio.<\/p>\n<\/p>\n<p>Parque obsoleto: Hay 715,984 autom\u00f3viles hasta 2013 y de ese total 9 2de cada 100 tiene m\u00e1s de 7 a\u00f1os. Un 0.2% es de 2014, 0.4% de 2013, 23.8% de 2001-2012 y el 75.6% del a\u00f1o 2000 y anteriores a este.<\/p>\n<\/p>\n<p>Indica que de las 312,170 jeepetas registradas m\u00e1s de la mitad tiene 7 a\u00f1os, un 0.8% es de 2014, 2.5% de 2013, 67% de 2001-2012 y 29.7% del 2000 y anteriores.<\/p>\n<h6> 2014-05-28 14:47:57 <\/h6>\n<p><!--\n<link rel=\"stylesheet\" href=\"css\/bootstrap.min.css\">\n\n\n<ul class=\"pagination\">\n\t    \n\t\n\n<li >\n\t<a href='?page_no=12962'>Previous<\/a>\n\t<\/li>\n\n\n       \n    \n\n<li><a href='?page_no=1'>1<\/a><\/li>\n\n\n\n<li><a href='?page_no=2'>2<\/a><\/li>\n\n\n\n<li><a>...<\/a><\/li>\n\n\n\n<li><a href='?page_no=12961'>12961<\/a><\/li>\n\n\n\n<li><a href='?page_no=12962'>12962<\/a><\/li>\n\n\n\n<li class='active'><a>12963<\/a><\/li>\n\n\n\n<li><a href='?page_no=12964'>12964<\/a><\/li>\n\n\n\n<li><a href='?page_no=12965'>12965<\/a><\/li>\n\n\n\n<li><a>...<\/a><\/li>\n\n\n\n<li><a href='?page_no=30472'>30472<\/a><\/li>\n\n\n\n<li><a href='?page_no=30473'>30473<\/a><\/li>\n\n    \n\t\n\n<li >\n\t<a href='?page_no=12964'>Next<\/a>\n\t<\/li>\n\n\n    \n\n<li><a href='?page_no=30473'>Last &rsaquo;&rsaquo;<\/a><\/li>\n\n<\/ul>\n\n\n--><br \/>\n<\/body><\/p>\n","protected":false},"excerpt":{"rendered":"<p>Santo Domingo RD 28 mayo.- El Gobierno estima que perder\u00eda ingresos por el orden de RD$2,000 millones solo en el primer a\u00f1o con el aumento de 5 a 7 a\u00f1os en la importaci\u00f3n de veh\u00edculos usados hacia Rep\u00fablica Dominicana, adem\u00e1s de que si aprueban la medida se generar\u00eda un impacto negativo sobre la balanza de [&hellip;]<\/p>\n","protected":false},"author":3,"featured_media":0,"comment_status":"open","ping_status":"open","sticky":false,"template":"","format":"standard","meta":{"footnotes":""},"categories":[18],"tags":[],"class_list":["post-97290","post","type-post","status-publish","format-standard","hentry","category-economia"],"_links":{"self":[{"href":"https:\/\/diariodominicano.com\/index.php?rest_route=\/wp\/v2\/posts\/97290","targetHints":{"allow":["GET"]}}],"collection":[{"href":"https:\/\/diariodominicano.com\/index.php?rest_route=\/wp\/v2\/posts"}],"about":[{"href":"https:\/\/diariodominicano.com\/index.php?rest_route=\/wp\/v2\/types\/post"}],"author":[{"embeddable":true,"href":"https:\/\/diariodominicano.com\/index.php?rest_route=\/wp\/v2\/users\/3"}],"replies":[{"embeddable":true,"href":"https:\/\/diariodominicano.com\/index.php?rest_route=%2Fwp%2Fv2%2Fcomments&post=97290"}],"version-history":[{"count":0,"href":"https:\/\/diariodominicano.com\/index.php?rest_route=\/wp\/v2\/posts\/97290\/revisions"}],"wp:attachment":[{"href":"https:\/\/diariodominicano.com\/index.php?rest_route=%2Fwp%2Fv2%2Fmedia&parent=97290"}],"wp:term":[{"taxonomy":"category","embeddable":true,"href":"https:\/\/diariodominicano.com\/index.php?rest_route=%2Fwp%2Fv2%2Fcategories&post=97290"},{"taxonomy":"post_tag","embeddable":true,"href":"https:\/\/diariodominicano.com\/index.php?rest_route=%2Fwp%2Fv2%2Ftags&post=97290"}],"curies":[{"name":"wp","href":"https:\/\/api.w.org\/{rel}","templated":true}]}}