{"id":96219,"date":"2020-11-24T22:05:48","date_gmt":"2020-11-24T22:05:48","guid":{"rendered":"http:\/\/diariodominicano.ddns.net\/?p=96219"},"modified":"2020-11-24T22:05:48","modified_gmt":"2020-11-24T22:05:48","slug":"division-de-estudios-regionales-del-banco-central-de-la-republica-dominicana-afirma-duarte-es-la-segunda-provincia-de-la-region-que-mas-remesas-recibe","status":"publish","type":"post","link":"https:\/\/diariodominicano.com\/?p=96219","title":{"rendered":"Divisi\u00f3n de Estudios Regionales del Banco Central de la Rep\u00fablica Dominicana afirma Duarte es la segunda provincia de la regi\u00f3n que m\u00e1s remesas recibe&#13;"},"content":{"rendered":"<p><body><\/p>\n<p><img decoding=\"async\" src=\"img3\/ua Y  EURO.jpg\" \/>  <\/p>\n<p><strong>Diariodominicao.com<\/strong><\/p>\n<p><strong> Oscar Pascual, Subdirector de Programaci\u00f3n Monetaria;  Fidel Morla, conferencista; Juan Mar\u00eda Garc\u00eda, presidente de la C\u00e1mara de Comercio de la provincia Duarte; Jos\u00e9 Rafael Vargas, representante del \u00e1rea de Comunicaciones en Oficina Regional. <\/strong><\/p>\n<p><strong>Divisi\u00f3n de Estudios Regionales del Banco Central de la Rep\u00fablica Dominicana afirma Duarte es la segunda provincia de la regi\u00f3n que m\u00e1s remesas recibe.<\/strong><\/p>\n<\/p>\n<p><strong>  <\/strong><\/p>\n<p><strong>Santo Domingo, RD.- <\/strong> El Banco Central de la Rep\u00fablica Dominicana, contin\u00faa acerc\u00e1ndose  a las Asociaciones de Desarrollo y C\u00e1maras de comercios del Cibao con la finalidad de mostrar estad\u00edsticas relevantes para sus respectivas provincias.  La compilaci\u00f3n es realizada por la Divisi\u00f3n de Estudios Regionales del Departamento de Programaci\u00f3n Monetaria con asiento en la Oficina Regional de Santiago, est\u00e1 viene efectu\u00e1ndose desde hace dos a\u00f1os y se realiza dentro del marco del Panorama Econ\u00f3mico.  <\/p>\n<p>El fin es proveer informaci\u00f3n econ\u00f3mica confiable para la toma de decisiones del sector productivo de cada provincia, est\u00e1 vez le correspondi\u00f3 a la Provincia Duarte. <\/p>\n<\/p>\n<\/p>\n<\/p>\n<p>El levantamiento del estudio arroja como datos relevante de la provincia las siguientes aportaciones: <\/p>\n<p><strong>\tDuarte es la segunda provincia de la Regi\u00f3n que m\u00e1s remesas recibe.<\/strong><\/p>\n<p><strong>\tLa segunda mayor de la regi\u00f3n norte en producci\u00f3n agr\u00edcola y tercera a nivel nacional.<\/strong><\/p>\n<p><strong>\tDuarte <\/strong>es la zona en el mundo que m\u00e1s cacao org\u00e1nico produce.<\/p>\n<\/p>\n<p>El presidente de la C\u00e1mara de Comercio de la Provincia Duarte, el se\u00f1or Juan Mar\u00eda Garc\u00eda agradeci\u00f3 el acercamiento del Banco Central con la c\u00e1mara. La conferencia se realiz\u00f3 de manera virtual y cont\u00f3 con la presencia del presidente de la c\u00e1mara de comerciantes, Iv\u00e1n de Jes\u00fas Garc\u00eda y empresarios allegado a la C\u00e1mara. <\/p>\n<\/p>\n<p>La conferencia fue impartida por el Lic. Fidel Morla, representante del \u00e1rea de Estudios Regionales e intervino el se\u00f1or Oscar Pascual, subdirector de Programaci\u00f3n Monetaria. <\/p>\n<p> Sr. Oscar Pascual, Subdirector de Programaci\u00f3n Monetaria; Lic. Fidel Morla, conferencista; Sr. Juan Mar\u00eda Garc\u00eda, presidente de la C\u00e1mara de Comercio de la provincia Duarte; Lic. Jos\u00e9 Rafael Vargas, representante del \u00e1rea de Comunicaciones en Oficina Regional. <\/p>\n<p>Santo Domingo<\/p>\n<p>22 de septiembre 2020<\/p>\n<h6> 2020-11-24 22:05:48 <\/h6>\n<p><!--\n<link rel=\"stylesheet\" href=\"css\/bootstrap.min.css\">\n\n\n<ul class=\"pagination\">\n\t    \n\t\n\n<li >\n\t<a href='?page_no=11'>Previous<\/a>\n\t<\/li>\n\n\n       \n    \n\n<li><a href='?page_no=1'>1<\/a><\/li>\n\n\n\n<li><a href='?page_no=2'>2<\/a><\/li>\n\n\n\n<li><a>...<\/a><\/li>\n\n\n\n<li><a href='?page_no=10'>10<\/a><\/li>\n\n\n\n<li><a href='?page_no=11'>11<\/a><\/li>\n\n\n\n<li class='active'><a>12<\/a><\/li>\n\n\n\n<li><a href='?page_no=13'>13<\/a><\/li>\n\n\n\n<li><a href='?page_no=14'>14<\/a><\/li>\n\n\n\n<li><a>...<\/a><\/li>\n\n\n\n<li><a href='?page_no=30472'>30472<\/a><\/li>\n\n\n\n<li><a href='?page_no=30473'>30473<\/a><\/li>\n\n    \n\t\n\n<li >\n\t<a href='?page_no=13'>Next<\/a>\n\t<\/li>\n\n\n    \n\n<li><a href='?page_no=30473'>Last &rsaquo;&rsaquo;<\/a><\/li>\n\n<\/ul>\n\n\n--><br \/>\n<\/body><\/p>\n","protected":false},"excerpt":{"rendered":"<p>Diariodominicao.com Oscar Pascual, Subdirector de Programaci\u00f3n Monetaria; Fidel Morla, conferencista; Juan Mar\u00eda Garc\u00eda, presidente de la C\u00e1mara de Comercio de la provincia Duarte; Jos\u00e9 Rafael Vargas, representante del \u00e1rea de Comunicaciones en Oficina Regional. Divisi\u00f3n de Estudios Regionales del Banco Central de la Rep\u00fablica Dominicana afirma Duarte es la segunda provincia de la regi\u00f3n que [&hellip;]<\/p>\n","protected":false},"author":3,"featured_media":0,"comment_status":"open","ping_status":"open","sticky":false,"template":"","format":"standard","meta":{"footnotes":""},"categories":[18],"tags":[],"class_list":["post-96219","post","type-post","status-publish","format-standard","hentry","category-economia"],"_links":{"self":[{"href":"https:\/\/diariodominicano.com\/index.php?rest_route=\/wp\/v2\/posts\/96219","targetHints":{"allow":["GET"]}}],"collection":[{"href":"https:\/\/diariodominicano.com\/index.php?rest_route=\/wp\/v2\/posts"}],"about":[{"href":"https:\/\/diariodominicano.com\/index.php?rest_route=\/wp\/v2\/types\/post"}],"author":[{"embeddable":true,"href":"https:\/\/diariodominicano.com\/index.php?rest_route=\/wp\/v2\/users\/3"}],"replies":[{"embeddable":true,"href":"https:\/\/diariodominicano.com\/index.php?rest_route=%2Fwp%2Fv2%2Fcomments&post=96219"}],"version-history":[{"count":0,"href":"https:\/\/diariodominicano.com\/index.php?rest_route=\/wp\/v2\/posts\/96219\/revisions"}],"wp:attachment":[{"href":"https:\/\/diariodominicano.com\/index.php?rest_route=%2Fwp%2Fv2%2Fmedia&parent=96219"}],"wp:term":[{"taxonomy":"category","embeddable":true,"href":"https:\/\/diariodominicano.com\/index.php?rest_route=%2Fwp%2Fv2%2Fcategories&post=96219"},{"taxonomy":"post_tag","embeddable":true,"href":"https:\/\/diariodominicano.com\/index.php?rest_route=%2Fwp%2Fv2%2Ftags&post=96219"}],"curies":[{"name":"wp","href":"https:\/\/api.w.org\/{rel}","templated":true}]}}