{"id":93997,"date":"2020-11-25T22:10:24","date_gmt":"2020-11-25T22:10:24","guid":{"rendered":"http:\/\/diariodominicano.ddns.net\/?p=93997"},"modified":"2020-11-25T22:10:24","modified_gmt":"2020-11-25T22:10:24","slug":"gobierno-reactivara-zona-franca-en-salcedo-para-aportar-300-nuevos-empleos-tras-10-anos-de-permanecer-cerrada","status":"publish","type":"post","link":"https:\/\/diariodominicano.com\/?p=93997","title":{"rendered":"Gobierno reactivar\u00e1 zona franca en Salcedo para aportar 300 nuevos empleos, tras 10 a\u00f1os de permanecer cerrada"},"content":{"rendered":"<p><body><\/p>\n<p><img decoding=\"async\" src=\"img3\/AbinaderSalcedo25-1-20.jpeg\" \/>  <\/p>\n<p><span class=\"text1noticias\"> <\/span><\/p>\n<p><span class=\"text1noticias\">diariodominicano.com<\/span><\/p>\n<p><span class=\"text1noticias\"> <\/span><\/p>\n<p><span class=\"text1noticias\">Salcedo, 25 de noviembre, 2020.- El presidente Luis Abinader anunci\u00f3 este mi\u00e9rcoles la reapertura de la zona franca industrial de esta ciudad, provincia Hermanas Mirabal, la cual generar\u00e1 300 nuevos empleos.<\/span><\/p>\n<p><span class=\"text1noticias\"> <\/span><\/p>\n<p><span class=\"text1noticias\">Luego de diez a\u00f1os sin operar, el Gobierno se prepara para poner en marcha sus naves y reactivar, de manera especial, la industria tabacalera, de la mano del Centro de Desarrollo y Competitividad y el Ministerio de Industria, Comercio y Mipymes.<\/span><\/p>\n<p><span class=\"text1noticias\"> <\/span><\/p>\n<p><span class=\"text1noticias\">Acompa\u00f1aron al presidente, la vicepresidenta Raquel Pe\u00f1a, la primera dama Raquel Arbaje, y la hija de la pareja presidencial, Graciela Abinader Arbaje.<\/span><\/p>\n<p><span class=\"text1noticias\"> <\/span><\/p>\n<p><span class=\"text1noticias\">La reactivaci\u00f3n de esta zona franca forma parte de la meta presidencial de lograr 600,000 nuevos empleos en esta gesti\u00f3n gubernamental, as\u00ed como seguir reactivando la econom\u00eda nacional y posicionar al pa\u00eds como el primer gran productor de tabaco de calidad en el mundo.<\/span><\/p>\n<p><span class=\"text1noticias\"> <\/span><\/p>\n<p><span class=\"text1noticias\">Abinader resalt\u00f3 la cercan\u00eda de esta zona franca con Tamboril y las \u00e1reas de siembra de tabaco, como un factor de ventaja para la industria.<\/span><\/p>\n<p><span class=\"text1noticias\"> <\/span><\/p>\n<p><span class=\"text1noticias\">\u00abEste es s\u00f3lo el comienzo para que cientos, y despu\u00e9s miles de ciudadanos de aqu\u00ed, de Salcedo, puedan trabajar dignamente en este parque de zona franca que estuvo cerrado, pero que en nuestro Gobierno se est\u00e1 abriendo con las oportunidades, incentivos y contactos para que se creen empleos en cada una de las provincias del pa\u00eds\u00bb, enfatiz\u00f3 el mandatario.<\/span><\/p>\n<p><span class=\"text1noticias\"> <\/span><\/p>\n<p><span class=\"text1noticias\">El mandatario dijo que seguir\u00e1 haciendo esfuerzos para que la poblaci\u00f3n dominicana logre nuevas fuentes de trabajo.<\/span><\/p>\n<p><span class=\"text1noticias\"> <\/span><\/p>\n<p><span class=\"text1noticias\">Abinader expres\u00f3 que \u00abcuenten con nosotros para apoyar la creaci\u00f3n de empleos. Donde quiera que se vaya a crear empleos, d\u00edganme que se necesita y ah\u00ed vamos a estar\u00bb.  <\/span><\/p>\n<p><span class=\"text1noticias\"> <\/span><\/p>\n<p><span class=\"text1noticias\">El ministro de Industria, Comercio y Mipymes, V\u00edctor -Ito- Bison\u00f3, se\u00f1al\u00f3 que esta iniciativa responde a las instrucciones del presidente Abinader de dar continuidad al relanzamiento de zonas francas en el territorio nacional.  <\/span><\/p>\n<p><span class=\"text1noticias\"> <\/span><\/p>\n<p><span class=\"text1noticias\">Las medidlas impulsadas, dijo, han permitido recuperar los empleos perdidos de principio de a\u00f1o y m\u00e1s de 15,000 nuevos puestos.<\/span><\/p>\n<p><span class=\"text1noticias\"> <\/span><\/p>\n<p><span class=\"text1noticias\">De su lado, Ulises Rodr\u00edguez, director del Centro de Desarrollo y Competitividad Industrial (PROINDUSTRIA), resalt\u00f3 la iniciativa del presidente de relanzar las zonas francas de todo el pa\u00eds.<\/span><\/p>\n<p><span class=\"text1noticias\"> <\/span><\/p>\n<p><span class=\"text1noticias\">Estuvieron presentes en el acto, los ministros administrativo de la Presidencia, Jos\u00e9 Ignacio Paliza; de la Mujer, Mayra Jim\u00e9nez, y sin cartera, Geanilda V\u00e1squez.<\/span><\/p>\n<p><span class=\"text1noticias\"> <\/span><\/p>\n<p><span class=\"text1noticias\">Tambi\u00e9n, Daniel Liranzo, presidente del Consejo Nacional de Zonas Francas y Rafael Santos, director del Instituto Nacional de Formaci\u00f3n T\u00e9cnico Profesional (INFOTEP).<\/span><\/p>\n<p><span class=\"text1noticias\"> <\/span><\/p>\n<p><span class=\"text1noticias\">Igualmente, el senador Bautista Rojas G\u00f3mez; Lissette Nicasio, gobernadora y Mercedes Ortiz, alcaldesa de Salcedo.<\/span><\/p>\n<p><span class=\"text1noticias\"> <\/span><\/p>\n<p><span class=\"text1noticias\">Sector tabacalero<\/span><\/p>\n<p><span class=\"text1noticias\"> <\/span><\/p>\n<p><span class=\"text1noticias\">Radhames Rodr\u00edguez, presidente de la Tabacalera, agradeci\u00f3 la iniciativa del presidente para impulsar el relanzamiento del sector tabacalero, especialmente en esta zona franca.<\/span><\/p>\n<p><span class=\"text1noticias\"> <\/span><\/p>\n<p><span class=\"text1noticias\">\u00abA partir de enero iniciaremos, con el apoyo del Gobierno, en la formaci\u00f3n de t\u00e9cnicos para seguir desarrollando la ind<\/span>ustria\u00bb, inform\u00f3.<\/p>\n<\/p>\n<p><span class=\"text1noticias\">Fuente: Presidencia de la Rep\u00fablica Dominicana<\/span><\/p>\n<p><span class=\"text1noticias\">Noticias<\/span><\/p>\n<h6> 2020-11-25 22:10:24 <\/h6>\n<p><!--\n<link rel=\"stylesheet\" href=\"css\/bootstrap.min.css\">\n\n\n<ul class=\"pagination\">\n\t    \n\t\n\n<li >\n\t<a href='?page_no=9'>Previous<\/a>\n\t<\/li>\n\n\n       \n    \n\n<li><a href='?page_no=1'>1<\/a><\/li>\n\n\n\n<li><a href='?page_no=2'>2<\/a><\/li>\n\n\n\n<li><a>...<\/a><\/li>\n\n\n\n<li><a href='?page_no=8'>8<\/a><\/li>\n\n\n\n<li><a href='?page_no=9'>9<\/a><\/li>\n\n\n\n<li class='active'><a>10<\/a><\/li>\n\n\n\n<li><a href='?page_no=11'>11<\/a><\/li>\n\n\n\n<li><a href='?page_no=12'>12<\/a><\/li>\n\n\n\n<li><a>...<\/a><\/li>\n\n\n\n<li><a href='?page_no=30472'>30472<\/a><\/li>\n\n\n\n<li><a href='?page_no=30473'>30473<\/a><\/li>\n\n    \n\t\n\n<li >\n\t<a href='?page_no=11'>Next<\/a>\n\t<\/li>\n\n\n    \n\n<li><a href='?page_no=30473'>Last &rsaquo;&rsaquo;<\/a><\/li>\n\n<\/ul>\n\n\n--><br \/>\n<\/body><\/p>\n","protected":false},"excerpt":{"rendered":"<p>diariodominicano.com Salcedo, 25 de noviembre, 2020.- El presidente Luis Abinader anunci\u00f3 este mi\u00e9rcoles la reapertura de la zona franca industrial de esta ciudad, provincia Hermanas Mirabal, la cual generar\u00e1 300 nuevos empleos. Luego de diez a\u00f1os sin operar, el Gobierno se prepara para poner en marcha sus naves y reactivar, de manera especial, la industria [&hellip;]<\/p>\n","protected":false},"author":3,"featured_media":0,"comment_status":"open","ping_status":"open","sticky":false,"template":"","format":"standard","meta":{"footnotes":""},"categories":[18],"tags":[],"class_list":["post-93997","post","type-post","status-publish","format-standard","hentry","category-economia"],"_links":{"self":[{"href":"https:\/\/diariodominicano.com\/index.php?rest_route=\/wp\/v2\/posts\/93997","targetHints":{"allow":["GET"]}}],"collection":[{"href":"https:\/\/diariodominicano.com\/index.php?rest_route=\/wp\/v2\/posts"}],"about":[{"href":"https:\/\/diariodominicano.com\/index.php?rest_route=\/wp\/v2\/types\/post"}],"author":[{"embeddable":true,"href":"https:\/\/diariodominicano.com\/index.php?rest_route=\/wp\/v2\/users\/3"}],"replies":[{"embeddable":true,"href":"https:\/\/diariodominicano.com\/index.php?rest_route=%2Fwp%2Fv2%2Fcomments&post=93997"}],"version-history":[{"count":0,"href":"https:\/\/diariodominicano.com\/index.php?rest_route=\/wp\/v2\/posts\/93997\/revisions"}],"wp:attachment":[{"href":"https:\/\/diariodominicano.com\/index.php?rest_route=%2Fwp%2Fv2%2Fmedia&parent=93997"}],"wp:term":[{"taxonomy":"category","embeddable":true,"href":"https:\/\/diariodominicano.com\/index.php?rest_route=%2Fwp%2Fv2%2Fcategories&post=93997"},{"taxonomy":"post_tag","embeddable":true,"href":"https:\/\/diariodominicano.com\/index.php?rest_route=%2Fwp%2Fv2%2Ftags&post=93997"}],"curies":[{"name":"wp","href":"https:\/\/api.w.org\/{rel}","templated":true}]}}