{"id":93047,"date":"2008-03-18T18:39:14","date_gmt":"2008-03-18T18:39:14","guid":{"rendered":"http:\/\/diariodominicano.ddns.net\/?p=93047"},"modified":"2008-03-18T18:39:14","modified_gmt":"2008-03-18T18:39:14","slug":"en-el-cce-alanna-lockward-habla-de-los-ultimos-diez-anos-de-la-produccion-artistica-dominicana-desde-una-perspectiva-de-genero","status":"publish","type":"post","link":"https:\/\/diariodominicano.com\/?p=93047","title":{"rendered":"En el CCE Alanna Lockward habla de los \u00faltimos diez a\u00f1os de la producci\u00f3n art\u00edstica dominicana desde una perspectiva de g\u00e9nero"},"content":{"rendered":"<p><body><\/p>\n<p align=\"justify\"><span class=\"titulogrande1\">En el CCE Alanna Lockward habla de los \u00faltimos diez a\u00f1os  de la producci\u00f3n art\u00edstica dominicana desde una perspectiva de g\u00e9nero<\/span><br \/>&#13;<br \/>\n  <br \/>&#13;<br \/>\n    <span class=\"text1noticias\"><strong><img loading=\"lazy\" decoding=\"async\" src=\"http:\/\/localhost:8080\/gente\/pictures\/apremio.jpg\" width=\"269\" height=\"1295\" hspace=\"4\" align=\"left\" \/>SANTO DOMINGO.- <\/strong>El Centro Cultural de Espa\u00f1a ofreci\u00f3  una interesante conferencia\u00a0 titulada \u201cElla  piensa y la Otra  no: G\u00e9nero e imaginarios recientes en la tradici\u00f3n visual dominicana\u201d, a cargo  de la escritora y curadora independiente radicada en Berl\u00edn, Alanna Lockward. <br \/>&#13;<br \/>\n    <br \/>&#13;<br \/>\n    Los \u00faltimos diez a\u00f1os de la producci\u00f3n  art\u00edstica local fueron repasados con minuciosidad por la autora, a trav\u00e9s de  las im\u00e1genes de importantes artistas como Miguelina Rivera, Elia Alba, Charo Oquet, Raquel Paiewonsky, Jorge  Pineda, Josefina B\u00e1ez, Nicol\u00e1s Dumit Est\u00e9vez, Belkis Ram\u00edrez y Soucy de Pellerano. <br \/>&#13;<br \/>\n    <br \/>&#13;<br \/>\n    La presentaci\u00f3n de la destacada escritora  estuvo a cargo del director de la \u00a0instituci\u00f3n cultural espa\u00f1ola, se\u00f1or Fernando  Rueda, y la misma asistieron importantes escritores, artistas y representantes  de las diferentes instituciones culturales del pa\u00eds.<br \/>&#13;<br \/>\n    <br \/>&#13;<br \/>\n    La escritora expuso sus ideas sobre algunas  obras que abordan los discursos que construyen o deconstruyen el papel de la  mujer en la sociedad, enfoc\u00e1ndose en aquellas que tratan la relaci\u00f3n  mujer\/cuerpo\/sociedad\/discurso de g\u00e9nero, realizadas por mujeres y hombres  artistas.<br \/>&#13;<br \/>\n    <br \/>&#13;<br \/>\n    Lockward dijo que el titulo est\u00e1  inspirado en una obra de Ra\u00fal Recio de finales del siglo  pasado, perteneciente la serie \u00abLas piscinas del placer\u00bb, la  conferencista parti\u00f3 de los planteamientos \u201ccl\u00e1sicos\u201d sobre la condici\u00f3n  femenina presentes en esta obra, es decir, la aparente contradicci\u00f3n entre las  actividades intelectuales y las presumibles determinantes f\u00edsicas de la mujer. En  la pintura \u201cElla piensa y la otra no\u201d: \u201cLa  mujer decapitada y la pensante comparten el escenario del placer masculino sin  mayores disonancias, ambas ofrecen el espect\u00e1culo de sus cuerpos en igualdad de  condiciones, es decir, desnudas\u201d.<br \/>&#13;<br \/>\n    <br \/>&#13;<br \/>\n    Al final se proyectaron las obras de v\u00eddeoarte:  \u201cUn d\u00eda en la vida de Julie Ozama\u201d de Alette Simmons-Jim\u00e9nez, que fue la  primera videoinstalaci\u00f3n premiada en una Bienal Nacional, en el a\u00f1o 1992 y la  reciente \u201cCAE\u201d de M\u00f3nica Ferreras, de 2005.<br \/>&#13;<br \/>\n    <br \/>&#13;<br \/>\n    &#13;<br \/>\n    Alanna Lockward e&#13;<br \/>\n  <!--  D([\"mb\",\"u003cfont sizeu003d\"3\"u003eu003cspan langu003d\"es-DO\"u003esnegresada de la Licenciatura en Ciencias de la Comunicaci&oacute;n denla u003c\/spanu003eu003c\/fontu003eu003c\/fontu003eu003c\/fontu003eu003c\/fontu003eu003c\/fontu003eu003cfont faceu003d\"Courier New, monospace\"u003eu003cfont sizeu003d\"2\"u003eu003cfont coloru003d\"#333333\"u003eu003cfont faceu003d\"Arial, sans-serif\"u003eu003cfont sizeu003d\"3\"u003eu003cspan langu003d\"es-DO\"u003eu003cbu003eUniversidadnAut&oacute;noma Metropolitana-Xochimilcou003c\/bu003eu003c\/spanu003eu003c\/fontu003eu003c\/fontu003eu003c\/fontu003eu003c\/fontu003eu003c\/fontu003eu003cfont faceu003d\"Courier New, monospace\"u003eu003cfont sizeu003d\"2\"u003eu003cfont coloru003d\"#333333\"u003eu003cfont faceu003d\"Arial, sans-serif\"u003eu003cfont sizeu003d\"3\"u003eu003cspan langu003d\"es-DO\"u003en, M&eacute;xico, D.F., y obtuvo una una maestr&iacute;a en Arte ennContexto  en la u003c\/spanu003eu003c\/fontu003eu003c\/fontu003eu003c\/fontu003eu003c\/fontu003eu003c\/fontu003eu003cfont faceu003d\"Courier New, monospace\"u003eu003cfont sizeu003d\"2\"u003eu003cfont coloru003d\"#333333\"u003eu003cfont faceu003d\"Arial, sans-serif\"u003eu003cfont sizeu003d\"3\"u003eu003cspan langu003d\"es-DO\"u003eu003cbu003eUniversitynof the Arts Berlinu003c\/bu003eu003c\/spanu003eu003c\/fontu003eu003c\/fontu003eu003c\/fontu003eu003c\/fontu003eu003c\/fontu003eu003cfont faceu003d\"Courier New, monospace\"u003eu003cfont sizeu003d\"2\"u003eu003cfont coloru003d\"#333333\"u003eu003cfont faceu003d\"Arial, sans-serif\"u003eu003cfont sizeu003d\"3\"u003eu003cspan langu003d\"es-DO\"u003e.nActualmente escribe una tesis doctoral en el u003c\/spanu003eu003c\/fontu003eu003c\/fontu003eu003c\/fontu003eu003c\/fontu003eu003c\/fontu003eu003cfont faceu003d\"Courier New, monospace\"u003eu003cfont sizeu003d\"2\"u003eu003cfont coloru003d\"#333333\"u003eu003cfont faceu003d\"Arial, sans-serif\"u003eu003cfont sizeu003d\"3\"u003eu003cspan langu003d\"es-DO\"u003eu003cspan styleu003d\"font-style:normal\"u003eu003cbu003eCentrenfor Transdisciplinary Gender Studies u003c\/bu003eu003c\/spanu003eu003c\/spanu003eu003c\/fontu003eu003c\/fontu003eu003c\/fontu003eu003c\/fontu003eu003c\/fontu003eu003cfont faceu003d\"Courier New, monospace\"u003eu003cfont sizeu003d\"2\"u003eu003cfont coloru003d\"#333333\"u003eu003cfont faceu003d\"Arial, sans-serif\"u003eu003cfont sizeu003d\"3\"u003eu003cspan langu003d\"es-DO\"u003edenla Facultad de Filosof&iacute;a de la Universidad u003c\/spanu003eu003c\/fontu003eu003c\/fontu003eu003c\/fontu003eu003c\/fontu003eu003c\/fontu003eu003cfont faceu003d\"Courier New, monospace\"u003eu003cfont sizeu003d\"2\"u003eu003cfont coloru003d\"#333333\"u003eu003cfont faceu003d\"Arial, sans-serif\"u003eu003cfont sizeu003d\"3\"u003eu003cspan langu003d\"es-DO\"u003eu003cbu003eHumboldtnBerlinu003c\/bu003eu003c\/spanu003eu003c\/fontu003eu003c\/fontu003eu003c\/fontu003eu003c\/fontu003eu003c\/fontu003eu003cfont faceu003d\"Courier New, monospace\"u003eu003cfont sizeu003d\"2\"u003eu003cfont coloru003d\"#333333\"u003eu003cfont faceu003d\"Arial, sans-serif\"u003eu003cfont sizeu003d\"3\"u003eu003cspan langu003d\"es-DO\"u003e.nA finales de los ochentau003c\/spanu003eu003c\/fontu003eu003c\/fontu003eu003c\/fontu003eu003c\/fontu003eu003c\/fontu003eu003cfont coloru003d\"#333333\"u003eu003cfont faceu003d\"Arial, sans-serif\"u003eu003cfont sizeu003d\"3\"u003eu003cspan langu003d\"es-DO\"u003e\",1]  );    \/\/-->&#13;<br \/>\n  s egresada de la   Licenciatura en Ciencias de la Comunicaci\u00f3n de la Universidad Aut\u00f3noma  Metropolitana-Xochimilco , M\u00e9xico, D.F., y obtuvo una maestr\u00eda en Arte en  Contexto en la University  of the Arts Berlin. Actualmente escribe una tesis doctoral en el Centre for  Transdisciplinary Gender Studies de la Facultad de Filosof\u00eda de la Universidad Humboldt  Berlin. <br \/>&#13;<br \/>\n  <br \/>&#13;<br \/>\n  A finales de los ochenta&#13;<br \/>\n  <!--  D([\"mb\",\"nfue Directora de Asuntos Internacionales del u003c\/spanu003eu003c\/fontu003eu003c\/fontu003eu003c\/fontu003eu003cfont coloru003d\"#333333\"u003eu003cfont faceu003d\"Arial, sans-serif\"u003eu003cfont sizeu003d\"3\"u003eu003cspan langu003d\"es-DO\"u003eu003cbu003eMuseonde Arte Modernou003c\/bu003eu003c\/spanu003eu003c\/fontu003eu003c\/fontu003eu003c\/fontu003eu003cfont coloru003d\"#333333\"u003eu003cfont faceu003d\"Arial, sans-serif\"u003eu003cfont sizeu003d\"3\"u003eu003cspan langu003d\"es-DO\"u003e.nu003c\/spanu003eu003c\/fontu003eu003c\/fontu003eu003c\/fontu003eu003cfont faceu003d\"Courier New, monospace\"u003eu003cfont sizeu003d\"2\"u003eu003cfont coloru003d\"#333333\"u003eu003cfont faceu003d\"Arial, sans-serif\"u003eu003cfont sizeu003d\"3\"u003eu003cspan langu003d\"es-DO\"u003eEnn1999 dirigi&oacute; la secci&oacute;n cultural del peri&oacute;diconu003c\/spanu003eu003c\/fontu003eu003c\/fontu003eu003c\/fontu003eu003c\/fontu003eu003c\/fontu003eu003cfont faceu003d\"Courier New, monospace\"u003eu003cfont sizeu003d\"2\"u003eu003cfont coloru003d\"#333333\"u003eu003cfont faceu003d\"Arial, sans-serif\"u003eu003cfont sizeu003d\"3\"u003eu003cspan langu003d\"es-DO\"u003eu003cbu003eList&iacute;nnDiario yu003c\/bu003eu003c\/spanu003eu003c\/fontu003eu003c\/fontu003eu003c\/fontu003eu003c\/fontu003eu003c\/fontu003eu003cfont faceu003d\"Courier New, monospace\"u003eu003cfont sizeu003d\"2\"u003eu003cfont coloru003d\"#333333\"u003eu003cfont faceu003d\"Arial, sans-serif\"u003eu003cfont sizeu003d\"3\"u003eu003cspan langu003d\"es-DO\"u003enpreviamente fue columnista del u003c\/spanu003eu003c\/fontu003eu003c\/fontu003eu003c\/fontu003eu003c\/fontu003eu003c\/fontu003eu003cfont faceu003d\"Courier New, monospace\"u003eu003cfont sizeu003d\"2\"u003eu003cfont coloru003d\"#333333\"u003eu003cfont faceu003d\"Arial, sans-serif\"u003eu003cfont sizeu003d\"3\"u003eu003cspan langu003d\"es-DO\"u003eu003cbu003eMiaminHeraldu003c\/bu003eu003c\/spanu003eu003c\/fontu003eu003c\/fontu003eu003c\/fontu003eu003c\/fontu003eu003c\/fontu003eu003cfont faceu003d\"Courier New, monospace\"u003eu003cfont sizeu003d\"2\"u003eu003cfont coloru003d\"#333333\"u003eu003cfont faceu003d\"Arial, sans-serif\"u003eu003cfont sizeu003d\"3\"u003eu003cspan langu003d\"es-DO\"u003ene investigadora de la revistau003c\/spanu003eu003c\/fontu003eu003c\/fontu003eu003c\/fontu003eu003c\/fontu003eu003c\/fontu003eu003cfont faceu003d\"Courier New, monospace\"u003eu003cfont sizeu003d\"2\"u003eu003cfont coloru003d\"#333333\"u003eu003cfont faceu003d\"Arial, sans-serif\"u003eu003cfont sizeu003d\"3\"u003eu003cspan langu003d\"es-DO\"u003eu003cbu003enRumbou003c\/bu003eu003c\/spanu003eu003c\/fontu003eu003c\/fontu003eu003c\/fontu003eu003c\/fontu003eu003c\/fontu003eu003cfont faceu003d\"Courier New, monospace\"u003eu003cfont sizeu003d\"2\"u003eu003cfont coloru003d\"#333333\"u003eu003cfont faceu003d\"Arial, sans-serif\"u003eu003cfont sizeu003d\"3\"u003eu003cspan langu003d\"es-DO\"u003e.nSus ensayos y art&iacute;culos han sido publicados en u003c\/spanu003eu003c\/fontu003eu003c\/fontu003eu003c\/fontu003eu003c\/fontu003eu003c\/fontu003eu003cfont faceu003d\"Courier New, monospace\"u003eu003cfont sizeu003d\"2\"u003eu003cfont coloru003d\"#333333\"u003eu003cfont faceu003d\"Arial, sans-serif\"u003eu003cfont sizeu003d\"3\"u003eu003cspan langu003d\"es-DO\"u003eu003cbu003eArtenContextou003c\/bu003eu003c\/spanu003eu003c\/fontu003eu003c\/fontu003eu003c\/fontu003eu003c\/fontu003eu003c\/fontu003eu003cfont faceu003d\"Courier New, monospace\"u003eu003cfont sizeu003d\"2\"u003e\",1]  );    \/\/-->&#13;<br \/>\n  fue Directora de Asuntos Internacionales del Museo de Arte Moderno. En 1999 dirigi\u00f3 la secci\u00f3n cultural del  peri\u00f3dico List\u00edn Diario y  previamente fue columnista del Miami  Herald e investigadora de la revista Rumbo. Sus ensayos y art\u00edculos han sido publicados en Arte Contexto&#13;<br \/>\n  <!--  D([\"mb\",\"u003cfont coloru003d\"#333333\"u003eu003cfont faceu003d\"Arial, sans-serif\"u003eu003cfont sizeu003d\"3\"u003eu003cspan langu003d\"es-DO\"u003e,nu003c\/spanu003eu003c\/fontu003eu003c\/fontu003eu003c\/fontu003eu003c\/fontu003eu003c\/fontu003eu003cfont faceu003d\"Courier New, monospace\"u003eu003cfont sizeu003d\"2\"u003eu003cfont coloru003d\"#333333\"u003eu003cfont faceu003d\"Arial, sans-serif\"u003eu003cfont sizeu003d\"3\"u003eu003cspan langu003d\"es-DO\"u003eu003cbu003eArtnNexus, Cariforum, Archipi&eacute;lago, ARCONOTICIAS y Atl&aacute;ntica.u003c\/bu003eu003c\/spanu003eu003c\/fontu003eu003c\/fontu003eu003c\/fontu003eu003c\/fontu003eu003c\/fontu003eu003cfont faceu003d\"Courier New, monospace\"u003eu003cfont sizeu003d\"2\"u003eu003cfont coloru003d\"#333333\"u003eu003cfont faceu003d\"Arial, sans-serif\"u003eu003cfont sizeu003d\"3\"u003eu003cspan langu003d\"es-DO\"u003enu003c\/spanu003eu003c\/fontu003eu003c\/fontu003eu003c\/fontu003eu003c\/fontu003eu003c\/fontu003enu003c\/pu003enu003cp styleu003d\"margin-right:0.64cm;margin-bottom:0cm\"u003eu003cfont faceu003d\"Courier New, monospace\"u003eu003cfont sizeu003d\"2\"u003eu003cfont coloru003d\"#333333\"u003eu003cfont faceu003d\"Arial, sans-serif\"u003eu003cfont sizeu003d\"3\"u003eu003cspan langu003d\"es-DO\"u003eEsnautora deu003c\/spanu003eu003c\/fontu003eu003c\/fontu003eu003c\/fontu003eu003c\/fontu003eu003c\/fontu003eu003cfont faceu003d\"Courier New, monospace\"u003eu003cfont sizeu003d\"2\"u003eu003cfont coloru003d\"#333333\"u003eu003cfont faceu003d\"Arial, sans-serif\"u003eu003cfont sizeu003d\"3\"u003eu003cspan langu003d\"es-DO\"u003eu003cbu003enApremio: u003c\/bu003eu003c\/spanu003eu003c\/fontu003eu003c\/fontu003eu003c\/fontu003eu003c\/fontu003eu003c\/fontu003eu003cfont coloru003d\"#333333\"u003eu003cfont faceu003d\"Arial, sans-serif\"u003eu003cfont sizeu003d\"3\"u003eu003cspan langu003d\"es-DO\"u003eu003cbu003eapuntesnsobre el pensamiento y la creaci&oacute;n contempor&aacute;nea u003c\/bu003eu003c\/spanu003eu003c\/fontu003eu003c\/fontu003eu003c\/fontu003eu003cfont coloru003d\"#333333\"u003eu003cfont faceu003d\"Arial, sans-serif\"u003eu003cfont sizeu003d\"3\"u003eu003cspan langu003d\"es-DO\"u003eu003ciu003eu003cbu003edesdeu003c\/bu003eu003c\/iu003eu003c\/spanu003eu003c\/fontu003eu003c\/fontu003eu003c\/fontu003eu003cfont coloru003d\"#333333\"u003eu003cfont faceu003d\"Arial, sans-serif\"u003eu003cfont sizeu003d\"3\"u003eu003cspan langu003d\"es-DO\"u003eu003cbu003enel Caribe, publicado por el Centro de Documentaci&oacute;n y EstudiosnAvanzados de Arte Contempor&aacute;neo   u003c\/bu003eu003c\/spanu003eu003c\/fontu003eu003c\/fontu003eu003c\/fontu003eu003cfont coloru003d\"#333333\"u003eu003cfont faceu003d\"Arial, sans-serif\"u003eu003cfont sizeu003d\"3\"u003eu003cspan langu003d\"es-DO\"u003eu003cspanu003eden Murciau003c\/spanu003eu003c\/spanu003eu003c\/fontu003eu003c\/fontu003eu003c\/fontu003eu003cfont coloru003d\"#333333\"u003eu003cfont faceu003d\"Arial, sans-serif\"u003eu003cfont sizeu003d\"3\"u003eu003cspan langu003d\"es-DO\"u003eu003cbu003enu003c\/bu003eu003c\/spanu003eu003c\/fontu003eu003c\/fontu003eu003c\/fontu003eu003cfont coloru003d\"#333333\"u003eu003cfont faceu003d\"Arial, sans-serif\"u003eu003cfont sizeu003d\"3\"u003eu003cspan langu003d\"es-DO\"u003e(u003c\/spanu003eu003c\/fontu003eu003c\/fontu003eu003c\/fontu003eu003cfont coloru003d\"#0000ff\"u003eu003cuu003eu003ca hrefu003d\"http:\/\/www.cendeac.net\/\" targetu003d\"_blank\" onclicku003d\"return top.js.OpenExtLink(window,event,this)\"u003eu003cfont coloru003d\"#333333\"u003e\",1]  );    \/\/-->&#13;<br \/>\n  , Art Nexus, Cariforum,  Archipi\u00e9lago, ARCONOTICIAS y Atl\u00e1ntica. <br \/>&#13;<br \/>\n  <br \/>&#13;<br \/>\n  Es autora de Apremio: apuntes sobre el  pensamiento y la creaci\u00f3n contempor\u00e1nea <em>desde<\/em> el Caribe, publicado por  el Centro de Documentaci\u00f3n y Estudios Avanzados de Arte Contempor\u00e1neo de Murcia  (<u>&#13;<br \/>\n  <!--  D([\"mb\",\"u003cfont faceu003d\"Arial, sans-serif\"u003eu003cfont sizeu003d\"3\"u003eu003cspan langu003d\"es-DO\"u003ewww.cendeac.netu003c\/spanu003eu003c\/fontu003eu003c\/fontu003eu003c\/fontu003eu003c\/au003eu003c\/uu003eu003c\/fontu003eu003cfont coloru003d\"#333333\"u003eu003cfont faceu003d\"Arial, sans-serif\"u003eu003cfont sizeu003d\"3\"u003eu003cspan langu003d\"es-DO\"u003e)n que ser&aacute; puesto en circulaci&oacute;n en ocasi&oacute;n denesta conferencia. u003c\/spanu003eu003c\/fontu003eu003c\/fontu003eu003c\/fontu003enu003c\/pu003enu003cbru003e\",1]  );  D([\"mb\",\"u003cspan classu003dsgu003eu003cdivu003e&nbsp;u003c\/divu003eu003cdivu003eu003cspan langu003d\"ES-CO\"u003eu003cspan styleu003d\"color:rgb(91, 91, 91)\"u003eAlanna Lockward&nbsp; u003c\/spanu003eu003cbr styleu003d\"color:rgb(91, 91, 91)\"u003eu003cspan styleu003d\"color:rgb(91, 91, 91)\"u003eWilmersdoferstr. 55u003c\/spanu003eu003cbr styleu003d\"color:rgb(91, 91, 91)\"u003eu003cspan styleu003d\"color:rgb(91, 91, 91)\"u003e10627 Berlin&nbsp;&nbsp; u003c\/spanu003eu003cbr styleu003d\"color:rgb(91, 91, 91)\"u003eu003cspan styleu003d\"color:rgb(91, 91, 91)\"u003e+49&nbsp; 173 231 51 37 cell u003c\/spanu003eu003cbru003eu003c\/spanu003eu003c\/divu003eu003c\/spanu003e\",1]  );  D([\"mb\",\"u003cspan classu003dadu003eu003cdivu003eu003cbru003eu003c\/divu003eu003c\/spanu003e\",1]  );  D([\"mb\",\"u003c\/divu003e\",1]  );    \/\/-->&#13;<br \/>\nwww.cendeac.net<\/u>) que ser\u00e1 puesto en circulaci\u00f3n en ocasi\u00f3n de esta conferencia. <\/span><\/p>\n<p>&#13;<\/p>\n<h6> 2008-03-18 18:39:14 <\/h6>\n<p><!--\n<link rel=\"stylesheet\" href=\"css\/bootstrap.min.css\">\n\n\n<ul class=\"pagination\">\n\t    \n\t\n\n<li >\n\t<a href='?page_no=21668'>Previous<\/a>\n\t<\/li>\n\n\n       \n    \n\n<li><a href='?page_no=1'>1<\/a><\/li>\n\n\n\n<li><a href='?page_no=2'>2<\/a><\/li>\n\n\n\n<li><a>...<\/a><\/li>\n\n\n\n<li><a href='?page_no=21667'>21667<\/a><\/li>\n\n\n\n<li><a href='?page_no=21668'>21668<\/a><\/li>\n\n\n\n<li class='active'><a>21669<\/a><\/li>\n\n\n\n<li><a href='?page_no=21670'>21670<\/a><\/li>\n\n\n\n<li><a href='?page_no=21671'>21671<\/a><\/li>\n\n\n\n<li><a>...<\/a><\/li>\n\n\n\n<li><a href='?page_no=22522'>22522<\/a><\/li>\n\n\n\n<li><a href='?page_no=22523'>22523<\/a><\/li>\n\n    \n\t\n\n<li >\n\t<a href='?page_no=21670'>Next<\/a>\n\t<\/li>\n\n\n    \n\n<li><a href='?page_no=22523'>Last &rsaquo;&rsaquo;<\/a><\/li>\n\n<\/ul>\n\n\n--><br \/>\n<\/body><\/p>\n","protected":false},"excerpt":{"rendered":"<p>En el CCE Alanna Lockward habla de los \u00faltimos diez a\u00f1os de la producci\u00f3n art\u00edstica dominicana desde una perspectiva de g\u00e9nero&#13; &#13; SANTO DOMINGO.- El Centro Cultural de Espa\u00f1a ofreci\u00f3 una interesante conferencia\u00a0 titulada \u201cElla piensa y la Otra no: G\u00e9nero e imaginarios recientes en la tradici\u00f3n visual dominicana\u201d, a cargo de la escritora y [&hellip;]<\/p>\n","protected":false},"author":3,"featured_media":0,"comment_status":"open","ping_status":"open","sticky":false,"template":"","format":"standard","meta":{"footnotes":""},"categories":[25],"tags":[],"class_list":["post-93047","post","type-post","status-publish","format-standard","hentry","category-gente"],"_links":{"self":[{"href":"https:\/\/diariodominicano.com\/index.php?rest_route=\/wp\/v2\/posts\/93047","targetHints":{"allow":["GET"]}}],"collection":[{"href":"https:\/\/diariodominicano.com\/index.php?rest_route=\/wp\/v2\/posts"}],"about":[{"href":"https:\/\/diariodominicano.com\/index.php?rest_route=\/wp\/v2\/types\/post"}],"author":[{"embeddable":true,"href":"https:\/\/diariodominicano.com\/index.php?rest_route=\/wp\/v2\/users\/3"}],"replies":[{"embeddable":true,"href":"https:\/\/diariodominicano.com\/index.php?rest_route=%2Fwp%2Fv2%2Fcomments&post=93047"}],"version-history":[{"count":0,"href":"https:\/\/diariodominicano.com\/index.php?rest_route=\/wp\/v2\/posts\/93047\/revisions"}],"wp:attachment":[{"href":"https:\/\/diariodominicano.com\/index.php?rest_route=%2Fwp%2Fv2%2Fmedia&parent=93047"}],"wp:term":[{"taxonomy":"category","embeddable":true,"href":"https:\/\/diariodominicano.com\/index.php?rest_route=%2Fwp%2Fv2%2Fcategories&post=93047"},{"taxonomy":"post_tag","embeddable":true,"href":"https:\/\/diariodominicano.com\/index.php?rest_route=%2Fwp%2Fv2%2Ftags&post=93047"}],"curies":[{"name":"wp","href":"https:\/\/api.w.org\/{rel}","templated":true}]}}