{"id":93018,"date":"2008-04-03T19:14:12","date_gmt":"2008-04-03T19:14:12","guid":{"rendered":"http:\/\/diariodominicano.ddns.net\/?p=93018"},"modified":"2008-04-03T19:14:12","modified_gmt":"2008-04-03T19:14:12","slug":"cubana-de-television-ya-esta-disponible-con-su-nueva-senal-en-gran-parte-del-sur-de-la-florida-y-muy-pronto-llegara-a-mexico-el-caribe-centro-y-suramerica","status":"publish","type":"post","link":"https:\/\/diariodominicano.com\/?p=93018","title":{"rendered":"Cubana de Televisi\u00f3n ya est\u00e1 disponible con su nueva se\u00f1al en gran parte del Sur de la Florida y muy pronto llegar\u00e1 a M\u00e9xico, el Caribe, Centro y Suram\u00e9rica"},"content":{"rendered":"<p><body><\/p>\n<p align=\"justify\"><strong class=\"titulogrande1\">Cubana de Televisi\u00f3n ya est\u00e1 disponible  con su nueva se\u00f1al en gran parte del Sur de la Florida y muy pronto  llegar\u00e1 a M\u00e9xico, el Caribe, Centro y Suram\u00e9rica<\/strong><br \/>&#13;<br \/>\n    <strong>\u00a0<\/strong><br \/>&#13;<br \/>\n    <span class=\"text1noticias\">La  planta televisora presenta en exclusiva la novela cubana \u201cSol de Batey\u201d y  nuevas producciones como \u201cLa casa de sus sue\u00f1os\u201d, \u201cLa hora de los abuelitos\u201d y  \u201cSu majestad, el danz\u00f3n\u201d.<br \/>&#13;<br \/>\n  \u00a0<br \/>&#13;<br \/>\n  <strong>MIAMI,  Florida.-<\/strong> Cubana de Televisi\u00f3n est\u00e1 dando qu\u00e9 ver y qu\u00e9 hablar. Desde hoy, la  se\u00f1al se instala como la alternativa para los televidentes hispanos del Sur de la Florida y muy pronto  crecer\u00e1 su espectro hacia el Caribe (exceptuando Cuba), y a Centro y  Sudam\u00e9rica.<br \/>&#13;<br \/>\n  \u00a0<br \/>&#13;<br \/>\n\u201cTenemos  la exclusiva de la famosa telenovela cubana \u2018Sol de Batey\u00b4, que cuenta con 25  cap\u00edtulos\u201d, anticipa si propietario y director Roberto Marrero, qui\u00e9n adem\u00e1s  anunci\u00f3 la producci\u00f3n de \u201cLa casa de sus sue\u00f1os\u201d, \u201cLa hora de los abuelitos\u201d y  \u201cSu majestad, el danz\u00f3n\u201d, as\u00ed como programas de entretenimiento y concursos con  premios para los participantes.<br \/>&#13;<br \/>\n  \u00a0<br \/>&#13;<br \/>\n  Por  otra parte, el canal ha establecido su primer convenio de afiliaci\u00f3n con una  emisora extranjera, Reflejos TV, Canal 19, que abarca las \u00e1reas de Canc\u00fan,  Quintana Roo, M\u00e9xico. La se\u00f1al transmitir\u00e1 parte de la programaci\u00f3n para su  \u00e1rea, el Sur de M\u00e9xico y Centroam\u00e9rica, mientras que Cubana de Televisi\u00f3n, Canal  19TV-99TV se comprometi\u00f3 a incluir programas para \u00e9se sector.<br \/>&#13;<br \/>\n  \u00a0<br \/>&#13;<br \/>\n  Para  el resto de los pa\u00edses del Caribe y Sudam\u00e9rica, el sat\u00e9lite Protel News ser\u00e1 el  encargado de llevar la se\u00f1al durante las 24 horas, a partir del primero de mayo  del 2008.<br \/>&#13;<br \/>\n  \u00a0<br \/>&#13;<br \/>\n  En  el Sur de la Florida,  la se\u00f1al se emite a trav\u00e9s del Canal 19 de Comcast, cubriendo Hialeah, Metro  Dade, Coral Gables, Doral y South Kendall, as\u00ed como por el Canal 99 de Comcast  en el \u00e1rea de Homestead.<br \/>&#13;<br \/>\n  \u00a0<br \/>&#13;<br \/>\nToda  la programaci\u00f3n de Cubana de Televisi\u00f3n tiene un enfoque internacional por el  contenido de sus programas.<\/span><\/p>\n<p>&#13;<\/p>\n<h6> 2008-04-03 19:14:12 <\/h6>\n<p><!--\n<link rel=\"stylesheet\" href=\"css\/bootstrap.min.css\">\n\n\n<ul class=\"pagination\">\n\t    \n\t\n\n<li >\n\t<a href='?page_no=21639'>Previous<\/a>\n\t<\/li>\n\n\n       \n    \n\n<li><a href='?page_no=1'>1<\/a><\/li>\n\n\n\n<li><a href='?page_no=2'>2<\/a><\/li>\n\n\n\n<li><a>...<\/a><\/li>\n\n\n\n<li><a href='?page_no=21638'>21638<\/a><\/li>\n\n\n\n<li><a href='?page_no=21639'>21639<\/a><\/li>\n\n\n\n<li class='active'><a>21640<\/a><\/li>\n\n\n\n<li><a href='?page_no=21641'>21641<\/a><\/li>\n\n\n\n<li><a href='?page_no=21642'>21642<\/a><\/li>\n\n\n\n<li><a>...<\/a><\/li>\n\n\n\n<li><a href='?page_no=22522'>22522<\/a><\/li>\n\n\n\n<li><a href='?page_no=22523'>22523<\/a><\/li>\n\n    \n\t\n\n<li >\n\t<a href='?page_no=21641'>Next<\/a>\n\t<\/li>\n\n\n    \n\n<li><a href='?page_no=22523'>Last &rsaquo;&rsaquo;<\/a><\/li>\n\n<\/ul>\n\n\n--><br \/>\n<\/body><\/p>\n","protected":false},"excerpt":{"rendered":"<p>Cubana de Televisi\u00f3n ya est\u00e1 disponible con su nueva se\u00f1al en gran parte del Sur de la Florida y muy pronto llegar\u00e1 a M\u00e9xico, el Caribe, Centro y Suram\u00e9rica&#13; \u00a0&#13; La planta televisora presenta en exclusiva la novela cubana \u201cSol de Batey\u201d y nuevas producciones como \u201cLa casa de sus sue\u00f1os\u201d, \u201cLa hora de los [&hellip;]<\/p>\n","protected":false},"author":3,"featured_media":0,"comment_status":"open","ping_status":"open","sticky":false,"template":"","format":"standard","meta":{"footnotes":""},"categories":[25],"tags":[],"class_list":["post-93018","post","type-post","status-publish","format-standard","hentry","category-gente"],"_links":{"self":[{"href":"https:\/\/diariodominicano.com\/index.php?rest_route=\/wp\/v2\/posts\/93018","targetHints":{"allow":["GET"]}}],"collection":[{"href":"https:\/\/diariodominicano.com\/index.php?rest_route=\/wp\/v2\/posts"}],"about":[{"href":"https:\/\/diariodominicano.com\/index.php?rest_route=\/wp\/v2\/types\/post"}],"author":[{"embeddable":true,"href":"https:\/\/diariodominicano.com\/index.php?rest_route=\/wp\/v2\/users\/3"}],"replies":[{"embeddable":true,"href":"https:\/\/diariodominicano.com\/index.php?rest_route=%2Fwp%2Fv2%2Fcomments&post=93018"}],"version-history":[{"count":0,"href":"https:\/\/diariodominicano.com\/index.php?rest_route=\/wp\/v2\/posts\/93018\/revisions"}],"wp:attachment":[{"href":"https:\/\/diariodominicano.com\/index.php?rest_route=%2Fwp%2Fv2%2Fmedia&parent=93018"}],"wp:term":[{"taxonomy":"category","embeddable":true,"href":"https:\/\/diariodominicano.com\/index.php?rest_route=%2Fwp%2Fv2%2Fcategories&post=93018"},{"taxonomy":"post_tag","embeddable":true,"href":"https:\/\/diariodominicano.com\/index.php?rest_route=%2Fwp%2Fv2%2Ftags&post=93018"}],"curies":[{"name":"wp","href":"https:\/\/api.w.org\/{rel}","templated":true}]}}