{"id":93006,"date":"2008-04-08T20:18:01","date_gmt":"2008-04-08T20:18:01","guid":{"rendered":"http:\/\/diariodominicano.ddns.net\/?p=93006"},"modified":"2008-04-08T20:18:01","modified_gmt":"2008-04-08T20:18:01","slug":"sabina-y-serrat-dos-pajaros-de-un-tiro","status":"publish","type":"post","link":"https:\/\/diariodominicano.com\/?p=93006","title":{"rendered":"Sabina y Serrat \u201cDos p\u00e1jaros de un tiro\u201d"},"content":{"rendered":"<p><body><\/p>\n<p align=\"center\" class=\"titulogrande1\"><strong>Sabina y Serrat \u201cDos p\u00e1jaros de un tiro\u201d<\/strong> <\/p>\n<p>&#13;<\/p>\n<p align=\"justify\" class=\"text1noticias\"><strong><img loading=\"lazy\" decoding=\"async\" src=\"http:\/\/localhost:8080\/gente\/img\/sabina serrat.jpg\" width=\"375\" height=\"200\" hspace=\"4\" align=\"left\" \/>Miami, FL.- <\/strong>Que Joaqu\u00edn  Sabina y Joan Manuel Serrat sean capaces de movilizar emociones, poner al  p\u00fablico a pensar y divertirlos con sus ocurrencias, no es nada extra\u00f1o. La  novedad es que, por primera vez, lo hicieron juntos en una gira que recorri\u00f3  Espa\u00f1a y Am\u00e9rica durante el 2007 y el registro de esos mejores momentos ahora  est\u00e1 disponible en \u201cDos p\u00e1jaros de un tiro\u201d, frase que dio nombre al tour y  tambi\u00e9n al nuevo disco que llega en CD y DVD este martes 8 de abril a todas las  tiendas.<br \/>&#13;<br \/>\n  \u00a0<br \/>&#13;<br \/>\n  Este fue un encuentro hist\u00f3rico, donde la  genialidad de ambos se fue entrelazando en las canciones hasta cautivar a los  p\u00fablicos de diversos pa\u00edses que los siguieron multitudinariamente en m\u00e1s de 75  conciertos. La gira, que finaliz\u00f3 en diciembre pasado en Uruguay, recorri\u00f3  ciudades de Espa\u00f1a, M\u00e9xico, Venezuela, Colombia, Per\u00fa, Chile y Argentina.<br \/>&#13;<br \/>\n  \u00a0<br \/>&#13;<br \/>\n  La colecci\u00f3n de canciones va desde los  cl\u00e1sicos de Serrat como \u201cPen\u00e9lope\u201d y \u201cCantares\u201d hasta los de Sabina, que  incluyen \u201c19 D\u00edas y 500 Noches\u201d, \u201cY Sin Embargo\u201d y \u201cContigo\u201d, los cuales fueron  interpretados en solos y duetos, acompa\u00f1ados de una formaci\u00f3n orquestal de  primera l\u00ednea, con los talentos de Ricardo Miralles en el piano y la guitarra  de Pancho Varona, entre otros m\u00fasicos de renombre.<br \/>&#13;<br \/>\n  \u00a0<br \/>&#13;<br \/>\n  \u201cNo creo que los espectadores  que vean a Joan Manuel Serrat y Joaqu\u00edn Sabina salgan de los conciertos con la  sensaci\u00f3n de haber matado dos p\u00e1jaros de un tiro. Me juego algo a que es justo  al contrario: se van a ir a casa seguros de que ese p\u00e1jaro de dos cabezas est\u00e1  m\u00e1s vivo que nunca y que las canciones que sus dos mitades compusieron a solas  han vuelto a ser compuestas por primera vez en cuanto se han juntado. Qu\u00e9  lujo.\u201d, dijo el famoso poeta y escritor espa\u00f1ol Benjam\u00edn Prado, al comenzar la gira  en Zaragoza. Y as\u00ed fue.<br \/>&#13;<br \/>\n  \u00a0<br \/>&#13;<br \/>\n  M\u00e1s all\u00e1 de los tiempos y la generaciones,  este disco refleja el esp\u00edritu de un tipo de composiciones que son  irrepetibles, donde la nostalgia, los mensajes sociales y tanto la soledad como  el amor encuentran las palabras precisas para que, en la voz de estas  estrellas, lleguen al coraz\u00f3n de todos.<br \/>&#13;<br \/>\n  \u00a0<br \/>&#13;<br \/>\n  Es un disco imperdible. \u201cDos p\u00e1jaros de un  tiro\u201d llega este martes 8 de abril en versiones DVD y CD a todas las tiendas y  es otro lanzamiento de Sony BMG Latin. <\/p>\n<p>&#13;<\/p>\n<h6> 2008-04-08 20:18:01 <\/h6>\n<p><!--\n<link rel=\"stylesheet\" href=\"css\/bootstrap.min.css\">\n\n\n<ul class=\"pagination\">\n\t    \n\t\n\n<li >\n\t<a href='?page_no=21627'>Previous<\/a>\n\t<\/li>\n\n\n       \n    \n\n<li><a href='?page_no=1'>1<\/a><\/li>\n\n\n\n<li><a href='?page_no=2'>2<\/a><\/li>\n\n\n\n<li><a>...<\/a><\/li>\n\n\n\n<li><a href='?page_no=21626'>21626<\/a><\/li>\n\n\n\n<li><a href='?page_no=21627'>21627<\/a><\/li>\n\n\n\n<li class='active'><a>21628<\/a><\/li>\n\n\n\n<li><a href='?page_no=21629'>21629<\/a><\/li>\n\n\n\n<li><a href='?page_no=21630'>21630<\/a><\/li>\n\n\n\n<li><a>...<\/a><\/li>\n\n\n\n<li><a href='?page_no=22522'>22522<\/a><\/li>\n\n\n\n<li><a href='?page_no=22523'>22523<\/a><\/li>\n\n    \n\t\n\n<li >\n\t<a href='?page_no=21629'>Next<\/a>\n\t<\/li>\n\n\n    \n\n<li><a href='?page_no=22523'>Last &rsaquo;&rsaquo;<\/a><\/li>\n\n<\/ul>\n\n\n--><br \/>\n<\/body><\/p>\n","protected":false},"excerpt":{"rendered":"<p>Sabina y Serrat \u201cDos p\u00e1jaros de un tiro\u201d &#13; Miami, FL.- Que Joaqu\u00edn Sabina y Joan Manuel Serrat sean capaces de movilizar emociones, poner al p\u00fablico a pensar y divertirlos con sus ocurrencias, no es nada extra\u00f1o. La novedad es que, por primera vez, lo hicieron juntos en una gira que recorri\u00f3 Espa\u00f1a y Am\u00e9rica [&hellip;]<\/p>\n","protected":false},"author":3,"featured_media":0,"comment_status":"open","ping_status":"open","sticky":false,"template":"","format":"standard","meta":{"footnotes":""},"categories":[25],"tags":[],"class_list":["post-93006","post","type-post","status-publish","format-standard","hentry","category-gente"],"_links":{"self":[{"href":"https:\/\/diariodominicano.com\/index.php?rest_route=\/wp\/v2\/posts\/93006","targetHints":{"allow":["GET"]}}],"collection":[{"href":"https:\/\/diariodominicano.com\/index.php?rest_route=\/wp\/v2\/posts"}],"about":[{"href":"https:\/\/diariodominicano.com\/index.php?rest_route=\/wp\/v2\/types\/post"}],"author":[{"embeddable":true,"href":"https:\/\/diariodominicano.com\/index.php?rest_route=\/wp\/v2\/users\/3"}],"replies":[{"embeddable":true,"href":"https:\/\/diariodominicano.com\/index.php?rest_route=%2Fwp%2Fv2%2Fcomments&post=93006"}],"version-history":[{"count":0,"href":"https:\/\/diariodominicano.com\/index.php?rest_route=\/wp\/v2\/posts\/93006\/revisions"}],"wp:attachment":[{"href":"https:\/\/diariodominicano.com\/index.php?rest_route=%2Fwp%2Fv2%2Fmedia&parent=93006"}],"wp:term":[{"taxonomy":"category","embeddable":true,"href":"https:\/\/diariodominicano.com\/index.php?rest_route=%2Fwp%2Fv2%2Fcategories&post=93006"},{"taxonomy":"post_tag","embeddable":true,"href":"https:\/\/diariodominicano.com\/index.php?rest_route=%2Fwp%2Fv2%2Ftags&post=93006"}],"curies":[{"name":"wp","href":"https:\/\/api.w.org\/{rel}","templated":true}]}}