{"id":93005,"date":"2008-04-09T15:18:10","date_gmt":"2008-04-09T15:18:10","guid":{"rendered":"http:\/\/diariodominicano.ddns.net\/?p=93005"},"modified":"2008-04-09T15:18:10","modified_gmt":"2008-04-09T15:18:10","slug":"caffe-latte-abre-unplugged-de-pavel-nunez-el-17-de-abril-en-hard-rock-cafe","status":"publish","type":"post","link":"https:\/\/diariodominicano.com\/?p=93005","title":{"rendered":"Caffe Latte abre Unplugged de Pavel N\u00fa\u00f1ez el 17 de abril en Hard Rock Caf\u00e9"},"content":{"rendered":"<p><body><\/p>\n<p class=\"titulogrande1\"><strong>Caffe Latte abre  Unplugged de Pavel N\u00fa\u00f1ez el 17 de abril en Hard Rock Caf\u00e9<\/strong> <\/p>\n<p>&#13;<\/p>\n<p align=\"justify\" class=\"text1noticias\">Pavel promete la sorpresa de reconocidos artistas Luego del Unplugged,  N\u00fa\u00f1ez viaja al Gran Teatro del Cibao donde lleva su concierto Big Band N\u00fa\u00f1ez <\/p>\n<p>&#13;<\/p>\n<p align=\"justify\" class=\"text1noticias\"><strong>SANTO DOMINGO.-<\/strong> El grupo de rock local, Caffe  Latte, fue anunciado por la empresa \u00abConciertos &amp; Eventos\u00bb como  los responsables de abrir las puertas musicales del Unplugged de Pavel en Hard  Rock Caf\u00e9. <\/p>\n<p>&#13;<\/p>\n<p align=\"justify\" class=\"text1noticias\">El pr\u00f3ximo 17 de  abril la agrupaci\u00f3n compuesta por Juanmi, Carolina, Josean y Max, llegar\u00e1 por  segunda vez al establecimiento para interpretar en ac\u00fastico dos canciones de su  repertorio. <\/p>\n<p>&#13;<\/p>\n<p align=\"justify\" class=\"text1noticias\">Actualmente, la  banda formada en 2007, se encuentra n\u00famero uno con su sencillo \u00abSuave  hasta desesperar\u00bb, en el conteo del programa de rock dominicano \u00abDe  Consumo Local\u00bb que transmite la emisora La X-102.1 FM. <\/p>\n<p>&#13;<\/p>\n<p align=\"justify\" class=\"text1noticias\">La presencia de  Caffe Latte en el concierto \u00abPavel N\u00fa\u00f1ez Unplugged\u00bb del 17 de este  mes, responde al apoyo que hace el int\u00e9rprete de \u00abPor honor\u00bb al  advenimiento de nuevos talentos a la escena musical. <\/p>\n<p>&#13;<\/p>\n<p align=\"justify\" class=\"text1noticias\">\u00abHe tenido  muchos artistas nacionales e internacionales que en su momento me tendieron la  mano para subir con ellos a grandes escenarios como el caso de Juan Lu\u00eds Guerra  o Franco de Vita y de alguna manera debo hacer lo propio con los nuevos talentos  que me siguen\u00bb, refieri\u00f3 N\u00fa\u00f1ez. <\/p>\n<p>&#13;<\/p>\n<p align=\"justify\" class=\"text1noticias\">De su lado, Juanmi,  guitarrista fundador de Caffe, dijo sentirse agradecido con N\u00fa\u00f1ez por la  oportunidad que representa para el grupo tocar en un concierto suyo en Hard  Rock. <\/p>\n<p>&#13;<\/p>\n<p align=\"justify\" class=\"text1noticias\">\u00abHabla muy  bien de Pavel como artista darnos la oportunidad de abrirle un recital, porque  as\u00ed demuestra su fe en los talentos que venimos detr\u00e1s de \u00e9l\u00bb, afrim\u00f3 el  guitarrista de Caffe Latte. <\/p>\n<p>&#13;<\/p>\n<p align=\"justify\" class=\"text1noticias\">Adem\u00e1s de los  int\u00e9rpretes de \u00abSuave hasta Desesperar\u00bb, Pavel ha prometido la  participaci\u00f3n de grandes amigos suyos en la escena urbana local cuyas  presentaciones dejar\u00e1n un buen sabor en los presentes. <\/p>\n<p>&#13;<\/p>\n<p align=\"justify\" class=\"text1noticias\">\u00abNo queremos  decir nada de los artistas invitados para mantenerlo en secreto, pero lo que s\u00ed  el p\u00fablico podr\u00e1 asegurar es que el Unplugged ser\u00e1 memorable, con actuaciones  de artistas j\u00f3venes muy reconocidos\u00bb, indic\u00f3 Larissa Mart\u00ednez, manager de  Pavel y productora art\u00edstica del show. <\/p>\n<p>&#13;<\/p>\n<p align=\"justify\" class=\"text1noticias\">Asimismo adelant\u00f3  que finalizado el Unplugged, se avocan a la presentaci\u00f3n del espect\u00e1culo del  a\u00f1o, \u00abBig Band N\u00fa\u00f1ez\u00bb, en el Gran Teatro del Cibaon el pr\u00f3ximo s\u00e1bado  24 de abril con invitados internacionales de primer orden. <\/p>\n<p>&#13;<\/p>\n<h6> 2008-04-09 15:18:10 <\/h6>\n<p><!--\n<link rel=\"stylesheet\" href=\"css\/bootstrap.min.css\">\n\n\n<ul class=\"pagination\">\n\t    \n\t\n\n<li >\n\t<a href='?page_no=21626'>Previous<\/a>\n\t<\/li>\n\n\n       \n    \n\n<li><a href='?page_no=1'>1<\/a><\/li>\n\n\n\n<li><a href='?page_no=2'>2<\/a><\/li>\n\n\n\n<li><a>...<\/a><\/li>\n\n\n\n<li><a href='?page_no=21625'>21625<\/a><\/li>\n\n\n\n<li><a href='?page_no=21626'>21626<\/a><\/li>\n\n\n\n<li class='active'><a>21627<\/a><\/li>\n\n\n\n<li><a href='?page_no=21628'>21628<\/a><\/li>\n\n\n\n<li><a href='?page_no=21629'>21629<\/a><\/li>\n\n\n\n<li><a>...<\/a><\/li>\n\n\n\n<li><a href='?page_no=22522'>22522<\/a><\/li>\n\n\n\n<li><a href='?page_no=22523'>22523<\/a><\/li>\n\n    \n\t\n\n<li >\n\t<a href='?page_no=21628'>Next<\/a>\n\t<\/li>\n\n\n    \n\n<li><a href='?page_no=22523'>Last &rsaquo;&rsaquo;<\/a><\/li>\n\n<\/ul>\n\n\n--><br \/>\n<\/body><\/p>\n","protected":false},"excerpt":{"rendered":"<p>Caffe Latte abre Unplugged de Pavel N\u00fa\u00f1ez el 17 de abril en Hard Rock Caf\u00e9 &#13; Pavel promete la sorpresa de reconocidos artistas Luego del Unplugged, N\u00fa\u00f1ez viaja al Gran Teatro del Cibao donde lleva su concierto Big Band N\u00fa\u00f1ez &#13; SANTO DOMINGO.- El grupo de rock local, Caffe Latte, fue anunciado por la empresa [&hellip;]<\/p>\n","protected":false},"author":3,"featured_media":0,"comment_status":"open","ping_status":"open","sticky":false,"template":"","format":"standard","meta":{"footnotes":""},"categories":[25],"tags":[],"class_list":["post-93005","post","type-post","status-publish","format-standard","hentry","category-gente"],"_links":{"self":[{"href":"https:\/\/diariodominicano.com\/index.php?rest_route=\/wp\/v2\/posts\/93005","targetHints":{"allow":["GET"]}}],"collection":[{"href":"https:\/\/diariodominicano.com\/index.php?rest_route=\/wp\/v2\/posts"}],"about":[{"href":"https:\/\/diariodominicano.com\/index.php?rest_route=\/wp\/v2\/types\/post"}],"author":[{"embeddable":true,"href":"https:\/\/diariodominicano.com\/index.php?rest_route=\/wp\/v2\/users\/3"}],"replies":[{"embeddable":true,"href":"https:\/\/diariodominicano.com\/index.php?rest_route=%2Fwp%2Fv2%2Fcomments&post=93005"}],"version-history":[{"count":0,"href":"https:\/\/diariodominicano.com\/index.php?rest_route=\/wp\/v2\/posts\/93005\/revisions"}],"wp:attachment":[{"href":"https:\/\/diariodominicano.com\/index.php?rest_route=%2Fwp%2Fv2%2Fmedia&parent=93005"}],"wp:term":[{"taxonomy":"category","embeddable":true,"href":"https:\/\/diariodominicano.com\/index.php?rest_route=%2Fwp%2Fv2%2Fcategories&post=93005"},{"taxonomy":"post_tag","embeddable":true,"href":"https:\/\/diariodominicano.com\/index.php?rest_route=%2Fwp%2Fv2%2Ftags&post=93005"}],"curies":[{"name":"wp","href":"https:\/\/api.w.org\/{rel}","templated":true}]}}