{"id":93002,"date":"2008-04-10T15:20:21","date_gmt":"2008-04-10T15:20:21","guid":{"rendered":"http:\/\/diariodominicano.ddns.net\/?p=93002"},"modified":"2008-04-10T15:20:21","modified_gmt":"2008-04-10T15:20:21","slug":"los-rodriguez-inician-su-tercera-gira-por-estados-unidos","status":"publish","type":"post","link":"https:\/\/diariodominicano.com\/?p=93002","title":{"rendered":"Los Rodr\u00edguez inician su tercera gira por Estados Unidos"},"content":{"rendered":"<p><body><\/p>\n<p align=\"center\" class=\"titulogrande1\"><strong>Los  Rodr\u00edguez inician su tercera gira por Estados Unidos<\/strong><\/p>\n<p>&#13;<\/p>\n<p align=\"center\"><strong>El  d\u00fao se prensenta en el \u00abPrimer Festival de la Comedia Dominicana en Miami<\/strong><\/p>\n<p>&#13;<\/p>\n<p align=\"justify\" class=\"text1noticias\"><strong><img loading=\"lazy\" decoding=\"async\" src=\"http:\/\/localhost:8080\/gente\/img\/los rodriguez.jpg\" width=\"375\" height=\"225\" hspace=\"4\" align=\"left\" \/>Santo  Domingo, Rep\u00fablica Dominicana<\/strong>.- El d\u00fao de humor  Los Rodr\u00edguez preparan maletas y parten la pr\u00f3xima semana a su tercera gira de  presentaciones por la costa este de Estados Unidos, la cual inicia el s\u00e1bado 19  de abril en Miami. <\/p>\n<p>&#13;<\/p>\n<p align=\"justify\" class=\"text1noticias\">En la  Florida, llegan como parte del primer \u00abFestival de la Comedia  Dominicana\u00bb organizado por LM Producting y Arco CxA en el Miami Dade  County Auditorium, ubicado en la 2901 w Flagler Street, Miami. <\/p>\n<p>&#13;<\/p>\n<p align=\"justify\" class=\"text1noticias\">All\u00ed,  Phillip y Fernando Rodr\u00edguez comparten escenario con Freddy Beras Goico, Cuqu\u00edn  Victoria, Felipe Polanco \u00abBoruga\u00bb, Irving Alberti, Lu\u00eds Jos\u00e9 Germ\u00e1n,  Manolo Ozuna y William D\u00edaz. <\/p>\n<p>&#13;<\/p>\n<p align=\"justify\" class=\"text1noticias\">\u00abEs  un honor que en los principales espect\u00e1culo de humor dominicano hechos en el  esterior seamos incluidos como parte de las atracciones de la noche, que al  mismo tiempo es un reconocimiento al trabajo que viene realizando este  d\u00fao\u00bb, indica Dister Arias, manager de Los Rodr\u00edguez.<\/p>\n<p>&#13;<\/p>\n<p align=\"justify\" class=\"text1noticias\">Asimismo  el representante art\u00edstico inform\u00f3 que luego de agotada esta presentaci\u00f3n Los  Rodr\u00edguez parten hacia New York en una gira que los llevar\u00e1 por Philadelphia,  New Jersey, Providence y Boston. <\/p>\n<p>&#13;<\/p>\n<p align=\"justify\" class=\"text1noticias\">Los  ganadores del Casandra regresan al pa\u00eds con su espect\u00e1culo \u00abHumor de  Madre\u00bb, nominado al Casandra 2008 en el rengl\u00f3n espect\u00e1culo del a\u00f1o, para  llevarlo a Santiago y San Francisco de Macor\u00eds, como regalo a todas las madres  del Cibao. <\/p>\n<p>&#13;<\/p>\n<p align=\"justify\" class=\"text1noticias\">De  igual forma Arias, indic\u00f3 que a su regreso culminar\u00e1n los preparativos para el  programa de radio de Los Rodr\u00edguez, el cual tendr\u00e1 fecha de lanzamiento en las  pr\u00f3ximas semanas. <\/p>\n<p>&#13;<\/p>\n<p align=\"justify\" class=\"text1noticias\">\u00abTrabajamos  arduamente para llevar a cabo una producci\u00f3n de primera l\u00ednea y entrar en  competencia desde que salgamos al aire\u00bb, refiere Dister.<\/p>\n<p>&#13;<\/p>\n<h6> 2008-04-10 15:20:21 <\/h6>\n<p><!--\n<link rel=\"stylesheet\" href=\"css\/bootstrap.min.css\">\n\n\n<ul class=\"pagination\">\n\t    \n\t\n\n<li >\n\t<a href='?page_no=21623'>Previous<\/a>\n\t<\/li>\n\n\n       \n    \n\n<li><a href='?page_no=1'>1<\/a><\/li>\n\n\n\n<li><a href='?page_no=2'>2<\/a><\/li>\n\n\n\n<li><a>...<\/a><\/li>\n\n\n\n<li><a href='?page_no=21622'>21622<\/a><\/li>\n\n\n\n<li><a href='?page_no=21623'>21623<\/a><\/li>\n\n\n\n<li class='active'><a>21624<\/a><\/li>\n\n\n\n<li><a href='?page_no=21625'>21625<\/a><\/li>\n\n\n\n<li><a href='?page_no=21626'>21626<\/a><\/li>\n\n\n\n<li><a>...<\/a><\/li>\n\n\n\n<li><a href='?page_no=22522'>22522<\/a><\/li>\n\n\n\n<li><a href='?page_no=22523'>22523<\/a><\/li>\n\n    \n\t\n\n<li >\n\t<a href='?page_no=21625'>Next<\/a>\n\t<\/li>\n\n\n    \n\n<li><a href='?page_no=22523'>Last &rsaquo;&rsaquo;<\/a><\/li>\n\n<\/ul>\n\n\n--><br \/>\n<\/body><\/p>\n","protected":false},"excerpt":{"rendered":"<p>Los Rodr\u00edguez inician su tercera gira por Estados Unidos &#13; El d\u00fao se prensenta en el \u00abPrimer Festival de la Comedia Dominicana en Miami &#13; Santo Domingo, Rep\u00fablica Dominicana.- El d\u00fao de humor Los Rodr\u00edguez preparan maletas y parten la pr\u00f3xima semana a su tercera gira de presentaciones por la costa este de Estados Unidos, [&hellip;]<\/p>\n","protected":false},"author":3,"featured_media":0,"comment_status":"open","ping_status":"open","sticky":false,"template":"","format":"standard","meta":{"footnotes":""},"categories":[25],"tags":[],"class_list":["post-93002","post","type-post","status-publish","format-standard","hentry","category-gente"],"_links":{"self":[{"href":"https:\/\/diariodominicano.com\/index.php?rest_route=\/wp\/v2\/posts\/93002","targetHints":{"allow":["GET"]}}],"collection":[{"href":"https:\/\/diariodominicano.com\/index.php?rest_route=\/wp\/v2\/posts"}],"about":[{"href":"https:\/\/diariodominicano.com\/index.php?rest_route=\/wp\/v2\/types\/post"}],"author":[{"embeddable":true,"href":"https:\/\/diariodominicano.com\/index.php?rest_route=\/wp\/v2\/users\/3"}],"replies":[{"embeddable":true,"href":"https:\/\/diariodominicano.com\/index.php?rest_route=%2Fwp%2Fv2%2Fcomments&post=93002"}],"version-history":[{"count":0,"href":"https:\/\/diariodominicano.com\/index.php?rest_route=\/wp\/v2\/posts\/93002\/revisions"}],"wp:attachment":[{"href":"https:\/\/diariodominicano.com\/index.php?rest_route=%2Fwp%2Fv2%2Fmedia&parent=93002"}],"wp:term":[{"taxonomy":"category","embeddable":true,"href":"https:\/\/diariodominicano.com\/index.php?rest_route=%2Fwp%2Fv2%2Fcategories&post=93002"},{"taxonomy":"post_tag","embeddable":true,"href":"https:\/\/diariodominicano.com\/index.php?rest_route=%2Fwp%2Fv2%2Ftags&post=93002"}],"curies":[{"name":"wp","href":"https:\/\/api.w.org\/{rel}","templated":true}]}}