{"id":92997,"date":"2008-04-13T03:04:57","date_gmt":"2008-04-13T03:04:57","guid":{"rendered":"http:\/\/diariodominicano.ddns.net\/?p=92997"},"modified":"2008-04-13T03:04:57","modified_gmt":"2008-04-13T03:04:57","slug":"rubby-perez-aclara-no-tener-tendencia-politica","status":"publish","type":"post","link":"https:\/\/diariodominicano.com\/?p=92997","title":{"rendered":"Rubby P\u00e9rez aclara no tener tendencia pol\u00edtica"},"content":{"rendered":"<p><body><\/p>\n<p align=\"center\" class=\"titulogrande1\"><strong>Rubby  P\u00e9rez aclara no tener tendencia pol\u00edtica <\/strong><\/p>\n<p>&#13;<\/p>\n<p align=\"justify\" class=\"text1noticias\"><strong><img loading=\"lazy\" decoding=\"async\" src=\"http:\/\/localhost:8080\/gente\/img\/ruby perez.jpg\" width=\"375\" height=\"276\" hspace=\"4\" align=\"left\" \/>Santo Domingo.-<\/strong> El merenguero Rubby  P\u00e9rez afirm\u00f3 que la empresa RP &amp; Asociados que lo representa como artista, vende  servicios profesionales y por ende no est\u00e1 a disposici\u00f3n exclusiva de una  tendencia pol\u00edtica. <br \/>&#13;<br \/>\n  <br \/>&#13;<br \/>\n  La aclaraci\u00f3n  es motivada por los comentarios vertidos en radio, televisi\u00f3n y prensa que lo  han querido vincular dentro del grupo de artistas que respaldan las  aspiraciones presidenciales del candidato del Partido de la Liberaci\u00f3n Dominicana  (PLD), Leonel Fern\u00e1ndez o que est\u00e9 participando en los espect\u00e1culos y  conciertos que esa organizaci\u00f3n promueve. <br \/>&#13;<br \/>\n  <br \/>&#13;<br \/>\n  Hablando a trav\u00e9s  de su manejador, Francisco Reyes, el merenguero manifest\u00f3 no tener ninguna  afiliaci\u00f3n pol\u00edtica partidaria y mucho menos ha hecho un pronunciamiento  p\u00fablico de que respalda a alg\u00fan candidato presidencial en espec\u00edfico.<br \/>&#13;<br \/>\n  <br \/>&#13;<br \/>\n\u201cRubby est\u00e1  siempre abierto a ofrecer su arte a cualquier partido o instituci\u00f3n que lo  solicite porque somos una empresa de servicios y en otras oportunidades ya lo  hab\u00edamos hecho\u201d, expres\u00f3 el representante del cantante.<\/p>\n<p>&#13;<\/p>\n<div align=\"justify\" class=\"text1noticias\">En  tanto Rubby P\u00e9rez se\u00f1al\u00f3 que como ciudadano tiene el sagrado de derecho y deber  de acudir a las urnas el pr\u00f3ximo 16 de mayo \u201cpero no he hecho una manifestaci\u00f3n  p\u00fablica de que respaldo a alg\u00fan aspirante presidencial\u201d.<\/div>\n<p>&#13;<\/p>\n<h6> 2008-04-13 03:04:57 <\/h6>\n<p><!--\n<link rel=\"stylesheet\" href=\"css\/bootstrap.min.css\">\n\n\n<ul class=\"pagination\">\n\t    \n\t\n\n<li >\n\t<a href='?page_no=21618'>Previous<\/a>\n\t<\/li>\n\n\n       \n    \n\n<li><a href='?page_no=1'>1<\/a><\/li>\n\n\n\n<li><a href='?page_no=2'>2<\/a><\/li>\n\n\n\n<li><a>...<\/a><\/li>\n\n\n\n<li><a href='?page_no=21617'>21617<\/a><\/li>\n\n\n\n<li><a href='?page_no=21618'>21618<\/a><\/li>\n\n\n\n<li class='active'><a>21619<\/a><\/li>\n\n\n\n<li><a href='?page_no=21620'>21620<\/a><\/li>\n\n\n\n<li><a href='?page_no=21621'>21621<\/a><\/li>\n\n\n\n<li><a>...<\/a><\/li>\n\n\n\n<li><a href='?page_no=22522'>22522<\/a><\/li>\n\n\n\n<li><a href='?page_no=22523'>22523<\/a><\/li>\n\n    \n\t\n\n<li >\n\t<a href='?page_no=21620'>Next<\/a>\n\t<\/li>\n\n\n    \n\n<li><a href='?page_no=22523'>Last &rsaquo;&rsaquo;<\/a><\/li>\n\n<\/ul>\n\n\n--><br \/>\n<\/body><\/p>\n","protected":false},"excerpt":{"rendered":"<p>Rubby P\u00e9rez aclara no tener tendencia pol\u00edtica &#13; Santo Domingo.- El merenguero Rubby P\u00e9rez afirm\u00f3 que la empresa RP &amp; Asociados que lo representa como artista, vende servicios profesionales y por ende no est\u00e1 a disposici\u00f3n exclusiva de una tendencia pol\u00edtica. &#13; &#13; La aclaraci\u00f3n es motivada por los comentarios vertidos en radio, televisi\u00f3n y [&hellip;]<\/p>\n","protected":false},"author":3,"featured_media":0,"comment_status":"open","ping_status":"open","sticky":false,"template":"","format":"standard","meta":{"footnotes":""},"categories":[25],"tags":[],"class_list":["post-92997","post","type-post","status-publish","format-standard","hentry","category-gente"],"_links":{"self":[{"href":"https:\/\/diariodominicano.com\/index.php?rest_route=\/wp\/v2\/posts\/92997","targetHints":{"allow":["GET"]}}],"collection":[{"href":"https:\/\/diariodominicano.com\/index.php?rest_route=\/wp\/v2\/posts"}],"about":[{"href":"https:\/\/diariodominicano.com\/index.php?rest_route=\/wp\/v2\/types\/post"}],"author":[{"embeddable":true,"href":"https:\/\/diariodominicano.com\/index.php?rest_route=\/wp\/v2\/users\/3"}],"replies":[{"embeddable":true,"href":"https:\/\/diariodominicano.com\/index.php?rest_route=%2Fwp%2Fv2%2Fcomments&post=92997"}],"version-history":[{"count":0,"href":"https:\/\/diariodominicano.com\/index.php?rest_route=\/wp\/v2\/posts\/92997\/revisions"}],"wp:attachment":[{"href":"https:\/\/diariodominicano.com\/index.php?rest_route=%2Fwp%2Fv2%2Fmedia&parent=92997"}],"wp:term":[{"taxonomy":"category","embeddable":true,"href":"https:\/\/diariodominicano.com\/index.php?rest_route=%2Fwp%2Fv2%2Fcategories&post=92997"},{"taxonomy":"post_tag","embeddable":true,"href":"https:\/\/diariodominicano.com\/index.php?rest_route=%2Fwp%2Fv2%2Ftags&post=92997"}],"curies":[{"name":"wp","href":"https:\/\/api.w.org\/{rel}","templated":true}]}}