{"id":92924,"date":"2008-04-29T22:11:31","date_gmt":"2008-04-29T22:11:31","guid":{"rendered":"http:\/\/diariodominicano.ddns.net\/?p=92924"},"modified":"2008-04-29T22:11:31","modified_gmt":"2008-04-29T22:11:31","slug":"el-merenguero-pakole-se-reactiva-y-sale-al-ruedo-de-nuevo-tiene-listo-su-nuevo-disco-pakole-con-el-corazon","status":"publish","type":"post","link":"https:\/\/diariodominicano.com\/?p=92924","title":{"rendered":"El Merenguero Pakol\u00e9 se reactiva y sale al ruedo de nuevo; tiene listo su nuevo disco &#8216;Pakol\u00e9 con el coraz\u00f3n&#8217;"},"content":{"rendered":"<p><body><\/p>\n<div align=\"justify\"><span class=\"titulogrande1\">El Merenguero Pakol\u00e9 se  reactiva y sale al ruedo de nuevo;  tiene listo su nuevo disco &#8216;Pakol\u00e9 con el coraz\u00f3n&#8217;<\/span><br \/>&#13;<br \/>\n  \u00a0<br \/>&#13;<br \/>\n  <span class=\"text1noticias\"><strong><img loading=\"lazy\" decoding=\"async\" src=\"http:\/\/localhost:8080\/gente\/img\/pakole.jpg\" width=\"375\" height=\"501\" hspace=\"4\" align=\"left\" \/>Santo Domingo.-<\/strong> La posici\u00f3n que ocupa actualmente en la radio con un tema nuevo,  en todo el territorio nacional, llevan al merenguero Pakol\u00e9 a revelar  importantes detalles de su carrera en el nuevo relanzamiento que vive la misma.<br \/>&#13;<br \/>\n  <br \/>&#13;<br \/>\n  Ahora, con 13 m\u00fasicos que lo acompa\u00f1an y una nueva empresa que lo promociona,  el cantante asegura que siente que va en la ruta que lo llevar\u00e1 a conectar con  el p\u00fablico para el despegue final de su carrera.<br \/>&#13;<br \/>\n  <br \/>&#13;<br \/>\n  La empresa que lo promociona y lo trabaja actualmente, Hiraldo  Producci\u00f3n,\u00a0 dirigida por Nelson Hiraldo, planea\u00a0 sacar al mercado su  nuevo disco a principios del mes de junio, bajo el titulo \u00abPakol\u00e9 con el  coraz\u00f3n\u00bb.<br \/>&#13;<br \/>\n  <br \/>&#13;<br \/>\n  Pakol\u00e9, que ya se conoce en el ruedo musical, explic\u00f3 que su disco, que tiene  fusiones de merengue con gag\u00e1 y otros ritmos, ser\u00e1 lanzado primero en el  internet bajo la disquera Juan &amp; Nelson, que lo ayudar\u00e1 en ese sentido.<br \/>&#13;<br \/>\n  <br \/>&#13;<br \/>\n  \u00abEstoy muy contento con lo que est\u00e1 pasando con mi carrera. Mi disco\u00a0  est\u00e1 casi listo y\u00a0 saldr\u00e1 como sea, porque tengo un p\u00fablico que espera mi  m\u00fasica. Si no lo sacan mis representantes yo se lo dar\u00e9 a los piratas para que  lo saquen, porque lo importante es llegar a mi publico de la forma que sea\u00bb,  dijo el merenguero que adem\u00e1s viene con una imagen renovada.<br \/>&#13;<br \/>\n<br \/>&#13;<br \/>\nEl int\u00e9rprete de \u00abLa tinajita\u00bb dijo\u00a0 estar muy feliz por el  respaldo que le han brindado, y aprovech\u00f3 para dar las gracias a los DJ y a los  programadores de emisoras.<br \/>&#13;<br \/>\n<br \/>&#13;<br \/>\n\u00abComo artista he visto mi crecimiento, mi nombre se ha afianzado como  figura del arte tanto aqu\u00ed como en Estados Unidos\u00bb.<br \/>&#13;<br \/>\n<br \/>&#13;<br \/>\nAdem\u00e1s de tener en carpeta un relanzamiento de su carrera con nueva imagen y  disco nuevo, Pakol\u00e9 saldr\u00e1 en el mes de agosto para Europa, donde su nueva empresa  de promoci\u00f3n ya lo tiene sonando en ese mercado. Estados Unidos lo ver\u00e1 por  primera vez con su orquesta para el pr\u00f3ximo verano, donde ya tiene algunas  fechas reservadas para presentaciones art\u00edsticas.<br \/>&#13;<br \/>\n<br \/>&#13;<br \/>\nEl tema \u00abQu\u00e9 vaina\u00bb es una composici\u00f3n suya con arreglos de Germ\u00e1n  Lorenzo, llevado con buen ritmo y la misma l\u00ednea fusionada de merengue que  acostumbra hacer el cantante.<br \/>&#13;<br \/>\n  <\/span><\/div>\n<p>&#13;<\/p>\n<h6> 2008-04-29 22:11:31 <\/h6>\n<p><!--\n<link rel=\"stylesheet\" href=\"css\/bootstrap.min.css\">\n\n\n<ul class=\"pagination\">\n\t    \n\t\n\n<li >\n\t<a href='?page_no=21545'>Previous<\/a>\n\t<\/li>\n\n\n       \n    \n\n<li><a href='?page_no=1'>1<\/a><\/li>\n\n\n\n<li><a href='?page_no=2'>2<\/a><\/li>\n\n\n\n<li><a>...<\/a><\/li>\n\n\n\n<li><a href='?page_no=21544'>21544<\/a><\/li>\n\n\n\n<li><a href='?page_no=21545'>21545<\/a><\/li>\n\n\n\n<li class='active'><a>21546<\/a><\/li>\n\n\n\n<li><a href='?page_no=21547'>21547<\/a><\/li>\n\n\n\n<li><a href='?page_no=21548'>21548<\/a><\/li>\n\n\n\n<li><a>...<\/a><\/li>\n\n\n\n<li><a href='?page_no=22522'>22522<\/a><\/li>\n\n\n\n<li><a href='?page_no=22523'>22523<\/a><\/li>\n\n    \n\t\n\n<li >\n\t<a href='?page_no=21547'>Next<\/a>\n\t<\/li>\n\n\n    \n\n<li><a href='?page_no=22523'>Last &rsaquo;&rsaquo;<\/a><\/li>\n\n<\/ul>\n\n\n--><br \/>\n<\/body><\/p>\n","protected":false},"excerpt":{"rendered":"<p>El Merenguero Pakol\u00e9 se reactiva y sale al ruedo de nuevo; tiene listo su nuevo disco &#8216;Pakol\u00e9 con el coraz\u00f3n&#8217;&#13; \u00a0&#13; Santo Domingo.- La posici\u00f3n que ocupa actualmente en la radio con un tema nuevo, en todo el territorio nacional, llevan al merenguero Pakol\u00e9 a revelar importantes detalles de su carrera en el nuevo relanzamiento [&hellip;]<\/p>\n","protected":false},"author":3,"featured_media":0,"comment_status":"open","ping_status":"open","sticky":false,"template":"","format":"standard","meta":{"footnotes":""},"categories":[25],"tags":[],"class_list":["post-92924","post","type-post","status-publish","format-standard","hentry","category-gente"],"_links":{"self":[{"href":"https:\/\/diariodominicano.com\/index.php?rest_route=\/wp\/v2\/posts\/92924","targetHints":{"allow":["GET"]}}],"collection":[{"href":"https:\/\/diariodominicano.com\/index.php?rest_route=\/wp\/v2\/posts"}],"about":[{"href":"https:\/\/diariodominicano.com\/index.php?rest_route=\/wp\/v2\/types\/post"}],"author":[{"embeddable":true,"href":"https:\/\/diariodominicano.com\/index.php?rest_route=\/wp\/v2\/users\/3"}],"replies":[{"embeddable":true,"href":"https:\/\/diariodominicano.com\/index.php?rest_route=%2Fwp%2Fv2%2Fcomments&post=92924"}],"version-history":[{"count":0,"href":"https:\/\/diariodominicano.com\/index.php?rest_route=\/wp\/v2\/posts\/92924\/revisions"}],"wp:attachment":[{"href":"https:\/\/diariodominicano.com\/index.php?rest_route=%2Fwp%2Fv2%2Fmedia&parent=92924"}],"wp:term":[{"taxonomy":"category","embeddable":true,"href":"https:\/\/diariodominicano.com\/index.php?rest_route=%2Fwp%2Fv2%2Fcategories&post=92924"},{"taxonomy":"post_tag","embeddable":true,"href":"https:\/\/diariodominicano.com\/index.php?rest_route=%2Fwp%2Fv2%2Ftags&post=92924"}],"curies":[{"name":"wp","href":"https:\/\/api.w.org\/{rel}","templated":true}]}}