{"id":92896,"date":"2008-05-06T00:34:27","date_gmt":"2008-05-06T00:34:27","guid":{"rendered":"http:\/\/diariodominicano.ddns.net\/?p=92896"},"modified":"2008-05-06T00:34:27","modified_gmt":"2008-05-06T00:34:27","slug":"una-medalla-para-el-principe-harry","status":"publish","type":"post","link":"https:\/\/diariodominicano.com\/?p=92896","title":{"rendered":"Una medalla para el pr\u00edncipe Harry"},"content":{"rendered":"<p><body><\/p>\n<p align=\"justify\"><strong class=\"titulogrande1\">Una medalla para el pr\u00edncipe Harry<\/strong><br \/>&#13;<br \/>\n  <br \/>&#13;<br \/>\n    <strong>El joven recibe el distintivo por su servicio en Afganist\u00e1n<\/strong><br \/>&#13;<br \/>\n  <br \/>&#13;<br \/>\n  <span class=\"text1noticias\"><strong>EFE<\/strong> &#8211; Londres &#8211; 05\/05\/2008 <\/span><\/p>\n<p>&#13;<\/p>\n<p align=\"justify\" class=\"text1noticias\"><img loading=\"lazy\" decoding=\"async\" src=\"http:\/\/localhost:8080\/gente\/img\/harri.jpg\" width=\"375\" height=\"276\" hspace=\"4\" align=\"left\" \/>El pr\u00edncipe Harry ha recibido hoy,  con sus 159 compa\u00f1eros de su regimiento de caballer\u00eda, una medalla por su  trabajo militar en Afganist\u00e1n.<br \/>&#13;<br \/>\n  <br \/>&#13;<br \/>\n  El hijo menor del Carlos de  Inglaterra ha recibido el distintivo de manos de su t\u00eda, la princesa Ana, en un  acto organizado en Windsor. Tras la ceremonia se ha celebrado un servicio  religioso en memoria de los soldados de su unidad muertos durante los seis  meses de maniobras en el pa\u00eds.<br \/>&#13;<br \/>\n  <br \/>&#13;<br \/>\n  El pr\u00edncipe fue destinado en  secreto a Afganist\u00e1n en diciembre, donde deb\u00eda haber permanecido durante cuatro  meses. Sin embargo, la noticia salt\u00f3 a la prensa y, ante el riesgo de ser  considerado un objetivo privilegiado para Al Qaeda, regres\u00f3 a las 10 semanas.<\/p>\n<p>&#13;<\/p>\n<h6> 2008-05-06 00:34:27 <\/h6>\n<p><!--\n<link rel=\"stylesheet\" href=\"css\/bootstrap.min.css\">\n\n\n<ul class=\"pagination\">\n\t    \n\t\n\n<li >\n\t<a href='?page_no=21517'>Previous<\/a>\n\t<\/li>\n\n\n       \n    \n\n<li><a href='?page_no=1'>1<\/a><\/li>\n\n\n\n<li><a href='?page_no=2'>2<\/a><\/li>\n\n\n\n<li><a>...<\/a><\/li>\n\n\n\n<li><a href='?page_no=21516'>21516<\/a><\/li>\n\n\n\n<li><a href='?page_no=21517'>21517<\/a><\/li>\n\n\n\n<li class='active'><a>21518<\/a><\/li>\n\n\n\n<li><a href='?page_no=21519'>21519<\/a><\/li>\n\n\n\n<li><a href='?page_no=21520'>21520<\/a><\/li>\n\n\n\n<li><a>...<\/a><\/li>\n\n\n\n<li><a href='?page_no=22522'>22522<\/a><\/li>\n\n\n\n<li><a href='?page_no=22523'>22523<\/a><\/li>\n\n    \n\t\n\n<li >\n\t<a href='?page_no=21519'>Next<\/a>\n\t<\/li>\n\n\n    \n\n<li><a href='?page_no=22523'>Last &rsaquo;&rsaquo;<\/a><\/li>\n\n<\/ul>\n\n\n--><br \/>\n<\/body><\/p>\n","protected":false},"excerpt":{"rendered":"<p>Una medalla para el pr\u00edncipe Harry&#13; &#13; El joven recibe el distintivo por su servicio en Afganist\u00e1n&#13; &#13; EFE &#8211; Londres &#8211; 05\/05\/2008 &#13; El pr\u00edncipe Harry ha recibido hoy, con sus 159 compa\u00f1eros de su regimiento de caballer\u00eda, una medalla por su trabajo militar en Afganist\u00e1n.&#13; &#13; El hijo menor del Carlos de Inglaterra [&hellip;]<\/p>\n","protected":false},"author":3,"featured_media":0,"comment_status":"open","ping_status":"open","sticky":false,"template":"","format":"standard","meta":{"footnotes":""},"categories":[25],"tags":[],"class_list":["post-92896","post","type-post","status-publish","format-standard","hentry","category-gente"],"_links":{"self":[{"href":"https:\/\/diariodominicano.com\/index.php?rest_route=\/wp\/v2\/posts\/92896","targetHints":{"allow":["GET"]}}],"collection":[{"href":"https:\/\/diariodominicano.com\/index.php?rest_route=\/wp\/v2\/posts"}],"about":[{"href":"https:\/\/diariodominicano.com\/index.php?rest_route=\/wp\/v2\/types\/post"}],"author":[{"embeddable":true,"href":"https:\/\/diariodominicano.com\/index.php?rest_route=\/wp\/v2\/users\/3"}],"replies":[{"embeddable":true,"href":"https:\/\/diariodominicano.com\/index.php?rest_route=%2Fwp%2Fv2%2Fcomments&post=92896"}],"version-history":[{"count":0,"href":"https:\/\/diariodominicano.com\/index.php?rest_route=\/wp\/v2\/posts\/92896\/revisions"}],"wp:attachment":[{"href":"https:\/\/diariodominicano.com\/index.php?rest_route=%2Fwp%2Fv2%2Fmedia&parent=92896"}],"wp:term":[{"taxonomy":"category","embeddable":true,"href":"https:\/\/diariodominicano.com\/index.php?rest_route=%2Fwp%2Fv2%2Fcategories&post=92896"},{"taxonomy":"post_tag","embeddable":true,"href":"https:\/\/diariodominicano.com\/index.php?rest_route=%2Fwp%2Fv2%2Ftags&post=92896"}],"curies":[{"name":"wp","href":"https:\/\/api.w.org\/{rel}","templated":true}]}}