{"id":92891,"date":"2008-05-06T17:32:56","date_gmt":"2008-05-06T17:32:56","guid":{"rendered":"http:\/\/diariodominicano.ddns.net\/?p=92891"},"modified":"2008-05-06T17:32:56","modified_gmt":"2008-05-06T17:32:56","slug":"tom-hanks-apoya-en-un-video-a-obama","status":"publish","type":"post","link":"https:\/\/diariodominicano.com\/?p=92891","title":{"rendered":"Tom Hanks apoya en un video a Obama"},"content":{"rendered":"<p><body><\/p>\n<p align=\"justify\"><strong class=\"titulogrande1\">Tom Hanks apoya en un video a  Obama<\/strong><br \/>&#13;<br \/>\n    <br \/>&#13;<br \/>\n    <span class=\"text1noticias\">Tom Hanks apoya al precandidato presidencial Barack  Obama.El actor ganador de dos premios Oscar anunci\u00f3 en su p\u00e1gina de MySpace.com  su apoyo a Obama, quien aspira a convertirse en el primer presidente negro de  Estados Unidos <\/span><\/p>\n<p>&#13;<\/p>\n<p align=\"justify\" class=\"text1noticias\">El Universal<br \/>&#13;<br \/>\n    <br \/>&#13;<br \/>\n  martes 06 de mayo de 2008<br \/>&#13;<br \/>\n  <strong><br \/>&#13;<br \/>\n  NUEVA YORK (AP).\u2014 <\/strong>Tom Hanks apoya al precandidato  presidencial Barack Obama. <br \/>&#13;<br \/>\n  <br \/>&#13;<br \/>\n  El actor ganador de dos premios Oscar anunci\u00f3 en su p\u00e1gina de MySpace.com  su apoyo a Obama, quien aspira a convertirse en el primer presidente negro de  Estados Unidos. <br \/>&#13;<br \/>\n  <br \/>&#13;<br \/>\n  Obama, quien se mide con Hillary Rodham Clinton por la candidatura del  Partido Dem\u00f3crata, tambi\u00e9n cuenta con el apoyo de otros famosos como Oprah  Winfrey, Bruce Springsteen y Scarlett Johansson. <br \/>&#13;<br \/>\n  <br \/>&#13;<br \/>\n\u201cComo celebridad oficial, s\u00e9 que mi apoyo acaba de convencerlos\u201d, dice  Hanks, de 51 a\u00f1os, en un breve video titulado Cuidado: apoyo de famoso. <br \/>&#13;<br \/>\n<br \/>&#13;<br \/>\n\u201cLa Historia, con \u2018H\u2019 may\u00fascula, se escribir\u00e1 este noviembre, sin importar  el presidente que sea elegido. <br \/>&#13;<br \/>\n<br \/>&#13;<br \/>\n\u201cQuiero que Barack Obama sea presidente de este pa\u00eds, un pa\u00eds que alguna  vez dijo que la gente de su color de piel era s\u00f3lo tres quintos de un ser humano\u201d,  menciona Tom. <br \/>&#13;<br \/>\n<br \/>&#13;<br \/>\nHanks, quien recibi\u00f3 los premios de la Academia por su actuaci\u00f3n en Forrest  Gump y Filadelfia, dice que su decisi\u00f3n responde a \u201csu car\u00e1cter y su visi\u00f3n y  el camino de \u00e9xito que ha tomado durante su campa\u00f1a\u201d. <br \/>&#13;<br \/>\n<br \/>&#13;<br \/>\n\u201c\u00c9l tiene la integridad y la inspiraci\u00f3n para unificarnos, como lo hicieron  F. D. R. (Franklin Delano Roosevelt), Harry Truman y John F. Kennedy y hasta  Ronald Reagan, cuando se presentaron al cargo.\u201d <br \/>&#13;<br \/>\n<br \/>&#13;<br \/>\nEl actor reconoce que Barack Obama y Hillary Rodham Clinton han \u201cfingido  comer sandwiches de queso y carne y jugar al boliche\u201d y se han distanciado de  partidarios que hubiesen podido da\u00f1ar su imagen. <br \/>&#13;<br \/>\n<br \/>&#13;<br \/>\nSin embargo, Tom Hanks cree que la presidencia de Obama producir\u00eda un  \u201ccambio s\u00edsmico\u201d y \u201ccumplir\u00eda la gran promesa una vez hecha por nuestros padres  fundadores\u201d. <br \/>&#13;<br \/>\n<br \/>&#13;<br \/>\n\u201cSoy Tom Hanks, escrib\u00ed y aprob\u00e9 este mensaje y ahora voy a apagar la  c\u00e1mara\u201d, fueron sus \u00faltimas palabras. <\/p>\n<p>&#13;<\/p>\n<h6> 2008-05-06 17:32:56 <\/h6>\n<p><!--\n<link rel=\"stylesheet\" href=\"css\/bootstrap.min.css\">\n\n\n<ul class=\"pagination\">\n\t    \n\t\n\n<li >\n\t<a href='?page_no=21512'>Previous<\/a>\n\t<\/li>\n\n\n       \n    \n\n<li><a href='?page_no=1'>1<\/a><\/li>\n\n\n\n<li><a href='?page_no=2'>2<\/a><\/li>\n\n\n\n<li><a>...<\/a><\/li>\n\n\n\n<li><a href='?page_no=21511'>21511<\/a><\/li>\n\n\n\n<li><a href='?page_no=21512'>21512<\/a><\/li>\n\n\n\n<li class='active'><a>21513<\/a><\/li>\n\n\n\n<li><a href='?page_no=21514'>21514<\/a><\/li>\n\n\n\n<li><a href='?page_no=21515'>21515<\/a><\/li>\n\n\n\n<li><a>...<\/a><\/li>\n\n\n\n<li><a href='?page_no=22522'>22522<\/a><\/li>\n\n\n\n<li><a href='?page_no=22523'>22523<\/a><\/li>\n\n    \n\t\n\n<li >\n\t<a href='?page_no=21514'>Next<\/a>\n\t<\/li>\n\n\n    \n\n<li><a href='?page_no=22523'>Last &rsaquo;&rsaquo;<\/a><\/li>\n\n<\/ul>\n\n\n--><br \/>\n<\/body><\/p>\n","protected":false},"excerpt":{"rendered":"<p>Tom Hanks apoya en un video a Obama&#13; &#13; Tom Hanks apoya al precandidato presidencial Barack Obama.El actor ganador de dos premios Oscar anunci\u00f3 en su p\u00e1gina de MySpace.com su apoyo a Obama, quien aspira a convertirse en el primer presidente negro de Estados Unidos &#13; El Universal&#13; &#13; martes 06 de mayo de 2008&#13; [&hellip;]<\/p>\n","protected":false},"author":3,"featured_media":0,"comment_status":"open","ping_status":"open","sticky":false,"template":"","format":"standard","meta":{"footnotes":""},"categories":[25],"tags":[],"class_list":["post-92891","post","type-post","status-publish","format-standard","hentry","category-gente"],"_links":{"self":[{"href":"https:\/\/diariodominicano.com\/index.php?rest_route=\/wp\/v2\/posts\/92891","targetHints":{"allow":["GET"]}}],"collection":[{"href":"https:\/\/diariodominicano.com\/index.php?rest_route=\/wp\/v2\/posts"}],"about":[{"href":"https:\/\/diariodominicano.com\/index.php?rest_route=\/wp\/v2\/types\/post"}],"author":[{"embeddable":true,"href":"https:\/\/diariodominicano.com\/index.php?rest_route=\/wp\/v2\/users\/3"}],"replies":[{"embeddable":true,"href":"https:\/\/diariodominicano.com\/index.php?rest_route=%2Fwp%2Fv2%2Fcomments&post=92891"}],"version-history":[{"count":0,"href":"https:\/\/diariodominicano.com\/index.php?rest_route=\/wp\/v2\/posts\/92891\/revisions"}],"wp:attachment":[{"href":"https:\/\/diariodominicano.com\/index.php?rest_route=%2Fwp%2Fv2%2Fmedia&parent=92891"}],"wp:term":[{"taxonomy":"category","embeddable":true,"href":"https:\/\/diariodominicano.com\/index.php?rest_route=%2Fwp%2Fv2%2Fcategories&post=92891"},{"taxonomy":"post_tag","embeddable":true,"href":"https:\/\/diariodominicano.com\/index.php?rest_route=%2Fwp%2Fv2%2Ftags&post=92891"}],"curies":[{"name":"wp","href":"https:\/\/api.w.org\/{rel}","templated":true}]}}