{"id":92828,"date":"2008-05-20T22:06:26","date_gmt":"2008-05-20T22:06:26","guid":{"rendered":"http:\/\/diariodominicano.ddns.net\/?p=92828"},"modified":"2008-05-20T22:06:26","modified_gmt":"2008-05-20T22:06:26","slug":"juan-luis-guerra-comenzara-en-julio-gira-por-estados-unidos","status":"publish","type":"post","link":"https:\/\/diariodominicano.com\/?p=92828","title":{"rendered":"Juan Luis Guerra comenzar\u00e1 en Julio gira por Estados Unidos"},"content":{"rendered":"<p><body><\/p>\n<p class=\"titulogrande1\">Juan  Luis Guerra comenzar\u00e1 en Julio gira por Estados Unidos<\/p>\n<p>&#13;<\/p>\n<p align=\"justify\" class=\"text1noticias\"><strong>SANTO DOMINGO.-<\/strong> El cantautor  dominicano Juan Luis Guerra comenzar\u00e1 en julio pr\u00f3ximo en Miami una gira por  Estados Unidos que tambi\u00e9n lo llevar\u00e1 a Orlando, Atlanta, Nueva York y Los  \u00c1ngeles, inform\u00f3 hoy en un comunicado la oficina de prensa del artista en  Rep\u00fablica Dominicana.<\/p>\n<p>&#13;<\/p>\n<p align=\"justify\" class=\"text1noticias\">Guerra da los toques finales  a esta gira, que estar\u00e1 basada en su m\u00e1s reciente disco, La Llave de mi Coraz\u00f3n,  \u00absin excluir composiciones con las que ha conquistado a miles de personas  en el mundo\u00bb, a\u00f1ade la nota.<\/p>\n<p>&#13;<\/p>\n<p align=\"justify\" class=\"text1noticias\">El recorrido, que llevar\u00e1 por  nombre \u00abLa traves\u00eda\u00bb, como uno de los temas del \u00e1lbum, se iniciar\u00e1 el  12 de julio en Miami, en el American Airlines Arena y continuar\u00e1 al d\u00eda  siguiente en el Amway Arena de Orlando (Florida).<\/p>\n<p>&#13;<\/p>\n<p align=\"justify\" class=\"text1noticias\">El 16 de julio el int\u00e9rprete  caribe\u00f1o y su agrupaci\u00f3n 4.40 actuar\u00e1n en el Gwinett Arena de Atlanta (Georgia)  y el 18 en el Madison Square Garden de Nueva York, para continuar en Los  \u00c1ngeles, el 31 de julio, en el Chumash Casino de Santa Ynez y finalizar el 3 de  agosto en el Nokia Theatre.<\/p>\n<p>&#13;<\/p>\n<p align=\"justify\" class=\"text1noticias\">La Llave de mi Coraz\u00f3n ha recibido numerosos premios, entre  ellos un Grammy americano, el segundo en la carrera de Juan Luis Guerra, y seis  Grammy Latino.<\/p>\n<p>&#13;<\/p>\n<p align=\"justify\" class=\"text1noticias\">En los premios Billboard  tambi\u00e9n logr\u00f3 tres estatuillas, mientras que en Rep\u00fablica Dominicana consigui\u00f3  el Soberano, m\u00e1xima distinci\u00f3n que se otorga en los premios Casandra,  concedidos por la   Asociaci\u00f3n de Cronistas de Arte (Acroarte).<\/p>\n<p>&#13;<\/p>\n<h6> 2008-05-20 22:06:26 <\/h6>\n<p><!--\n<link rel=\"stylesheet\" href=\"css\/bootstrap.min.css\">\n\n\n<ul class=\"pagination\">\n\t    \n\t\n\n<li >\n\t<a href='?page_no=21449'>Previous<\/a>\n\t<\/li>\n\n\n       \n    \n\n<li><a href='?page_no=1'>1<\/a><\/li>\n\n\n\n<li><a href='?page_no=2'>2<\/a><\/li>\n\n\n\n<li><a>...<\/a><\/li>\n\n\n\n<li><a href='?page_no=21448'>21448<\/a><\/li>\n\n\n\n<li><a href='?page_no=21449'>21449<\/a><\/li>\n\n\n\n<li class='active'><a>21450<\/a><\/li>\n\n\n\n<li><a href='?page_no=21451'>21451<\/a><\/li>\n\n\n\n<li><a href='?page_no=21452'>21452<\/a><\/li>\n\n\n\n<li><a>...<\/a><\/li>\n\n\n\n<li><a href='?page_no=22522'>22522<\/a><\/li>\n\n\n\n<li><a href='?page_no=22523'>22523<\/a><\/li>\n\n    \n\t\n\n<li >\n\t<a href='?page_no=21451'>Next<\/a>\n\t<\/li>\n\n\n    \n\n<li><a href='?page_no=22523'>Last &rsaquo;&rsaquo;<\/a><\/li>\n\n<\/ul>\n\n\n--><br \/>\n<\/body><\/p>\n","protected":false},"excerpt":{"rendered":"<p>Juan Luis Guerra comenzar\u00e1 en Julio gira por Estados Unidos &#13; SANTO DOMINGO.- El cantautor dominicano Juan Luis Guerra comenzar\u00e1 en julio pr\u00f3ximo en Miami una gira por Estados Unidos que tambi\u00e9n lo llevar\u00e1 a Orlando, Atlanta, Nueva York y Los \u00c1ngeles, inform\u00f3 hoy en un comunicado la oficina de prensa del artista en Rep\u00fablica [&hellip;]<\/p>\n","protected":false},"author":3,"featured_media":0,"comment_status":"open","ping_status":"open","sticky":false,"template":"","format":"standard","meta":{"footnotes":""},"categories":[25],"tags":[],"class_list":["post-92828","post","type-post","status-publish","format-standard","hentry","category-gente"],"_links":{"self":[{"href":"https:\/\/diariodominicano.com\/index.php?rest_route=\/wp\/v2\/posts\/92828","targetHints":{"allow":["GET"]}}],"collection":[{"href":"https:\/\/diariodominicano.com\/index.php?rest_route=\/wp\/v2\/posts"}],"about":[{"href":"https:\/\/diariodominicano.com\/index.php?rest_route=\/wp\/v2\/types\/post"}],"author":[{"embeddable":true,"href":"https:\/\/diariodominicano.com\/index.php?rest_route=\/wp\/v2\/users\/3"}],"replies":[{"embeddable":true,"href":"https:\/\/diariodominicano.com\/index.php?rest_route=%2Fwp%2Fv2%2Fcomments&post=92828"}],"version-history":[{"count":0,"href":"https:\/\/diariodominicano.com\/index.php?rest_route=\/wp\/v2\/posts\/92828\/revisions"}],"wp:attachment":[{"href":"https:\/\/diariodominicano.com\/index.php?rest_route=%2Fwp%2Fv2%2Fmedia&parent=92828"}],"wp:term":[{"taxonomy":"category","embeddable":true,"href":"https:\/\/diariodominicano.com\/index.php?rest_route=%2Fwp%2Fv2%2Fcategories&post=92828"},{"taxonomy":"post_tag","embeddable":true,"href":"https:\/\/diariodominicano.com\/index.php?rest_route=%2Fwp%2Fv2%2Ftags&post=92828"}],"curies":[{"name":"wp","href":"https:\/\/api.w.org\/{rel}","templated":true}]}}