{"id":92822,"date":"2008-05-23T00:17:19","date_gmt":"2008-05-23T00:17:19","guid":{"rendered":"http:\/\/diariodominicano.ddns.net\/?p=92822"},"modified":"2008-05-23T00:17:19","modified_gmt":"2008-05-23T00:17:19","slug":"el-cantante-de-aerosmith-tambien-va-a-rehab","status":"publish","type":"post","link":"https:\/\/diariodominicano.com\/?p=92822","title":{"rendered":"El cantante de Aerosmith tambi\u00e9n va a &#8216;rehab&#8217;"},"content":{"rendered":"<p><body><\/p>\n<p align=\"justify\"><strong class=\"titulogrande1\">El cantante de Aerosmith tambi\u00e9n va a &#8216;rehab&#8217;<\/strong><br \/>&#13;<br \/>\n  <br \/>&#13;<br \/>\n    <span class=\"text1noticias\">Steven Tyler, de 60 a\u00f1os, ingres\u00f3 en un centro de desintoxicaci\u00f3n por abuso  de \u00absustancias\u00bb <br \/>&#13;<br \/>\n    <br \/>&#13;<br \/>\n    <strong>EFE<\/strong> &#8211; Los \u00c1ngeles &#8211; 22\/05\/2008 <\/span><\/p>\n<p>&#13;<\/p>\n<p align=\"justify\" class=\"text1noticias\"><img loading=\"lazy\" decoding=\"async\" src=\"http:\/\/localhost:8080\/gente\/img\/steven.jpg\" width=\"375\" height=\"375\" hspace=\"4\" align=\"left\" \/>Steven Tyler, l\u00edder de la m\u00edtica  banda de rock Aerosmith ha ingresado por su propio pie en una cl\u00ednica de  rehabilitaci\u00f3n de California, seg\u00fan informa la prensa local. Tyler, de 60 a\u00f1os,  acudi\u00f3 al hospital Las Encinas en la localidad de Pasadena en busca de  tratamiento contra el abuso de \u00absustancias\u00bb (que no se  especificaron), bajo la supervisi\u00f3n del programa de rehabilitaci\u00f3n para famosos  que puso en marcha el doctor Drew Pinsky.<\/p>\n<p>&#13;<\/p>\n<p align=\"justify\"><span class=\"text1noticias\">El vocalista de Aerosmith lleva  una mala racha. En septiembre de 2006, revel\u00f3 que por fin se hab\u00eda recuperado  de la hepatitis C que le hab\u00edan diagnosticado en 2003, una enfermedad que  combati\u00f3 con agresiva quimioterapia durante 11 meses. Esto casi lo  \u00abmata\u00bb, seg\u00fan palabras del artista.<br \/>&#13;<br \/>\n  <br \/>&#13;<br \/>\n  El cantante opt\u00f3 por hacer p\u00fablica  su situaci\u00f3n cuando elimin\u00f3 el rastro de hepatitis C de su sangre, con el  objetivo de compartir su experiencia con la gente. Tyler, adem\u00e1s de conocido  por su faceta como rockero, es el padre de la actriz Liv Tyler, famosa por  pel\u00edculas como <em>Armageddon<\/em> (1998) o la saga de <em>El se\u00f1or de los anillos<\/em><\/span>.<\/p>\n<p>&#13;<\/p>\n<h6> 2008-05-23 00:17:19 <\/h6>\n<p><!--\n<link rel=\"stylesheet\" href=\"css\/bootstrap.min.css\">\n\n\n<ul class=\"pagination\">\n\t    \n\t\n\n<li >\n\t<a href='?page_no=21443'>Previous<\/a>\n\t<\/li>\n\n\n       \n    \n\n<li><a href='?page_no=1'>1<\/a><\/li>\n\n\n\n<li><a href='?page_no=2'>2<\/a><\/li>\n\n\n\n<li><a>...<\/a><\/li>\n\n\n\n<li><a href='?page_no=21442'>21442<\/a><\/li>\n\n\n\n<li><a href='?page_no=21443'>21443<\/a><\/li>\n\n\n\n<li class='active'><a>21444<\/a><\/li>\n\n\n\n<li><a href='?page_no=21445'>21445<\/a><\/li>\n\n\n\n<li><a href='?page_no=21446'>21446<\/a><\/li>\n\n\n\n<li><a>...<\/a><\/li>\n\n\n\n<li><a href='?page_no=22522'>22522<\/a><\/li>\n\n\n\n<li><a href='?page_no=22523'>22523<\/a><\/li>\n\n    \n\t\n\n<li >\n\t<a href='?page_no=21445'>Next<\/a>\n\t<\/li>\n\n\n    \n\n<li><a href='?page_no=22523'>Last &rsaquo;&rsaquo;<\/a><\/li>\n\n<\/ul>\n\n\n--><br \/>\n<\/body><\/p>\n","protected":false},"excerpt":{"rendered":"<p>El cantante de Aerosmith tambi\u00e9n va a &#8216;rehab&#8217;&#13; &#13; Steven Tyler, de 60 a\u00f1os, ingres\u00f3 en un centro de desintoxicaci\u00f3n por abuso de \u00absustancias\u00bb &#13; &#13; EFE &#8211; Los \u00c1ngeles &#8211; 22\/05\/2008 &#13; Steven Tyler, l\u00edder de la m\u00edtica banda de rock Aerosmith ha ingresado por su propio pie en una cl\u00ednica de rehabilitaci\u00f3n de [&hellip;]<\/p>\n","protected":false},"author":3,"featured_media":0,"comment_status":"open","ping_status":"open","sticky":false,"template":"","format":"standard","meta":{"footnotes":""},"categories":[25],"tags":[],"class_list":["post-92822","post","type-post","status-publish","format-standard","hentry","category-gente"],"_links":{"self":[{"href":"https:\/\/diariodominicano.com\/index.php?rest_route=\/wp\/v2\/posts\/92822","targetHints":{"allow":["GET"]}}],"collection":[{"href":"https:\/\/diariodominicano.com\/index.php?rest_route=\/wp\/v2\/posts"}],"about":[{"href":"https:\/\/diariodominicano.com\/index.php?rest_route=\/wp\/v2\/types\/post"}],"author":[{"embeddable":true,"href":"https:\/\/diariodominicano.com\/index.php?rest_route=\/wp\/v2\/users\/3"}],"replies":[{"embeddable":true,"href":"https:\/\/diariodominicano.com\/index.php?rest_route=%2Fwp%2Fv2%2Fcomments&post=92822"}],"version-history":[{"count":0,"href":"https:\/\/diariodominicano.com\/index.php?rest_route=\/wp\/v2\/posts\/92822\/revisions"}],"wp:attachment":[{"href":"https:\/\/diariodominicano.com\/index.php?rest_route=%2Fwp%2Fv2%2Fmedia&parent=92822"}],"wp:term":[{"taxonomy":"category","embeddable":true,"href":"https:\/\/diariodominicano.com\/index.php?rest_route=%2Fwp%2Fv2%2Fcategories&post=92822"},{"taxonomy":"post_tag","embeddable":true,"href":"https:\/\/diariodominicano.com\/index.php?rest_route=%2Fwp%2Fv2%2Ftags&post=92822"}],"curies":[{"name":"wp","href":"https:\/\/api.w.org\/{rel}","templated":true}]}}