{"id":92819,"date":"2008-05-23T01:24:29","date_gmt":"2008-05-23T01:24:29","guid":{"rendered":"http:\/\/diariodominicano.ddns.net\/?p=92819"},"modified":"2008-05-23T01:24:29","modified_gmt":"2008-05-23T01:24:29","slug":"especial-de-las-madres-en-programa","status":"publish","type":"post","link":"https:\/\/diariodominicano.com\/?p=92819","title":{"rendered":"Especial de las madres en programa"},"content":{"rendered":"<p><body><\/p>\n<p align=\"center\" class=\"titulogrande1\"><strong>Especial de las  madres en programa \u00abMujeres en Blanco y Negro\u00bb<\/strong> <\/p>\n<p>&#13;<\/p>\n<p align=\"justify\" class=\"text1noticias\"><strong><img loading=\"lazy\" decoding=\"async\" src=\"http:\/\/localhost:8080\/gente\/img\/mujeres.jpg\" width=\"375\" height=\"236\" hspace=\"4\" align=\"left\" \/>Santo Domingo.- <\/strong>Al cumplir seis meses de la salida al aire del  programa <strong><em>\u00abMUJERES EN BLANCO  Y NEGRO<\/em>\u00ab,<\/strong> sus productoras, Lady Reyes y Dilenia Cruzm han  preparado un programa especial para las madres, donde contar\u00e1n con la presencia  de la destacada dama de la sociedad dominicana, Mary P\u00e9rez viuda Marranzini.<\/p>\n<p>&#13;<\/p>\n<p align=\"justify\" class=\"text1noticias\">En este programa, <strong>que saldr\u00e1 al aire el  s\u00e1bado 24 de mayo, por CariVisi\u00f3n, canal 58 de Telecable y 67 de Aster, de 1:00  a 2:00 de la tarde,<\/strong> la presidenta y fundadora de la Asociaci\u00f3n  Dominicana de Rehabilitaci\u00f3n nos contar\u00e1 de su experiencia en el desarrollo del  hermoso proyecto que se ha convertido esta instituci\u00f3n sin fines de lucro,  donde se destaca la dedicaci\u00f3n que do\u00f1a Mary a favor de las personas  discapacitadas.<\/p>\n<p>&#13;<\/p>\n<p align=\"justify\" class=\"text1noticias\">Do\u00f1a Mary P\u00e9rez de Marranzini  es considerada como una figura de \u00e9xito, pues ha sabido ser esposa, madre  modelo y ciudadana ejemplar, manteniendo un v\u00ednculo especial con la  discapacidad y la rehabilitaci\u00f3n, considerada como la figura emblem\u00e1tica en  esta \u00e1rea por todos los dominicanos, pues su trabajo ha traspasado las  fronteras f\u00edsicas y emocionales.<\/p>\n<p>&#13;<\/p>\n<h6> 2008-05-23 01:24:29 <\/h6>\n<p><!--\n<link rel=\"stylesheet\" href=\"css\/bootstrap.min.css\">\n\n\n<ul class=\"pagination\">\n\t    \n\t\n\n<li >\n\t<a href='?page_no=21440'>Previous<\/a>\n\t<\/li>\n\n\n       \n    \n\n<li><a href='?page_no=1'>1<\/a><\/li>\n\n\n\n<li><a href='?page_no=2'>2<\/a><\/li>\n\n\n\n<li><a>...<\/a><\/li>\n\n\n\n<li><a href='?page_no=21439'>21439<\/a><\/li>\n\n\n\n<li><a href='?page_no=21440'>21440<\/a><\/li>\n\n\n\n<li class='active'><a>21441<\/a><\/li>\n\n\n\n<li><a href='?page_no=21442'>21442<\/a><\/li>\n\n\n\n<li><a href='?page_no=21443'>21443<\/a><\/li>\n\n\n\n<li><a>...<\/a><\/li>\n\n\n\n<li><a href='?page_no=22522'>22522<\/a><\/li>\n\n\n\n<li><a href='?page_no=22523'>22523<\/a><\/li>\n\n    \n\t\n\n<li >\n\t<a href='?page_no=21442'>Next<\/a>\n\t<\/li>\n\n\n    \n\n<li><a href='?page_no=22523'>Last &rsaquo;&rsaquo;<\/a><\/li>\n\n<\/ul>\n\n\n--><br \/>\n<\/body><\/p>\n","protected":false},"excerpt":{"rendered":"<p>Especial de las madres en programa \u00abMujeres en Blanco y Negro\u00bb &#13; Santo Domingo.- Al cumplir seis meses de la salida al aire del programa \u00abMUJERES EN BLANCO Y NEGRO\u00ab, sus productoras, Lady Reyes y Dilenia Cruzm han preparado un programa especial para las madres, donde contar\u00e1n con la presencia de la destacada dama de [&hellip;]<\/p>\n","protected":false},"author":3,"featured_media":0,"comment_status":"open","ping_status":"open","sticky":false,"template":"","format":"standard","meta":{"footnotes":""},"categories":[25],"tags":[],"class_list":["post-92819","post","type-post","status-publish","format-standard","hentry","category-gente"],"_links":{"self":[{"href":"https:\/\/diariodominicano.com\/index.php?rest_route=\/wp\/v2\/posts\/92819","targetHints":{"allow":["GET"]}}],"collection":[{"href":"https:\/\/diariodominicano.com\/index.php?rest_route=\/wp\/v2\/posts"}],"about":[{"href":"https:\/\/diariodominicano.com\/index.php?rest_route=\/wp\/v2\/types\/post"}],"author":[{"embeddable":true,"href":"https:\/\/diariodominicano.com\/index.php?rest_route=\/wp\/v2\/users\/3"}],"replies":[{"embeddable":true,"href":"https:\/\/diariodominicano.com\/index.php?rest_route=%2Fwp%2Fv2%2Fcomments&post=92819"}],"version-history":[{"count":0,"href":"https:\/\/diariodominicano.com\/index.php?rest_route=\/wp\/v2\/posts\/92819\/revisions"}],"wp:attachment":[{"href":"https:\/\/diariodominicano.com\/index.php?rest_route=%2Fwp%2Fv2%2Fmedia&parent=92819"}],"wp:term":[{"taxonomy":"category","embeddable":true,"href":"https:\/\/diariodominicano.com\/index.php?rest_route=%2Fwp%2Fv2%2Fcategories&post=92819"},{"taxonomy":"post_tag","embeddable":true,"href":"https:\/\/diariodominicano.com\/index.php?rest_route=%2Fwp%2Fv2%2Ftags&post=92819"}],"curies":[{"name":"wp","href":"https:\/\/api.w.org\/{rel}","templated":true}]}}