{"id":92817,"date":"2008-05-23T17:28:21","date_gmt":"2008-05-23T17:28:21","guid":{"rendered":"http:\/\/diariodominicano.ddns.net\/?p=92817"},"modified":"2008-05-23T17:28:21","modified_gmt":"2008-05-23T17:28:21","slug":"christian-de-rbd-debuta-en-teatro-con-la-obra-avenue-q","status":"publish","type":"post","link":"https:\/\/diariodominicano.com\/?p=92817","title":{"rendered":"Christian de RBD debuta en teatro con la obra Avenue Q"},"content":{"rendered":"<p><body><\/p>\n<p align=\"justify\"><span class=\"titulogrande1\">Christian de RBD debuta en teatro con la obra Avenue Q <\/span><br \/>&#13;<br \/>\n  <br \/>&#13;<br \/>\n    <span class=\"text1noticias\">Dos de sus compa\u00f1eros en la agrupaci\u00f3n, Mayt\u00e9 y Alfonso, y  un productor lo acompa\u00f1aron en su presentaci\u00f3n. <br \/>&#13;<br \/>\n    <br \/>&#13;<br \/>\nEFE <\/span><\/p>\n<p>&#13;<\/p>\n<p align=\"justify\" class=\"text1noticias\"><img loading=\"lazy\" decoding=\"async\" src=\"http:\/\/localhost:8080\/gente\/img\/rebelde.jpg\" width=\"375\" height=\"270\" hspace=\"4\" align=\"left\" \/>El cantante y actor mexicano Christian Ch\u00e1vez, integrante  del grupo RBD, debut\u00f3 en teatro en el musical Avenue Q, donde alterna sus  personajes con su compatriota Luis Gerardo M\u00e9ndez.<br \/>&#13;<br \/>\n  <br \/>&#13;<br \/>\n  Aunque la puesta en escena inici\u00f3 su temporada a finales de  abril pasado, fue hasta anoche cuando Ch\u00e1vez pudo debutar en el musical debido  a sus compromisos de trabajo con el grupo juvenil RBD.<br \/>&#13;<br \/>\n  <br \/>&#13;<br \/>\n  A la presentaci\u00f3n de Christian asistieron algunos de los  integrantes de la banda de RBD, como Mayt\u00e9 Perroni y Alfonso Herrera, as\u00ed como  el productor del grupo Pedro Dami\u00e1n.<br \/>&#13;<br \/>\n  <br \/>&#13;<br \/>\n  Avenue Q, dirigida por el mexicano Felipe Fern\u00e1ndez del  Paso, candidato al \u00d3scar por mejor dise\u00f1o de arte de la pel\u00edcula Frida, consta  de dos actos y la historia se ubica en una calle de Nueva York.<br \/>&#13;<br \/>\n  <br \/>&#13;<br \/>\n  En esta obra un joven so\u00f1ador y poco dinero encuentra un  lugar para vivir en la Avenue Q, donde conoce a sus vecinos: un c\u00f3mico  frustrado, una sic\u00f3loga sin trabajo, un homosexual, una cabaretera seductora,  un adicto a la pornograf\u00eda y a una maestra.<br \/>&#13;<br \/>\n  <br \/>&#13;<br \/>\n  Christian Ch\u00e1vez da vida a dos personajes, Eugenio y Rodri.<br \/>&#13;<br \/>\n  <br \/>&#13;<br \/>\n  EFE<\/p>\n<p>&#13;<\/p>\n<h6> 2008-05-23 17:28:21 <\/h6>\n<p><!--\n<link rel=\"stylesheet\" href=\"css\/bootstrap.min.css\">\n\n\n<ul class=\"pagination\">\n\t    \n\t\n\n<li >\n\t<a href='?page_no=21438'>Previous<\/a>\n\t<\/li>\n\n\n       \n    \n\n<li><a href='?page_no=1'>1<\/a><\/li>\n\n\n\n<li><a href='?page_no=2'>2<\/a><\/li>\n\n\n\n<li><a>...<\/a><\/li>\n\n\n\n<li><a href='?page_no=21437'>21437<\/a><\/li>\n\n\n\n<li><a href='?page_no=21438'>21438<\/a><\/li>\n\n\n\n<li class='active'><a>21439<\/a><\/li>\n\n\n\n<li><a href='?page_no=21440'>21440<\/a><\/li>\n\n\n\n<li><a href='?page_no=21441'>21441<\/a><\/li>\n\n\n\n<li><a>...<\/a><\/li>\n\n\n\n<li><a href='?page_no=22522'>22522<\/a><\/li>\n\n\n\n<li><a href='?page_no=22523'>22523<\/a><\/li>\n\n    \n\t\n\n<li >\n\t<a href='?page_no=21440'>Next<\/a>\n\t<\/li>\n\n\n    \n\n<li><a href='?page_no=22523'>Last &rsaquo;&rsaquo;<\/a><\/li>\n\n<\/ul>\n\n\n--><br \/>\n<\/body><\/p>\n","protected":false},"excerpt":{"rendered":"<p>Christian de RBD debuta en teatro con la obra Avenue Q &#13; &#13; Dos de sus compa\u00f1eros en la agrupaci\u00f3n, Mayt\u00e9 y Alfonso, y un productor lo acompa\u00f1aron en su presentaci\u00f3n. &#13; &#13; EFE &#13; El cantante y actor mexicano Christian Ch\u00e1vez, integrante del grupo RBD, debut\u00f3 en teatro en el musical Avenue Q, donde [&hellip;]<\/p>\n","protected":false},"author":3,"featured_media":0,"comment_status":"open","ping_status":"open","sticky":false,"template":"","format":"standard","meta":{"footnotes":""},"categories":[25],"tags":[],"class_list":["post-92817","post","type-post","status-publish","format-standard","hentry","category-gente"],"_links":{"self":[{"href":"https:\/\/diariodominicano.com\/index.php?rest_route=\/wp\/v2\/posts\/92817","targetHints":{"allow":["GET"]}}],"collection":[{"href":"https:\/\/diariodominicano.com\/index.php?rest_route=\/wp\/v2\/posts"}],"about":[{"href":"https:\/\/diariodominicano.com\/index.php?rest_route=\/wp\/v2\/types\/post"}],"author":[{"embeddable":true,"href":"https:\/\/diariodominicano.com\/index.php?rest_route=\/wp\/v2\/users\/3"}],"replies":[{"embeddable":true,"href":"https:\/\/diariodominicano.com\/index.php?rest_route=%2Fwp%2Fv2%2Fcomments&post=92817"}],"version-history":[{"count":0,"href":"https:\/\/diariodominicano.com\/index.php?rest_route=\/wp\/v2\/posts\/92817\/revisions"}],"wp:attachment":[{"href":"https:\/\/diariodominicano.com\/index.php?rest_route=%2Fwp%2Fv2%2Fmedia&parent=92817"}],"wp:term":[{"taxonomy":"category","embeddable":true,"href":"https:\/\/diariodominicano.com\/index.php?rest_route=%2Fwp%2Fv2%2Fcategories&post=92817"},{"taxonomy":"post_tag","embeddable":true,"href":"https:\/\/diariodominicano.com\/index.php?rest_route=%2Fwp%2Fv2%2Ftags&post=92817"}],"curies":[{"name":"wp","href":"https:\/\/api.w.org\/{rel}","templated":true}]}}