{"id":92815,"date":"2008-05-23T17:34:00","date_gmt":"2008-05-23T17:34:00","guid":{"rendered":"http:\/\/diariodominicano.ddns.net\/?p=92815"},"modified":"2008-05-23T17:34:00","modified_gmt":"2008-05-23T17:34:00","slug":"todo-listo-para-los-mtv-movie-awards-2008","status":"publish","type":"post","link":"https:\/\/diariodominicano.com\/?p=92815","title":{"rendered":"Todo listo para los MTV Movie Awards 2008"},"content":{"rendered":"<p><body><\/p>\n<p align=\"justify\"><span class=\"titulogrande1\">Todo listo para los MTV Movie Awards 2008 <\/span><br \/>&#13;<br \/>\n  <br \/>&#13;<br \/>\n    <span class=\"text1noticias\">La ceremonia se llevar\u00e1 a cabo el 1 de junio desde el  Anfiteatro Gibson en Universal City. <\/span><\/p>\n<p>&#13;<\/p>\n<p align=\"justify\" class=\"text1noticias\"><img loading=\"lazy\" decoding=\"async\" src=\"http:\/\/localhost:8080\/gente\/img\/mtv.jpg\" width=\"375\" height=\"270\" hspace=\"4\" align=\"left\" \/>La cadena MTV est\u00e1 lista para desenrollar la alfombra  dorada, y recibir a decenas de estrellas del cine durante la premiaci\u00f3n de los MTV  Movie Awards 2008.<br \/>&#13;<br \/>\n  <br \/>&#13;<br \/>\n  Sarah Jessica Parker, Ben Stiller, Will Ferrell, Edward  Norton y Liv Tyler ser\u00e1n algunos de los presentadores durante la ceremonia que  se celebrar\u00e1 el 1 de junio.<br \/>&#13;<br \/>\n  <br \/>&#13;<br \/>\n  Este grupo de celebridades se une a otros presentadores ya  anunciados, como Lindsay Lohan, Steve Carell, Jack Black, Robert Downey Jr.,  Mark Wahlberg, Seth Rogen y Megan Fox, entre otros.<br \/>&#13;<br \/>\n  <br \/>&#13;<br \/>\n  El p\u00fablico puede escoger las pel\u00edculas y los actores que se  llevar\u00e1n el trofeo de oro en forma de bolsa de palomitas, mediante votaci\u00f3n por  internet.<br \/>&#13;<br \/>\n  <br \/>&#13;<br \/>\n  Superbad encabeza las nominaciones con cinco, seguida por  Juno, con cuatro.<br \/>&#13;<br \/>\n  <br \/>&#13;<br \/>\n  Otros m\u00faltiples nominados incluyen a Encantada, Ligeramente  embarazada, Transformers y Piratas del Caribe: El fin del mundo.<br \/>&#13;<br \/>\n  <br \/>&#13;<br \/>\n  Los seguidores tendr\u00e1n hasta el viernes para emitir sus  votos. Mike Myers ser\u00e1 el anfitri\u00f3n del evento, que se transmitir\u00e1 en vivo  desde el Anfiteatro Gibson en Universal City.<br \/>&#13;<br \/>\n  <br \/>&#13;<br \/>\n  Fuente: La Tercera de Chile<\/p>\n<p>&#13;<\/p>\n<h6> 2008-05-23 17:34:00 <\/h6>\n<p><!--\n<link rel=\"stylesheet\" href=\"css\/bootstrap.min.css\">\n\n\n<ul class=\"pagination\">\n\t    \n\t\n\n<li >\n\t<a href='?page_no=21436'>Previous<\/a>\n\t<\/li>\n\n\n       \n    \n\n<li><a href='?page_no=1'>1<\/a><\/li>\n\n\n\n<li><a href='?page_no=2'>2<\/a><\/li>\n\n\n\n<li><a>...<\/a><\/li>\n\n\n\n<li><a href='?page_no=21435'>21435<\/a><\/li>\n\n\n\n<li><a href='?page_no=21436'>21436<\/a><\/li>\n\n\n\n<li class='active'><a>21437<\/a><\/li>\n\n\n\n<li><a href='?page_no=21438'>21438<\/a><\/li>\n\n\n\n<li><a href='?page_no=21439'>21439<\/a><\/li>\n\n\n\n<li><a>...<\/a><\/li>\n\n\n\n<li><a href='?page_no=22522'>22522<\/a><\/li>\n\n\n\n<li><a href='?page_no=22523'>22523<\/a><\/li>\n\n    \n\t\n\n<li >\n\t<a href='?page_no=21438'>Next<\/a>\n\t<\/li>\n\n\n    \n\n<li><a href='?page_no=22523'>Last &rsaquo;&rsaquo;<\/a><\/li>\n\n<\/ul>\n\n\n--><br \/>\n<\/body><\/p>\n","protected":false},"excerpt":{"rendered":"<p>Todo listo para los MTV Movie Awards 2008 &#13; &#13; La ceremonia se llevar\u00e1 a cabo el 1 de junio desde el Anfiteatro Gibson en Universal City. &#13; La cadena MTV est\u00e1 lista para desenrollar la alfombra dorada, y recibir a decenas de estrellas del cine durante la premiaci\u00f3n de los MTV Movie Awards 2008.&#13; [&hellip;]<\/p>\n","protected":false},"author":3,"featured_media":0,"comment_status":"open","ping_status":"open","sticky":false,"template":"","format":"standard","meta":{"footnotes":""},"categories":[25],"tags":[],"class_list":["post-92815","post","type-post","status-publish","format-standard","hentry","category-gente"],"_links":{"self":[{"href":"https:\/\/diariodominicano.com\/index.php?rest_route=\/wp\/v2\/posts\/92815","targetHints":{"allow":["GET"]}}],"collection":[{"href":"https:\/\/diariodominicano.com\/index.php?rest_route=\/wp\/v2\/posts"}],"about":[{"href":"https:\/\/diariodominicano.com\/index.php?rest_route=\/wp\/v2\/types\/post"}],"author":[{"embeddable":true,"href":"https:\/\/diariodominicano.com\/index.php?rest_route=\/wp\/v2\/users\/3"}],"replies":[{"embeddable":true,"href":"https:\/\/diariodominicano.com\/index.php?rest_route=%2Fwp%2Fv2%2Fcomments&post=92815"}],"version-history":[{"count":0,"href":"https:\/\/diariodominicano.com\/index.php?rest_route=\/wp\/v2\/posts\/92815\/revisions"}],"wp:attachment":[{"href":"https:\/\/diariodominicano.com\/index.php?rest_route=%2Fwp%2Fv2%2Fmedia&parent=92815"}],"wp:term":[{"taxonomy":"category","embeddable":true,"href":"https:\/\/diariodominicano.com\/index.php?rest_route=%2Fwp%2Fv2%2Fcategories&post=92815"},{"taxonomy":"post_tag","embeddable":true,"href":"https:\/\/diariodominicano.com\/index.php?rest_route=%2Fwp%2Fv2%2Ftags&post=92815"}],"curies":[{"name":"wp","href":"https:\/\/api.w.org\/{rel}","templated":true}]}}