{"id":92814,"date":"2008-05-23T20:33:08","date_gmt":"2008-05-23T20:33:08","guid":{"rendered":"http:\/\/diariodominicano.ddns.net\/?p=92814"},"modified":"2008-05-23T20:33:08","modified_gmt":"2008-05-23T20:33:08","slug":"wason-un-fenomeno-musical-que-llega-a-estados-unidos","status":"publish","type":"post","link":"https:\/\/diariodominicano.com\/?p=92814","title":{"rendered":"Wason un fen\u00f3meno musical que llega a Estados Unidos"},"content":{"rendered":"<p><body><\/p>\n<p align=\"justify\"><span class=\"titulogrande1\">Wason un fen\u00f3meno musical que llega a Estados Unidos<br \/>&#13;<br \/>\n<\/span><br \/>&#13;<br \/>\n    <strong>El popular  cantautor dominicano comienza este fin de semana una gira que lo lleva por ciudades del noroeste del pa\u00eds y el sur de la Florida<\/strong><br \/>&#13;<br \/>\n      <br \/>&#13;<br \/>\n  <strong>Presenta su  nuevo sencillo \u201cSe muri\u00f3 de pena\u201d del disco \u201cArmadura de Rosas\u201d, su esperado debut como solista<\/strong><br \/>&#13;<br \/>\n    <br \/>&#13;<br \/>\n  <strong>El \u00e1lbum es  un lanzamiento de Premium Latin Music<\/strong><br \/>&#13;<br \/>\n  <br \/>&#13;<br \/>\n  <span class=\"text1noticias\"><strong><img loading=\"lazy\" decoding=\"async\" src=\"http:\/\/localhost:8080\/gente\/img\/waso.jpg\" width=\"375\" height=\"251\" hspace=\"4\" align=\"left\" \/>Miami, FL, 23 de  mayo del 2008.-<\/strong> <strong>Wason<\/strong> lleg\u00f3 hoy a  los Estados Unidos y el p\u00fablico de este pa\u00eds podr\u00e1 conocer m\u00e1s de este  cantautor que promete ocupar el lugar donde s\u00f3lo los grandes han llegado. El  artista dominicano comienza esta tarde una gira que lo llevar\u00e1 por el noreste  del pa\u00eds y continuar\u00e1 en el sur de la Florida.<br \/>&#13;<br \/>\n  <br \/>&#13;<br \/>\n  Su manera de  componer e interpretar lo ha hecho especial. Wason es uno de esos artistas que  encantan desde la primera palabra, por lo que dice y c\u00f3mo lo dice.<br \/>&#13;<br \/>\n  <br \/>&#13;<br \/>\n  \u201c<em>Y se muri\u00f3 de pena la paloma que en el  parque se paraba a vernos compartir, a vernos sonre\u00edr \/ Y se me puso vaga la  sonrisa y unos besos se oxidaron, porque eran para ti y yo no te los di<\/em>\u201d,  dice el estribillo de \u201cSe muri\u00f3 de pena\u201d, el tercer sencillo de su disco  \u201cArmadura de Rosas\u201d, el primer disco como solista.<br \/>&#13;<br \/>\n  <br \/>&#13;<br \/>\n  En los pr\u00f3ximos d\u00edas  podremos escucharlo en vivo, tanto en la radio como en la televisi\u00f3n. La gira  comienza este domingo 25 de mayo con una actuaci\u00f3n en vivo en el Festival de la  Radio Hola de Pennsylvania y continuar\u00e1 durante la pr\u00f3xima semana en ciudades  de los estados de Nueva York, Rhode Island, Connecticut y Massachusetts.<br \/>&#13;<br \/>\n  <br \/>&#13;<br \/>\n  Luego, arribar\u00e1 a  Miami para participar de entrevistas radiales, programas de televisi\u00f3n,  Internet y entrevistarse con la prensa internacional.<br \/>&#13;<br \/>\n  <br \/>&#13;<br \/>\nEl talento de Wason  brilla tanto para la composici\u00f3n (artista exclusivo de Premium Latin Publishing  donde cuenta con medio centenar de \u00e9xitos registrados en ASCAP), como al  interpretar sus canciones. Su estilo apasionado y moderno llev\u00f3 al grupo <strong>Negros<\/strong>, del que form\u00f3 parte esencial, a  romper las estructuras de los grupos pop en su natal Rep\u00fablica Dominicana.<\/span><\/p>\n<p>&#13;<\/p>\n<p align=\"justify\" class=\"text1noticias\">Su debut como  solista no pasa desapercibido, ya que su trabajo marca una nueva tendencia en  el pop latino. Wason escribe y canta con el coraz\u00f3n.<br \/>&#13;<br \/>\n  <br \/>&#13;<br \/>\n  Su nuevo disco es un  lanzamiento de Premium Latin Music.<\/p>\n<p>&#13;<\/p>\n<h6> 2008-05-23 20:33:08 <\/h6>\n<p><!--\n<link rel=\"stylesheet\" href=\"css\/bootstrap.min.css\">\n\n\n<ul class=\"pagination\">\n\t    \n\t\n\n<li >\n\t<a href='?page_no=21435'>Previous<\/a>\n\t<\/li>\n\n\n       \n    \n\n<li><a href='?page_no=1'>1<\/a><\/li>\n\n\n\n<li><a href='?page_no=2'>2<\/a><\/li>\n\n\n\n<li><a>...<\/a><\/li>\n\n\n\n<li><a href='?page_no=21434'>21434<\/a><\/li>\n\n\n\n<li><a href='?page_no=21435'>21435<\/a><\/li>\n\n\n\n<li class='active'><a>21436<\/a><\/li>\n\n\n\n<li><a href='?page_no=21437'>21437<\/a><\/li>\n\n\n\n<li><a href='?page_no=21438'>21438<\/a><\/li>\n\n\n\n<li><a>...<\/a><\/li>\n\n\n\n<li><a href='?page_no=22522'>22522<\/a><\/li>\n\n\n\n<li><a href='?page_no=22523'>22523<\/a><\/li>\n\n    \n\t\n\n<li >\n\t<a href='?page_no=21437'>Next<\/a>\n\t<\/li>\n\n\n    \n\n<li><a href='?page_no=22523'>Last &rsaquo;&rsaquo;<\/a><\/li>\n\n<\/ul>\n\n\n--><br \/>\n<\/body><\/p>\n","protected":false},"excerpt":{"rendered":"<p>Wason un fen\u00f3meno musical que llega a Estados Unidos&#13; &#13; El popular cantautor dominicano comienza este fin de semana una gira que lo lleva por ciudades del noroeste del pa\u00eds y el sur de la Florida&#13; &#13; Presenta su nuevo sencillo \u201cSe muri\u00f3 de pena\u201d del disco \u201cArmadura de Rosas\u201d, su esperado debut como solista&#13; [&hellip;]<\/p>\n","protected":false},"author":3,"featured_media":0,"comment_status":"open","ping_status":"open","sticky":false,"template":"","format":"standard","meta":{"footnotes":""},"categories":[25],"tags":[],"class_list":["post-92814","post","type-post","status-publish","format-standard","hentry","category-gente"],"_links":{"self":[{"href":"https:\/\/diariodominicano.com\/index.php?rest_route=\/wp\/v2\/posts\/92814","targetHints":{"allow":["GET"]}}],"collection":[{"href":"https:\/\/diariodominicano.com\/index.php?rest_route=\/wp\/v2\/posts"}],"about":[{"href":"https:\/\/diariodominicano.com\/index.php?rest_route=\/wp\/v2\/types\/post"}],"author":[{"embeddable":true,"href":"https:\/\/diariodominicano.com\/index.php?rest_route=\/wp\/v2\/users\/3"}],"replies":[{"embeddable":true,"href":"https:\/\/diariodominicano.com\/index.php?rest_route=%2Fwp%2Fv2%2Fcomments&post=92814"}],"version-history":[{"count":0,"href":"https:\/\/diariodominicano.com\/index.php?rest_route=\/wp\/v2\/posts\/92814\/revisions"}],"wp:attachment":[{"href":"https:\/\/diariodominicano.com\/index.php?rest_route=%2Fwp%2Fv2%2Fmedia&parent=92814"}],"wp:term":[{"taxonomy":"category","embeddable":true,"href":"https:\/\/diariodominicano.com\/index.php?rest_route=%2Fwp%2Fv2%2Fcategories&post=92814"},{"taxonomy":"post_tag","embeddable":true,"href":"https:\/\/diariodominicano.com\/index.php?rest_route=%2Fwp%2Fv2%2Ftags&post=92814"}],"curies":[{"name":"wp","href":"https:\/\/api.w.org\/{rel}","templated":true}]}}