{"id":92813,"date":"2008-05-23T22:58:16","date_gmt":"2008-05-23T22:58:16","guid":{"rendered":"http:\/\/diariodominicano.ddns.net\/?p=92813"},"modified":"2008-05-23T22:58:16","modified_gmt":"2008-05-23T22:58:16","slug":"fiscalia-mantendra-acusacion-contra-omega","status":"publish","type":"post","link":"https:\/\/diariodominicano.com\/?p=92813","title":{"rendered":"Fiscal\u00eda mantendr\u00e1 acusaci\u00f3n contra Omega"},"content":{"rendered":"<p><body><\/p>\n<p class=\"titulogrande1\">Fiscal\u00eda  mantendr\u00e1 acusaci\u00f3n contra Omega<\/p>\n<p>&#13;<\/p>\n<p align=\"justify\" class=\"text1noticias\"><strong>SANTO DOMINGO.-<\/strong> La Fiscal\u00eda del Distrito  Nacional decidi\u00f3 mantener la acusaci\u00f3n contra Omega, cantor de \u00a0merengue de calle,\u00a0 a pesar de que su esposa retir\u00f3 la denuncia por  agresi\u00f3n, luego que fuera condenado a tres meses de prisi\u00f3n preventiva.<\/p>\n<p>&#13;<\/p>\n<p align=\"justify\" class=\"text1noticias\">El Departamento de Violencia Intrafamiliar de  la Fiscal\u00eda dijo que aunque se haya retirado la denuncia se proseguir\u00e1 con la  medida, ya que existen pruebas suficientes para continuar con el proceso.<\/p>\n<p>&#13;<\/p>\n<p align=\"justify\" class=\"text1noticias\">Raysa Moya, ex pareja del  cantante, aunque desisti\u00f3 de la denuncia, a\u00fan no ha presentado por escrito el  retiro de la acusaci\u00f3n de la querella, establecido el C\u00f3digo Procesal Penal.<\/p>\n<p>&#13;<\/p>\n<p align=\"justify\" class=\"text1noticias\">El juez Jos\u00e9 Alejandro Vargas  fue quien impuso el pasado martes la medida de coerci\u00f3n en contra de Omega, el  cual deber\u00e1 cumplirla en la c\u00e1rcel de Najayo. Sin embargo, todav\u00eda el  int\u00e9rprete pasada las 2:00 de la tarde permanec\u00eda en la c\u00e1rcel preventiva del  Palacio de Justicia de Ciudad Nueva.<\/p>\n<p>&#13;<\/p>\n<h6> 2008-05-23 22:58:16 <\/h6>\n<p><!--\n<link rel=\"stylesheet\" href=\"css\/bootstrap.min.css\">\n\n\n<ul class=\"pagination\">\n\t    \n\t\n\n<li >\n\t<a href='?page_no=21434'>Previous<\/a>\n\t<\/li>\n\n\n       \n    \n\n<li><a href='?page_no=1'>1<\/a><\/li>\n\n\n\n<li><a href='?page_no=2'>2<\/a><\/li>\n\n\n\n<li><a>...<\/a><\/li>\n\n\n\n<li><a href='?page_no=21433'>21433<\/a><\/li>\n\n\n\n<li><a href='?page_no=21434'>21434<\/a><\/li>\n\n\n\n<li class='active'><a>21435<\/a><\/li>\n\n\n\n<li><a href='?page_no=21436'>21436<\/a><\/li>\n\n\n\n<li><a href='?page_no=21437'>21437<\/a><\/li>\n\n\n\n<li><a>...<\/a><\/li>\n\n\n\n<li><a href='?page_no=22522'>22522<\/a><\/li>\n\n\n\n<li><a href='?page_no=22523'>22523<\/a><\/li>\n\n    \n\t\n\n<li >\n\t<a href='?page_no=21436'>Next<\/a>\n\t<\/li>\n\n\n    \n\n<li><a href='?page_no=22523'>Last &rsaquo;&rsaquo;<\/a><\/li>\n\n<\/ul>\n\n\n--><br \/>\n<\/body><\/p>\n","protected":false},"excerpt":{"rendered":"<p>Fiscal\u00eda mantendr\u00e1 acusaci\u00f3n contra Omega &#13; SANTO DOMINGO.- La Fiscal\u00eda del Distrito Nacional decidi\u00f3 mantener la acusaci\u00f3n contra Omega, cantor de \u00a0merengue de calle,\u00a0 a pesar de que su esposa retir\u00f3 la denuncia por agresi\u00f3n, luego que fuera condenado a tres meses de prisi\u00f3n preventiva. &#13; El Departamento de Violencia Intrafamiliar de la Fiscal\u00eda dijo [&hellip;]<\/p>\n","protected":false},"author":3,"featured_media":0,"comment_status":"open","ping_status":"open","sticky":false,"template":"","format":"standard","meta":{"footnotes":""},"categories":[25],"tags":[],"class_list":["post-92813","post","type-post","status-publish","format-standard","hentry","category-gente"],"_links":{"self":[{"href":"https:\/\/diariodominicano.com\/index.php?rest_route=\/wp\/v2\/posts\/92813","targetHints":{"allow":["GET"]}}],"collection":[{"href":"https:\/\/diariodominicano.com\/index.php?rest_route=\/wp\/v2\/posts"}],"about":[{"href":"https:\/\/diariodominicano.com\/index.php?rest_route=\/wp\/v2\/types\/post"}],"author":[{"embeddable":true,"href":"https:\/\/diariodominicano.com\/index.php?rest_route=\/wp\/v2\/users\/3"}],"replies":[{"embeddable":true,"href":"https:\/\/diariodominicano.com\/index.php?rest_route=%2Fwp%2Fv2%2Fcomments&post=92813"}],"version-history":[{"count":0,"href":"https:\/\/diariodominicano.com\/index.php?rest_route=\/wp\/v2\/posts\/92813\/revisions"}],"wp:attachment":[{"href":"https:\/\/diariodominicano.com\/index.php?rest_route=%2Fwp%2Fv2%2Fmedia&parent=92813"}],"wp:term":[{"taxonomy":"category","embeddable":true,"href":"https:\/\/diariodominicano.com\/index.php?rest_route=%2Fwp%2Fv2%2Fcategories&post=92813"},{"taxonomy":"post_tag","embeddable":true,"href":"https:\/\/diariodominicano.com\/index.php?rest_route=%2Fwp%2Fv2%2Ftags&post=92813"}],"curies":[{"name":"wp","href":"https:\/\/api.w.org\/{rel}","templated":true}]}}