{"id":92811,"date":"2008-05-26T01:15:41","date_gmt":"2008-05-26T01:15:41","guid":{"rendered":"http:\/\/diariodominicano.ddns.net\/?p=92811"},"modified":"2008-05-26T01:15:41","modified_gmt":"2008-05-26T01:15:41","slug":"placido-domingo-se-presenta-el-20-de-junio-en-altos-de-chavon","status":"publish","type":"post","link":"https:\/\/diariodominicano.com\/?p=92811","title":{"rendered":"Pl\u00e1cido Domingo se presenta el 20 de Junio en Altos de Chav\u00f3n"},"content":{"rendered":"<p><body><\/p>\n<p align=\"center\" class=\"titulogrande1\"><strong>Pl\u00e1cido Domingo se presenta el  20 de Junio en Altos de Chav\u00f3n<\/strong><\/p>\n<p>&#13;<\/p>\n<p align=\"center\"><strong>Incluir\u00e1 canciones dominicanas  en su presentaci\u00f3n<\/strong><\/p>\n<p>&#13;<\/p>\n<p align=\"justify\" class=\"text1noticias\"><strong><img loading=\"lazy\" decoding=\"async\" src=\"http:\/\/localhost:8080\/gente\/img\/placido.jpg\" width=\"375\" height=\"710\" hspace=\"4\" align=\"left\" \/>Santo Domingo,  Rep\u00fablica Dominicana.- <\/strong>Autos &amp; Medios confirma la presentaci\u00f3n del primer  tenor del mundo, Pl\u00e1cido Domingo, en Rep\u00fablica Dominicana, el cual llega el 20  de junio al anfiteatro de Altos de Chav\u00f3n, cargado de sus emblem\u00e1ticas  composiciones.<\/p>\n<p>&#13;<\/p>\n<p align=\"justify\" class=\"text1noticias\">La compa\u00f1\u00eda que  tiene a su cargo la actuaci\u00f3n del artista, inform\u00f3 que su presentaci\u00f3n en  dominicana es la \u00fanica parada que har\u00e1 el espa\u00f1ol en Latinoam\u00e9rica durante su  actual tour.<\/p>\n<p>&#13;<\/p>\n<p align=\"justify\" class=\"text1noticias\">\u00abEstuvimos  detr\u00e1s del artista por mucho tiempo para que abriera un espacio en su agenda de  presentaciones ya que estaba completa hasta que finalmente logramos conseguir  el 20 de junio para traerlo\u00bb, dijeron los organizadores.<\/p>\n<p>&#13;<\/p>\n<p align=\"justify\" class=\"text1noticias\">Considerado por los  libros de records como el artista m\u00e1s aplaudido de todo el mundo y por la BBC  Music Magazine como el m\u00e1s grande tenor de todos los tiempos, su espect\u00e1culo  \u00abPasi\u00f3n Espa\u00f1ola\u00bb reunir\u00e1 casi 60 m\u00fasicos en escena.<\/p>\n<p>&#13;<\/p>\n<p align=\"justify\" class=\"text1noticias\">\u00abPasi\u00f3n  Espa\u00f1ola\u00bb, es como ha titulado su m\u00e1s reciente trabajo discogr\u00e1fico y  consiste en una selecci\u00f3n personal de las coplas espa\u00f1olas con las que el  artista creci\u00f3 en madrid.<\/p>\n<p>&#13;<\/p>\n<p align=\"justify\" class=\"text1noticias\">La orquesta que lo  acompa\u00f1ar\u00e1 la noche del 20 de junio en la Romana, estar\u00e1 compuesta por m\u00fasicos  de la orquesta sinf\u00f3nica Nacional y de Puerto Rico, en un espect\u00e1culo que  promete ser memorable.<\/p>\n<p>&#13;<\/p>\n<p align=\"justify\" class=\"text1noticias\">Los organizadores  preparan junto con el equipo art\u00edstico del tenor madrile\u00f1o, incluir canciones  dominicanas para que sean interpretadas por el artista la noche del concierto  como forma de rendir tributo a la cultura dominicana.<\/p>\n<p>&#13;<\/p>\n<p align=\"justify\" class=\"text1noticias\">Para muchos el  concierto que dar\u00e1 Pl\u00e1cido Domingo en Altos de Chav\u00f3n, es lo m\u00e1s grande que ha  tenido lugar sobre las piedras del referido anfiteatro, luego que Frank Sinatra  y Carlos Santana lo inauguraran en 1981.<\/p>\n<p>&#13;<\/p>\n<p align=\"justify\" class=\"text1noticias\">Con \u00e9sta ser\u00eda la segunda vez que el tenor pisa  suelo dominicano. La primera ocasi\u00f3n fue en el 2002 cuando se present\u00f3 en el  Teatro Nacional de Santo Domingo.<\/p>\n<p>&#13;<\/p>\n<h6> 2008-05-26 01:15:41 <\/h6>\n<p><!--\n<link rel=\"stylesheet\" href=\"css\/bootstrap.min.css\">\n\n\n<ul class=\"pagination\">\n\t    \n\t\n\n<li >\n\t<a href='?page_no=21432'>Previous<\/a>\n\t<\/li>\n\n\n       \n    \n\n<li><a href='?page_no=1'>1<\/a><\/li>\n\n\n\n<li><a href='?page_no=2'>2<\/a><\/li>\n\n\n\n<li><a>...<\/a><\/li>\n\n\n\n<li><a href='?page_no=21431'>21431<\/a><\/li>\n\n\n\n<li><a href='?page_no=21432'>21432<\/a><\/li>\n\n\n\n<li class='active'><a>21433<\/a><\/li>\n\n\n\n<li><a href='?page_no=21434'>21434<\/a><\/li>\n\n\n\n<li><a href='?page_no=21435'>21435<\/a><\/li>\n\n\n\n<li><a>...<\/a><\/li>\n\n\n\n<li><a href='?page_no=22522'>22522<\/a><\/li>\n\n\n\n<li><a href='?page_no=22523'>22523<\/a><\/li>\n\n    \n\t\n\n<li >\n\t<a href='?page_no=21434'>Next<\/a>\n\t<\/li>\n\n\n    \n\n<li><a href='?page_no=22523'>Last &rsaquo;&rsaquo;<\/a><\/li>\n\n<\/ul>\n\n\n--><br \/>\n<\/body><\/p>\n","protected":false},"excerpt":{"rendered":"<p>Pl\u00e1cido Domingo se presenta el 20 de Junio en Altos de Chav\u00f3n &#13; Incluir\u00e1 canciones dominicanas en su presentaci\u00f3n &#13; Santo Domingo, Rep\u00fablica Dominicana.- Autos &amp; Medios confirma la presentaci\u00f3n del primer tenor del mundo, Pl\u00e1cido Domingo, en Rep\u00fablica Dominicana, el cual llega el 20 de junio al anfiteatro de Altos de Chav\u00f3n, cargado de [&hellip;]<\/p>\n","protected":false},"author":3,"featured_media":0,"comment_status":"open","ping_status":"open","sticky":false,"template":"","format":"standard","meta":{"footnotes":""},"categories":[25],"tags":[],"class_list":["post-92811","post","type-post","status-publish","format-standard","hentry","category-gente"],"_links":{"self":[{"href":"https:\/\/diariodominicano.com\/index.php?rest_route=\/wp\/v2\/posts\/92811","targetHints":{"allow":["GET"]}}],"collection":[{"href":"https:\/\/diariodominicano.com\/index.php?rest_route=\/wp\/v2\/posts"}],"about":[{"href":"https:\/\/diariodominicano.com\/index.php?rest_route=\/wp\/v2\/types\/post"}],"author":[{"embeddable":true,"href":"https:\/\/diariodominicano.com\/index.php?rest_route=\/wp\/v2\/users\/3"}],"replies":[{"embeddable":true,"href":"https:\/\/diariodominicano.com\/index.php?rest_route=%2Fwp%2Fv2%2Fcomments&post=92811"}],"version-history":[{"count":0,"href":"https:\/\/diariodominicano.com\/index.php?rest_route=\/wp\/v2\/posts\/92811\/revisions"}],"wp:attachment":[{"href":"https:\/\/diariodominicano.com\/index.php?rest_route=%2Fwp%2Fv2%2Fmedia&parent=92811"}],"wp:term":[{"taxonomy":"category","embeddable":true,"href":"https:\/\/diariodominicano.com\/index.php?rest_route=%2Fwp%2Fv2%2Fcategories&post=92811"},{"taxonomy":"post_tag","embeddable":true,"href":"https:\/\/diariodominicano.com\/index.php?rest_route=%2Fwp%2Fv2%2Ftags&post=92811"}],"curies":[{"name":"wp","href":"https:\/\/api.w.org\/{rel}","templated":true}]}}