{"id":92810,"date":"2008-05-26T01:18:20","date_gmt":"2008-05-26T01:18:20","guid":{"rendered":"http:\/\/diariodominicano.ddns.net\/?p=92810"},"modified":"2008-05-26T01:18:20","modified_gmt":"2008-05-26T01:18:20","slug":"un-actor-de-harry-potter-muere-apunalado-en-un-bar-londinense","status":"publish","type":"post","link":"https:\/\/diariodominicano.com\/?p=92810","title":{"rendered":"Un actor de Harry Potter muere apu\u00f1alado en un bar londinense"},"content":{"rendered":"<p><body><\/p>\n<p align=\"justify\"><strong class=\"titulogrande1\">Un actor de Harry Potter muere apu\u00f1alado en un bar londinense<\/strong><br \/>&#13;<br \/>\n  <br \/>&#13;<br \/>\n    <span class=\"text1noticias\">Robert Knox, de 18 a\u00f1os, ten\u00eda un peque\u00f1o papel en la nueva pel\u00edcula de la  saga del mago adolescente <br \/>&#13;<br \/>\n    <br \/>&#13;<br \/>\n    <strong>AGENCIAS<\/strong> &#8211; Londres &#8211; 25\/05\/2008 <\/span><\/p>\n<p>&#13;<\/p>\n<p align=\"justify\" class=\"text1noticias\"><img loading=\"lazy\" decoding=\"async\" src=\"http:\/\/localhost:8080\/gente\/img\/poter.jpg\" width=\"375\" height=\"375\" hspace=\"4\" align=\"left\" \/>Robert Knox, actor de 18 a\u00f1os que  ha participado en la nueva pel\u00edcula de la saga de Harry Potter (<em>Harry Potter  y el Pr\u00edncipe Mestizo<\/em>) ha sido asesinado en la puerta de un bar de Londres  cuando acudi\u00f3 a defender a su hermano peque\u00f1o.<\/p>\n<p>&#13;<\/p>\n<p align=\"justify\" class=\"text1noticias\">El agresor, de 21 a\u00f1os, se  present\u00f3 en la puerta del bar blandiendo dos cuchillos de cocina, amenaz\u00f3 a los  chicos que estaban bebiendo en la calle y agredi\u00f3 a varios de ellos, que  resultaron heridos. La Polic\u00eda Metropolitana de Londres ha descartado que la  agresi\u00f3n sea un ajuste de cuentas entre bandas rivales. <br \/>&#13;<br \/>\n  <br \/>&#13;<br \/>\n  Esta muerte eleva el  n\u00famero de adolescentes asesinados en Reino Unido a 28, diez de ellos por arma  blanca.<br \/>&#13;<br \/>\n  <br \/>&#13;<br \/>\n  Aunque la participaci\u00f3n de Knox en  la pel\u00edcula del famoso mago adolescente era peque\u00f1a, la productora de la saga,  Warner Brothers, ha emitido un comunicado en el que expresa sus condolencias a  la familia del actor y reconoce que la noticia ha causado conmoci\u00f3n en la  compa\u00f1\u00eda.<\/p>\n<p>&#13;<\/p>\n<h6> 2008-05-26 01:18:20 <\/h6>\n<p><!--\n<link rel=\"stylesheet\" href=\"css\/bootstrap.min.css\">\n\n\n<ul class=\"pagination\">\n\t    \n\t\n\n<li >\n\t<a href='?page_no=21431'>Previous<\/a>\n\t<\/li>\n\n\n       \n    \n\n<li><a href='?page_no=1'>1<\/a><\/li>\n\n\n\n<li><a href='?page_no=2'>2<\/a><\/li>\n\n\n\n<li><a>...<\/a><\/li>\n\n\n\n<li><a href='?page_no=21430'>21430<\/a><\/li>\n\n\n\n<li><a href='?page_no=21431'>21431<\/a><\/li>\n\n\n\n<li class='active'><a>21432<\/a><\/li>\n\n\n\n<li><a href='?page_no=21433'>21433<\/a><\/li>\n\n\n\n<li><a href='?page_no=21434'>21434<\/a><\/li>\n\n\n\n<li><a>...<\/a><\/li>\n\n\n\n<li><a href='?page_no=22522'>22522<\/a><\/li>\n\n\n\n<li><a href='?page_no=22523'>22523<\/a><\/li>\n\n    \n\t\n\n<li >\n\t<a href='?page_no=21433'>Next<\/a>\n\t<\/li>\n\n\n    \n\n<li><a href='?page_no=22523'>Last &rsaquo;&rsaquo;<\/a><\/li>\n\n<\/ul>\n\n\n--><br \/>\n<\/body><\/p>\n","protected":false},"excerpt":{"rendered":"<p>Un actor de Harry Potter muere apu\u00f1alado en un bar londinense&#13; &#13; Robert Knox, de 18 a\u00f1os, ten\u00eda un peque\u00f1o papel en la nueva pel\u00edcula de la saga del mago adolescente &#13; &#13; AGENCIAS &#8211; Londres &#8211; 25\/05\/2008 &#13; Robert Knox, actor de 18 a\u00f1os que ha participado en la nueva pel\u00edcula de la saga [&hellip;]<\/p>\n","protected":false},"author":3,"featured_media":0,"comment_status":"open","ping_status":"open","sticky":false,"template":"","format":"standard","meta":{"footnotes":""},"categories":[25],"tags":[],"class_list":["post-92810","post","type-post","status-publish","format-standard","hentry","category-gente"],"_links":{"self":[{"href":"https:\/\/diariodominicano.com\/index.php?rest_route=\/wp\/v2\/posts\/92810","targetHints":{"allow":["GET"]}}],"collection":[{"href":"https:\/\/diariodominicano.com\/index.php?rest_route=\/wp\/v2\/posts"}],"about":[{"href":"https:\/\/diariodominicano.com\/index.php?rest_route=\/wp\/v2\/types\/post"}],"author":[{"embeddable":true,"href":"https:\/\/diariodominicano.com\/index.php?rest_route=\/wp\/v2\/users\/3"}],"replies":[{"embeddable":true,"href":"https:\/\/diariodominicano.com\/index.php?rest_route=%2Fwp%2Fv2%2Fcomments&post=92810"}],"version-history":[{"count":0,"href":"https:\/\/diariodominicano.com\/index.php?rest_route=\/wp\/v2\/posts\/92810\/revisions"}],"wp:attachment":[{"href":"https:\/\/diariodominicano.com\/index.php?rest_route=%2Fwp%2Fv2%2Fmedia&parent=92810"}],"wp:term":[{"taxonomy":"category","embeddable":true,"href":"https:\/\/diariodominicano.com\/index.php?rest_route=%2Fwp%2Fv2%2Fcategories&post=92810"},{"taxonomy":"post_tag","embeddable":true,"href":"https:\/\/diariodominicano.com\/index.php?rest_route=%2Fwp%2Fv2%2Ftags&post=92810"}],"curies":[{"name":"wp","href":"https:\/\/api.w.org\/{rel}","templated":true}]}}