{"id":92808,"date":"2008-05-26T01:35:17","date_gmt":"2008-05-26T01:35:17","guid":{"rendered":"http:\/\/diariodominicano.ddns.net\/?p=92808"},"modified":"2008-05-26T01:35:17","modified_gmt":"2008-05-26T01:35:17","slug":"inauguran-exposicion-sobre-detenidos-desaparecidos-en-america-latina","status":"publish","type":"post","link":"https:\/\/diariodominicano.com\/?p=92808","title":{"rendered":"Inauguran exposici\u00f3n sobre detenidos desaparecidos en Am\u00e9rica Latina"},"content":{"rendered":"<p><body><\/p>\n<p align=\"justify\"><span class=\"titulogrande1\">Inauguran exposici\u00f3n sobre detenidos desaparecidos en  Am\u00e9rica Latina <\/span><br \/>&#13;<br \/>\n  <br \/>&#13;<br \/>\n    <span class=\"text1noticias\">La muestra internacional permanecer\u00e1 abierta al p\u00fablico  hasta el 20 de julio pr\u00f3ximo. <br \/>&#13;<br \/>\n    <br \/>&#13;<br \/>\n  EFE <br \/>&#13;<br \/>\n  <br \/>&#13;<br \/>\n  Los Desaparecidos, una muestra art\u00edstica colectiva que  recoge obras de 25 creadores de Am\u00e9rica Latina sobre los miles de detenidos  desaparecidos durante las dictaduras militares en el subcontinente, abri\u00f3 sus  puertas hoy en el Centro de Formaci\u00f3n de la Cooperaci\u00f3n Espa\u00f1ola de Antigua.<br \/>&#13;<br \/>\n  <br \/>&#13;<br \/>\n  La muestra internacional, que permanecer\u00e1 abierta al p\u00fablico  hasta el 20 de julio pr\u00f3ximo, describe, a trav\u00e9s de diferentes expresiones  pict\u00f3ricas, el dolor y recogimiento de las sociedades latinoamericanas sobre el  sufrimiento generado por estas pr\u00e1cticas represivas ocurridas entre 1960 y  1995.<br \/>&#13;<br \/>\n  <br \/>&#13;<br \/>\n  La exposici\u00f3n es organizada por la Agencia Espa\u00f1ola de  Cooperaci\u00f3n Internacional (AECI), con el apoyo del Alto Comisionado de las  Naciones Unidas en Guatemala, la Fundaci\u00f3n Soros y las organizaciones no  gubernamentales Oxfam e Ibis, entre otras.<br \/>&#13;<br \/>\n  <br \/>&#13;<br \/>\n  M\u00e1s de 2.000 metros cuadrados del Centro de Formaci\u00f3n de la  Cooperaci\u00f3n Espa\u00f1ola en Guatemala, situado en el antiguo colegio de la Compa\u00f1\u00eda  de Jes\u00fas, en la colonial ciudad de Antigua, a unos 45 kil\u00f3metros al oeste de la  capital guatemalteca, han sido dispuestos para la exhibici\u00f3n de las m\u00e1s de 300  piezas que engloban la muestra.<br \/>&#13;<br \/>\n  <br \/>&#13;<br \/>\n  El embajador de Espa\u00f1a en Guatemala, Juan L\u00f3pez Doriga, dijo  durante el acto de inauguraci\u00f3n que han tenido inter\u00e9s en crear esta  exposici\u00f3n, porque en los \u00faltimos a\u00f1os han \u00abdesarrollado una especial  sensibilidad\u00bb con el tema de los derechos humanos.<br \/>&#13;<br \/>\n  <br \/>&#13;<br \/>\n\u00abEn Espa\u00f1a se violaron masivamente los derechos humanos  en el siglo pasado, y parte de esa historia est\u00e1 todav\u00eda por conocerse. La  historia de Guatemala y la de Espa\u00f1a se fundieron en un acontecimiento tr\u00e1gico  a finales de 1980, con la quema de la embajada de Espa\u00f1a (&#8230;) de ah\u00ed que nos  sintamos muy vinculados por esta raz\u00f3n a este pa\u00eds y a esta \u00e9poca\u00bb, se\u00f1al\u00f3  el diplom\u00e1tico.<br \/>&#13;<br \/>\n<br \/>&#13;<br \/>\nDecenas de artistas, intelectuales, activistas y estudiantes  guatemaltecos acudieron a la inauguraci\u00f3n de la muestra, la que, seg\u00fan  L\u00f3pezDoriga, servir\u00e1 para \u00abreflexionar sobre el legado y la herencia de  aquellos tr\u00e1gicos a\u00f1os\u00bb.<br \/>&#13;<br \/>\n<br \/>&#13;<br \/>\nLos Desaparecidos, un proyecto iniciado hace cuatro a\u00f1os por  la estadounidense Laurel Reuter, directora del Museo de Arte de Dakota del  Norte (EE.UU.), ha recorrido importantes salas de exposici\u00f3n en Nueva York,  Argentina, Chile, Per\u00fa y Uruguay.<br \/>&#13;<br \/>\n<br \/>&#13;<br \/>\nSe trata de propuestas pict\u00f3ricas de artistas argentinos,  uruguayos, venezolanos, chilenos, brasile\u00f1os, colombianos y guatemaltecos, que  por medio de sus obras exaltan la lucha de la sociedades de esos pa\u00edses por  encontrar a sus desaparecidos.<br \/>&#13;<br \/>\n<br \/>&#13;<br \/>\nLa exhibici\u00f3n \u00abLos Desaparecidos\u00bb coincidir\u00e1 con  la conmemoraci\u00f3n en Guatemala, el 21 de junio, del D\u00eda Nacional contra las  Desapariciones Forzadas, decretado por el Parlamento de este pa\u00eds en 1997.<br \/>&#13;<br \/>\n<br \/>&#13;<br \/>\nSeg\u00fan el informe de la Comisi\u00f3n de la Verdad, que investig\u00f3  las violaciones a los derechos humanos cometidas en Guatemala, m\u00e1s de 45.000  personas fueron desaparecidas en este pa\u00eds durante la guerra interna que  padeci\u00f3 entre 1960 y 1996.<\/span><\/p>\n<p>&#13;<\/p>\n<h6> 2008-05-26 01:35:17 <\/h6>\n<p><!--\n<link rel=\"stylesheet\" href=\"css\/bootstrap.min.css\">\n\n\n<ul class=\"pagination\">\n\t    \n\t\n\n<li >\n\t<a href='?page_no=21429'>Previous<\/a>\n\t<\/li>\n\n\n       \n    \n\n<li><a href='?page_no=1'>1<\/a><\/li>\n\n\n\n<li><a href='?page_no=2'>2<\/a><\/li>\n\n\n\n<li><a>...<\/a><\/li>\n\n\n\n<li><a href='?page_no=21428'>21428<\/a><\/li>\n\n\n\n<li><a href='?page_no=21429'>21429<\/a><\/li>\n\n\n\n<li class='active'><a>21430<\/a><\/li>\n\n\n\n<li><a href='?page_no=21431'>21431<\/a><\/li>\n\n\n\n<li><a href='?page_no=21432'>21432<\/a><\/li>\n\n\n\n<li><a>...<\/a><\/li>\n\n\n\n<li><a href='?page_no=22522'>22522<\/a><\/li>\n\n\n\n<li><a href='?page_no=22523'>22523<\/a><\/li>\n\n    \n\t\n\n<li >\n\t<a href='?page_no=21431'>Next<\/a>\n\t<\/li>\n\n\n    \n\n<li><a href='?page_no=22523'>Last &rsaquo;&rsaquo;<\/a><\/li>\n\n<\/ul>\n\n\n--><br \/>\n<\/body><\/p>\n","protected":false},"excerpt":{"rendered":"<p>Inauguran exposici\u00f3n sobre detenidos desaparecidos en Am\u00e9rica Latina &#13; &#13; La muestra internacional permanecer\u00e1 abierta al p\u00fablico hasta el 20 de julio pr\u00f3ximo. &#13; &#13; EFE &#13; &#13; Los Desaparecidos, una muestra art\u00edstica colectiva que recoge obras de 25 creadores de Am\u00e9rica Latina sobre los miles de detenidos desaparecidos durante las dictaduras militares en el [&hellip;]<\/p>\n","protected":false},"author":3,"featured_media":0,"comment_status":"open","ping_status":"open","sticky":false,"template":"","format":"standard","meta":{"footnotes":""},"categories":[25],"tags":[],"class_list":["post-92808","post","type-post","status-publish","format-standard","hentry","category-gente"],"_links":{"self":[{"href":"https:\/\/diariodominicano.com\/index.php?rest_route=\/wp\/v2\/posts\/92808","targetHints":{"allow":["GET"]}}],"collection":[{"href":"https:\/\/diariodominicano.com\/index.php?rest_route=\/wp\/v2\/posts"}],"about":[{"href":"https:\/\/diariodominicano.com\/index.php?rest_route=\/wp\/v2\/types\/post"}],"author":[{"embeddable":true,"href":"https:\/\/diariodominicano.com\/index.php?rest_route=\/wp\/v2\/users\/3"}],"replies":[{"embeddable":true,"href":"https:\/\/diariodominicano.com\/index.php?rest_route=%2Fwp%2Fv2%2Fcomments&post=92808"}],"version-history":[{"count":0,"href":"https:\/\/diariodominicano.com\/index.php?rest_route=\/wp\/v2\/posts\/92808\/revisions"}],"wp:attachment":[{"href":"https:\/\/diariodominicano.com\/index.php?rest_route=%2Fwp%2Fv2%2Fmedia&parent=92808"}],"wp:term":[{"taxonomy":"category","embeddable":true,"href":"https:\/\/diariodominicano.com\/index.php?rest_route=%2Fwp%2Fv2%2Fcategories&post=92808"},{"taxonomy":"post_tag","embeddable":true,"href":"https:\/\/diariodominicano.com\/index.php?rest_route=%2Fwp%2Fv2%2Ftags&post=92808"}],"curies":[{"name":"wp","href":"https:\/\/api.w.org\/{rel}","templated":true}]}}