{"id":92805,"date":"2008-05-26T18:18:04","date_gmt":"2008-05-26T18:18:04","guid":{"rendered":"http:\/\/diariodominicano.ddns.net\/?p=92805"},"modified":"2008-05-26T18:18:04","modified_gmt":"2008-05-26T18:18:04","slug":"christina-ricci-habria-recaido-en-la-anorexia","status":"publish","type":"post","link":"https:\/\/diariodominicano.com\/?p=92805","title":{"rendered":"Christina Ricci habr\u00eda reca\u00eddo en la anorexia"},"content":{"rendered":"<p><body><\/p>\n<p align=\"justify\"><span class=\"titulogrande1\">Christina Ricci habr\u00eda reca\u00eddo en la anorexia <\/span><br \/>&#13;<br \/>\n  <br \/>&#13;<br \/>\n    <span class=\"text1noticias\">La actriz, de 28 a\u00f1os, estuvo enferma en su adolescencia,  pero \u00faltimamente se ha visto en estado de extrema delgadez. <\/span><\/p>\n<p>&#13;<\/p>\n<p align=\"justify\" class=\"text1noticias\"><img loading=\"lazy\" decoding=\"async\" src=\"http:\/\/localhost:8080\/gente\/img\/anorexica.jpg\" width=\"375\" height=\"270\" hspace=\"4\" align=\"left\" \/>La actriz Christina Ricci, de 28 a\u00f1os, ha sido fotografiada  m\u00e1s delgada que nunca caminando por las calles de Beverly hills, seg\u00fan publica  este s\u00e1bado Daily Mail.<br \/>&#13;<br \/>\n  <br \/>&#13;<br \/>\n  La joven, que salt\u00f3 a la fama como\u00a0parte de la familia  de Los Locos\u00a0Adams, ha sido sincera reconociendo la batalla que tuvo  que\u00a0vivir contra sus trastornos alimenticios, aunque ha precisado que  enamorarse le ayud\u00f3 a superar la anorexia.<br \/>&#13;<br \/>\n  <br \/>&#13;<br \/>\n  Ricci ha confesado que alguna vez sinti\u00f3 la presi\u00f3n que  sienten las actrices de Hollywood por logar una delgadez perfecta.<br \/>&#13;<br \/>\n  <br \/> &#13;<br \/>\n  Mientras  tanto, la actriz contin\u00faa su carrera. <br \/>&#13;<br \/>\n  <br \/>&#13;<br \/>\n  Recientemente ha participado en el film  Speed Racer, y pr\u00f3ximamente protagonizar\u00e1 un drama titulado Long time Gone  alongside.<br \/>&#13;<br \/>\n  <br \/>&#13;<br \/>\n  La actriz estadounidense Chrsitina Ricci indic\u00f3 que los problemas de  alimentaci\u00f3n que sufri\u00f3 durante su adolescencia los copi\u00f3 de programas de  televisi\u00f3n, como cintas donde se trataba el tema de la anorexia. <br \/>&#13;<br \/>\n  <br \/>&#13;<br \/>\n  Indic\u00f3 que una  de las cintas que m\u00e1s marc\u00f3 esta etapa, la observ\u00f3 a trav\u00e9s de las pantallas de  HBO, se\u00f1al que se emite en Chile a trav\u00e9s del cable.<br \/>&#13;<br \/>\n  <br \/>&#13;<br \/>\n  Fuente: La Tercera de Chile<\/p>\n<p>&#13;<\/p>\n<h6> 2008-05-26 18:18:04 <\/h6>\n<p><!--\n<link rel=\"stylesheet\" href=\"css\/bootstrap.min.css\">\n\n\n<ul class=\"pagination\">\n\t    \n\t\n\n<li >\n\t<a href='?page_no=21426'>Previous<\/a>\n\t<\/li>\n\n\n       \n    \n\n<li><a href='?page_no=1'>1<\/a><\/li>\n\n\n\n<li><a href='?page_no=2'>2<\/a><\/li>\n\n\n\n<li><a>...<\/a><\/li>\n\n\n\n<li><a href='?page_no=21425'>21425<\/a><\/li>\n\n\n\n<li><a href='?page_no=21426'>21426<\/a><\/li>\n\n\n\n<li class='active'><a>21427<\/a><\/li>\n\n\n\n<li><a href='?page_no=21428'>21428<\/a><\/li>\n\n\n\n<li><a href='?page_no=21429'>21429<\/a><\/li>\n\n\n\n<li><a>...<\/a><\/li>\n\n\n\n<li><a href='?page_no=22522'>22522<\/a><\/li>\n\n\n\n<li><a href='?page_no=22523'>22523<\/a><\/li>\n\n    \n\t\n\n<li >\n\t<a href='?page_no=21428'>Next<\/a>\n\t<\/li>\n\n\n    \n\n<li><a href='?page_no=22523'>Last &rsaquo;&rsaquo;<\/a><\/li>\n\n<\/ul>\n\n\n--><br \/>\n<\/body><\/p>\n","protected":false},"excerpt":{"rendered":"<p>Christina Ricci habr\u00eda reca\u00eddo en la anorexia &#13; &#13; La actriz, de 28 a\u00f1os, estuvo enferma en su adolescencia, pero \u00faltimamente se ha visto en estado de extrema delgadez. &#13; La actriz Christina Ricci, de 28 a\u00f1os, ha sido fotografiada m\u00e1s delgada que nunca caminando por las calles de Beverly hills, seg\u00fan publica este s\u00e1bado [&hellip;]<\/p>\n","protected":false},"author":3,"featured_media":0,"comment_status":"open","ping_status":"open","sticky":false,"template":"","format":"standard","meta":{"footnotes":""},"categories":[25],"tags":[],"class_list":["post-92805","post","type-post","status-publish","format-standard","hentry","category-gente"],"_links":{"self":[{"href":"https:\/\/diariodominicano.com\/index.php?rest_route=\/wp\/v2\/posts\/92805","targetHints":{"allow":["GET"]}}],"collection":[{"href":"https:\/\/diariodominicano.com\/index.php?rest_route=\/wp\/v2\/posts"}],"about":[{"href":"https:\/\/diariodominicano.com\/index.php?rest_route=\/wp\/v2\/types\/post"}],"author":[{"embeddable":true,"href":"https:\/\/diariodominicano.com\/index.php?rest_route=\/wp\/v2\/users\/3"}],"replies":[{"embeddable":true,"href":"https:\/\/diariodominicano.com\/index.php?rest_route=%2Fwp%2Fv2%2Fcomments&post=92805"}],"version-history":[{"count":0,"href":"https:\/\/diariodominicano.com\/index.php?rest_route=\/wp\/v2\/posts\/92805\/revisions"}],"wp:attachment":[{"href":"https:\/\/diariodominicano.com\/index.php?rest_route=%2Fwp%2Fv2%2Fmedia&parent=92805"}],"wp:term":[{"taxonomy":"category","embeddable":true,"href":"https:\/\/diariodominicano.com\/index.php?rest_route=%2Fwp%2Fv2%2Fcategories&post=92805"},{"taxonomy":"post_tag","embeddable":true,"href":"https:\/\/diariodominicano.com\/index.php?rest_route=%2Fwp%2Fv2%2Ftags&post=92805"}],"curies":[{"name":"wp","href":"https:\/\/api.w.org\/{rel}","templated":true}]}}